{"id":13078,"date":"2013-01-21T09:09:48","date_gmt":"2013-01-21T12:09:48","guid":{"rendered":"http:\/\/www.24baires.com\/?p=13078"},"modified":"2013-01-21T20:16:37","modified_gmt":"2013-01-21T23:16:37","slug":"santo-capitalismo-batman-remataron-el-primer-batimovil","status":"publish","type":"post","link":"https:\/\/www.24baires.com\/?p=13078","title":{"rendered":"\u00a1Santo Capitalismo Batman! Remataron el primer Batim\u00f3vil"},"content":{"rendered":"<p style=\"text-align: center;\"><a href=\"http:\/\/www.24baires.com\/sociedad\/13078-santo-capitalismo-batman-remataron-el-primer-batimovil\/attachment\/batimovil\/\" rel=\"attachment wp-att-13079\"><img data-recalc-dims=\"1\" loading=\"lazy\" decoding=\"async\" class=\"aligncenter  wp-image-13079\" alt=\"batimovil\" src=\"https:\/\/i0.wp.com\/www.24baires.com\/wp-content\/uploads\/2013\/01\/batimovil.jpg?resize=560%2C375\" width=\"560\" height=\"375\" \/><\/a><\/p>\n<p>El Batim\u00f3vil usado en la serie de TV \u00abBatman\u00bb, a mediados de la d\u00e9cada del 60, bati\u00f3 r\u00e9cord de subastas en materia de veh\u00edculos usados en cine o televisi\u00f3n.<!--more--><\/p>\n<p>La cifra pagada por el Ford Futura de 1955, negro y con vivos rojos, retocado por el dise\u00f1ador George Barris, supera al r\u00e9cord 2,98 millones de d\u00f3lares del Ashton Martin de James Bond, manejado por Sean Connery en el filme \u201cGolfinger!\u201d (1964) .<\/p>\n<p>El veh\u00edculo, hasta el s\u00e1bado propiedad del mismo Barris, es todo un \u00edcono vintage, y su ca\u00f1o de escape, que en la serie que emit\u00eda un fogonazo apenas arrancaba en la ultrasecreta Baticueva, con Adam West como el encapotado, un recuerdo imborrable.<\/p>\n<p>El adquirente, Rick Champagne, fue ovacionado por la multitud en la imponente subasta realizada este fin de semana en Arizonay recibi\u00f3 un caluroso abrazo de Barris, que luc\u00eda un conjunto negro con la inscripci\u00f3n del logotipo de la serie, tal como se la vio por las pantallas de televisi\u00f3n en 120 entregas entre 1966 y 1968.<\/p>\n<p>Las escenas del multitudinario remate fueron subidas al portal YouTube por varios fan\u00e1ticos presentes, y en ellas puede verse la nutrida concurrencia de un p\u00fablico que peina canas y vivi\u00f3 la nostalgia de la tarde de s\u00e1bado, la de una serie que fue pasi\u00f3n de chicos y grandes hace casi medio siglo.<\/p>\n<p>&nbsp;<\/p>\n<p>&nbsp;<\/p>\n<p>&nbsp;<\/p>\n<p>&nbsp;<\/p>\n","protected":false},"excerpt":{"rendered":"<p>El Batim\u00f3vil usado en la serie de TV \u00abBatman\u00bb, a mediados de la d\u00e9cada del 60, bati\u00f3 r\u00e9cord de subastas en materia de veh\u00edculos usados en cine o televisi\u00f3n.<\/p>\n","protected":false},"author":11,"featured_media":0,"comment_status":"open","ping_status":"open","sticky":false,"template":"","format":"standard","meta":{"_jetpack_newsletter_access":"","_jetpack_dont_email_post_to_subs":false,"_jetpack_newsletter_tier_id":0,"_jetpack_memberships_contains_paywalled_content":false,"_jetpack_memberships_contains_paid_content":false,"footnotes":""},"categories":[1],"tags":[],"class_list":["post-13078","post","type-post","status-publish","format-standard","hentry","category-sociedad"],"jetpack_featured_media_url":"","jetpack_shortlink":"https:\/\/wp.me\/p2JWE0-3oW","jetpack-related-posts":[{"id":31933,"url":"https:\/\/www.24baires.com\/?p=31933","url_meta":{"origin":13078,"position":0},"title":"Nuevamente la venta de autos usados se increment\u00f3 y marc\u00f3 un nuevo r\u00e9cord","author":"Grupo Sierra","date":"15\/09\/2013","format":false,"excerpt":"En lo que va del a\u00f1o, las ventas de autos usados aumentaron en comparaci\u00f3n con igual mes del a\u00f1o pasado, seg\u00fan confirm\u00f3 la C\u00e1mara del Comercio Automotor. En tanto, el acumulado de los ocho primeros meses del a\u00f1o registr\u00f3 un nuevo r\u00e9cord. Se logr\u00f3 un un total de 1.221.790 unidades\u2026","rel":"","context":"En \u00abEconom\u00eda\u00bb","block_context":{"text":"Econom\u00eda","link":"https:\/\/www.24baires.com\/?cat=45"},"img":{"alt_text":"","src":"","width":0,"height":0},"classes":[]},{"id":23325,"url":"https:\/\/www.24baires.com\/?p=23325","url_meta":{"origin":13078,"position":1},"title":"La venta de autos usados subi\u00f3 m\u00e1s del 25% respecto de 2012","author":"AF","date":"12\/05\/2013","format":false,"excerpt":"Las operaciones alcanzaron un nuevo r\u00e9cord hist\u00f3rico, lo que represent\u00f3 una mejora de 25,84 por ciento respecto a igual mes del a\u00f1o pasado, inform\u00f3 hoy la C\u00e1mara del Comercio Automotor (CCA). Los n\u00fameros de abril tambi\u00e9n aportaron a la construcci\u00f3n de otra marca m\u00e1xima, en este caso en el acumulado\u2026","rel":"","context":"En \u00abEconom\u00eda\u00bb","block_context":{"text":"Econom\u00eda","link":"https:\/\/www.24baires.com\/?cat=45"},"img":{"alt_text":"","src":"","width":0,"height":0},"classes":[]},{"id":38360,"url":"https:\/\/www.24baires.com\/?p=38360","url_meta":{"origin":13078,"position":2},"title":"Nuevo r\u00e9cord en las transferencias de autos usados","author":"GB","date":"12\/01\/2014","format":false,"excerpt":"La transferencia de 1.845.263 veh\u00edculos usados durante el pasado a\u00f1o, mostr\u00f3 un crecimiento de 5,15 por ciento respecto de la de 2012 y confirmaron las previsiones del presidente de la C\u00e1mara de Comercio Automotor(CCA) Alberto Pr\u00edncipe, de lograr un nuevo r\u00e9cord de ventas. \"Termin\u00f3 el a\u00f1o 2013 de acuerdo a\u2026","rel":"","context":"En \u00abEconom\u00eda\u00bb","block_context":{"text":"Econom\u00eda","link":"https:\/\/www.24baires.com\/?cat=45"},"img":{"alt_text":"autos usados","src":"https:\/\/i0.wp.com\/www.24baires.com\/wp-content\/uploads\/2013\/07\/autos-usados.jpg?resize=350%2C200","width":350,"height":200,"srcset":"https:\/\/i0.wp.com\/www.24baires.com\/wp-content\/uploads\/2013\/07\/autos-usados.jpg?resize=350%2C200 1x, https:\/\/i0.wp.com\/www.24baires.com\/wp-content\/uploads\/2013\/07\/autos-usados.jpg?resize=525%2C300 1.5x"},"classes":[]},{"id":30442,"url":"https:\/\/www.24baires.com\/?p=30442","url_meta":{"origin":13078,"position":3},"title":"Nuevo r\u00e9cord hist\u00f3rico en venta de autos usados durante Julio","author":"AF","date":"19\/08\/2013","format":false,"excerpt":"El fuerte crecimiento en las ventas, con 175.380 unidades transferidas, representa una mejora de 10,48 por ciento respecto de igual mes de 2012, seg\u00fan un informe elaborado por la C\u00e1mara de Comercio Automotor (CCA). \"Julio marc\u00f3 un nuevo r\u00e9cord hist\u00f3rico en transferencia de veh\u00edculos usados, en todas sus variables, y\u2026","rel":"","context":"En \u00abEconom\u00eda\u00bb","block_context":{"text":"Econom\u00eda","link":"https:\/\/www.24baires.com\/?cat=45"},"img":{"alt_text":"autos usados","src":"https:\/\/i0.wp.com\/www.24baires.com\/wp-content\/uploads\/2013\/07\/autos-usados.jpg?resize=350%2C200","width":350,"height":200,"srcset":"https:\/\/i0.wp.com\/www.24baires.com\/wp-content\/uploads\/2013\/07\/autos-usados.jpg?resize=350%2C200 1x, https:\/\/i0.wp.com\/www.24baires.com\/wp-content\/uploads\/2013\/07\/autos-usados.jpg?resize=525%2C300 1.5x"},"classes":[]},{"id":9338,"url":"https:\/\/www.24baires.com\/?p=9338","url_meta":{"origin":13078,"position":4},"title":"Bajaron las ventas de autos usados durante Noviembre","author":"AF","date":"16\/12\/2012","format":false,"excerpt":"En noviembre se comercializaron 142.511 unidades, por debajo de las 157.069 que se hab\u00edan comercializado en igual mes de 2011. De todos modos, desde la C\u00e1mara del Comercio Automotor, dicen que \"pese a las peque\u00f1as modificaciones de precios que van sufriendo los autos nuevos, que se trasladan tambi\u00e9n a los\u2026","rel":"","context":"En \u00abEconom\u00eda\u00bb","block_context":{"text":"Econom\u00eda","link":"https:\/\/www.24baires.com\/?cat=45"},"img":{"alt_text":"","src":"","width":0,"height":0},"classes":[]},{"id":26105,"url":"https:\/\/www.24baires.com\/?p=26105","url_meta":{"origin":13078,"position":5},"title":"Sigue imparable la venta de autos usados: fue r\u00e9cord en mayo","author":"Grupo Sierra","date":"16\/06\/2013","format":false,"excerpt":"Las operaciones registraron una nueva marca mensual r\u00e9cord, con 165.131 unidades, un 7,72 por ciento m\u00e1s que en igual per\u00edodo de 2012, inform\u00f3 hoy la C\u00e1mara del Comercio Automotor (CCA). \"El mes de mayo marc\u00f3 un nuevo r\u00e9cord hist\u00f3rico en transferencia de veh\u00edculos usados en todos sus variables, superando al\u2026","rel":"","context":"En \u00abEconom\u00eda\u00bb","block_context":{"text":"Econom\u00eda","link":"https:\/\/www.24baires.com\/?cat=45"},"img":{"alt_text":"","src":"","width":0,"height":0},"classes":[]}],"jetpack_sharing_enabled":true,"jetpack_likes_enabled":true,"_links":{"self":[{"href":"https:\/\/www.24baires.com\/index.php?rest_route=\/wp\/v2\/posts\/13078","targetHints":{"allow":["GET"]}}],"collection":[{"href":"https:\/\/www.24baires.com\/index.php?rest_route=\/wp\/v2\/posts"}],"about":[{"href":"https:\/\/www.24baires.com\/index.php?rest_route=\/wp\/v2\/types\/post"}],"author":[{"embeddable":true,"href":"https:\/\/www.24baires.com\/index.php?rest_route=\/wp\/v2\/users\/11"}],"replies":[{"embeddable":true,"href":"https:\/\/www.24baires.com\/index.php?rest_route=%2Fwp%2Fv2%2Fcomments&post=13078"}],"version-history":[{"count":3,"href":"https:\/\/www.24baires.com\/index.php?rest_route=\/wp\/v2\/posts\/13078\/revisions"}],"predecessor-version":[{"id":13082,"href":"https:\/\/www.24baires.com\/index.php?rest_route=\/wp\/v2\/posts\/13078\/revisions\/13082"}],"wp:attachment":[{"href":"https:\/\/www.24baires.com\/index.php?rest_route=%2Fwp%2Fv2%2Fmedia&parent=13078"}],"wp:term":[{"taxonomy":"category","embeddable":true,"href":"https:\/\/www.24baires.com\/index.php?rest_route=%2Fwp%2Fv2%2Fcategories&post=13078"},{"taxonomy":"post_tag","embeddable":true,"href":"https:\/\/www.24baires.com\/index.php?rest_route=%2Fwp%2Fv2%2Ftags&post=13078"}],"curies":[{"name":"wp","href":"https:\/\/api.w.org\/{rel}","templated":true}]}}