{"id":13069,"date":"2013-01-21T19:31:26","date_gmt":"2013-01-21T22:31:26","guid":{"rendered":"http:\/\/www.24baires.com\/?p=13069"},"modified":"2013-01-21T19:31:32","modified_gmt":"2013-01-21T22:31:32","slug":"el-afsca-inauguro-su-parador-en-mar-del-plata","status":"publish","type":"post","link":"https:\/\/www.24baires.com\/?p=13069","title":{"rendered":"El AFSCA inaugur\u00f3 su parador en Mar del Plata"},"content":{"rendered":"<p><a href=\"http:\/\/www.24baires.com\/sociedad\/13069-el-afsca-inauguro-su-parador-en-mar-del-plata\/attachment\/afsca-parador\/\" rel=\"attachment wp-att-13070\"><img data-recalc-dims=\"1\" loading=\"lazy\" decoding=\"async\" class=\"aligncenter size-full wp-image-13070\" alt=\"afsca parador\" src=\"https:\/\/i0.wp.com\/www.24baires.com\/wp-content\/uploads\/2013\/01\/afsca-parador.jpg?resize=560%2C219\" width=\"560\" height=\"219\" srcset=\"https:\/\/i0.wp.com\/www.24baires.com\/wp-content\/uploads\/2013\/01\/afsca-parador.jpg?w=560&amp;ssl=1 560w, https:\/\/i0.wp.com\/www.24baires.com\/wp-content\/uploads\/2013\/01\/afsca-parador.jpg?resize=300%2C117&amp;ssl=1 300w\" sizes=\"auto, (max-width: 560px) 100vw, 560px\" \/><\/a><\/p>\n<p>La Autoridad Federal de Servicios de Comunicaci\u00f3n Audiovisual (AFSCA) inaugur\u00f3 su stand en el Espacio Cultural \u201cInstituto Saturnino Unzu\u00e9\u201d de la ciudad de Mar del Plata, en el marco de la campa\u00f1a \u201cArgentina, el verano de un amor. M\u00e1s la conoc\u00e9s, m\u00e1s la quer\u00e9s\u201d del Gobierno Nacional.\u00a0<!--more--><\/p>\n<p>El espacio del Afsca consiste en una plaza recreativa tem\u00e1tica de 100 m2, con una serie de juegos y propuestas interactivas, entre las que se encuentran un gran memotest con los valores de la nueva ley de medios, bancos p\u00fablicos con la forma del signo m\u00e1s, un t\u00f3tem con datos importantes sobre el nuevo escenario comunicacional y una l\u00ednea de tiempo gigante que, de forma l\u00fadica, explica el proceso de sanci\u00f3n y aplicaci\u00f3n de la ley ( ver fotos )<\/p>\n<p>Tambi\u00e9n, siguiendo la l\u00ednea de los spots audiovisuales del Afsca, se invita al p\u00fablico a dejar postales con sugerencias de nuevos programas de radio y televisi\u00f3n, que luego se exhibir\u00e1n en una pizarra gigante como met\u00e1fora de la pluralidad de voces que se pone en marcha a partir de la aplicaci\u00f3n de la ley.<\/p>\n<p>\u201cArgentina, el verano de un amor. M\u00e1s la conoc\u00e9s, m\u00e1s la quer\u00e9s\u201d, se llevar\u00e1 a cabo durante los meses de enero y febrero en el Espacio Cultural \u201cInstituto Saturnino Unzu\u00e9\u201d, ubicado en la calle R\u00edo Negro al 500 y el Boulevard Peralta Ramos, ciudad de Mar del Plata. El predio permanecer\u00e1 abierto de martes a domingos a partir de las 14, con entrada libre y gratuita.<\/p>\n<p>Adem\u00e1s del stand del Afsca, en el Parque Unzu\u00e9 hay una feria de econom\u00eda social y un paseo de comidas llevado adelante por distintas cooperativas, el espacio Paka Paka, el de la agencia nacional de noticias T\u00e9lam, uno del Ministerio de Educaci\u00f3n, un cami\u00f3n del Ministerio del Interior para tr\u00e1mites y para la gesti\u00f3n del DNI, otro del ANSES y uno m\u00e1s del Ministerio de Desarrollo Social, un escenario para recitales y un anfiteatro.<\/p>\n<p>A su vez, en la playa, frente al Instituto, se brindar\u00e1n actividades deportivas, de integraci\u00f3n y de entretenimiento durante todo el verano.<\/p>\n<p>&nbsp;<\/p>\n<p>&nbsp;<\/p>\n","protected":false},"excerpt":{"rendered":"<p>La Autoridad Federal de Servicios de Comunicaci\u00f3n Audiovisual (AFSCA) inaugur\u00f3 su stand en el Espacio Cultural \u201cInstituto Saturnino Unzu\u00e9\u201d de la ciudad de Mar del Plata, en el marco de la campa\u00f1a \u201cArgentina, el verano de un amor. M\u00e1s la conoc\u00e9s, m\u00e1s la quer\u00e9s\u201d del Gobierno Nacional.\u00a0<\/p>\n","protected":false},"author":11,"featured_media":0,"comment_status":"open","ping_status":"open","sticky":false,"template":"","format":"standard","meta":{"_jetpack_newsletter_access":"","_jetpack_dont_email_post_to_subs":false,"_jetpack_newsletter_tier_id":0,"_jetpack_memberships_contains_paywalled_content":false,"_jetpack_memberships_contains_paid_content":false,"footnotes":""},"categories":[1],"tags":[],"class_list":["post-13069","post","type-post","status-publish","format-standard","hentry","category-sociedad"],"jetpack_featured_media_url":"","jetpack_shortlink":"https:\/\/wp.me\/p2JWE0-3oN","jetpack-related-posts":[{"id":37251,"url":"https:\/\/www.24baires.com\/?p=37251","url_meta":{"origin":13069,"position":0},"title":"El AFSCA y M\u00fasicos Independientes Organizados se unen en Mar del Plata","author":"Grupo Sierra","date":"21\/12\/2013","format":false,"excerpt":"El anuncio del acuerdo se hizo mediante una conferencia de prensa en la que participaron dirigentes de ambas instituciones. Fernando Araujo, coordinador de la Regi\u00f3n Mar del Plata del AFSCA y Fabio Tagliaferri, presidente de la organizaci\u00f3n M\u00fasicos Independientes Organizados, anunciaron las nuevas estrategias en conjunto para avanzar sobre la\u2026","rel":"","context":"En \u00abLocales\u00bb","block_context":{"text":"Locales","link":"https:\/\/www.24baires.com\/?cat=38"},"img":{"alt_text":"","src":"","width":0,"height":0},"classes":[]},{"id":49677,"url":"https:\/\/www.24baires.com\/?p=49677","url_meta":{"origin":13069,"position":1},"title":"Realizar\u00e1n en Mar del Plata el 2\u00ba encuentro de productoras audiovisuales comunitarias","author":"AF","date":"11\/07\/2014","format":false,"excerpt":"Mediante un comunicado se dio a conocer que la jornada dar\u00e1 comienzo el 19 de julio a las 9 y contar\u00e1 con talleres de capacitaci\u00f3n brindados por docentes de la Escuela Nacional de Experimentaci\u00f3n y Realizaci\u00f3n (Enerc) del Instituto Nacional de Cine y Artes Audiovisuales (Incaa). Esta nueva reuni\u00f3n de\u2026","rel":"","context":"En \u00abSociedad\u00bb","block_context":{"text":"Sociedad","link":"https:\/\/www.24baires.com\/?cat=1"},"img":{"alt_text":"AFSCA","src":"https:\/\/i0.wp.com\/www.24baires.com\/wp-content\/uploads\/2012\/11\/AFSCA.jpg?resize=350%2C200","width":350,"height":200},"classes":[]},{"id":40649,"url":"https:\/\/www.24baires.com\/?p=40649","url_meta":{"origin":13069,"position":2},"title":"Con la Ley o sin ella, todo sigue igual en los medios de Mar del Plata","author":"Grupo Sierra","date":"18\/02\/2014","format":false,"excerpt":"MAR DEL PLATA- Durante la jornada de este lunes, la Autoridad Federal de Servicios de Comunicaci\u00f3n Audiovisual (Afsca) aprob\u00f3 el plan de readecuaci\u00f3n propuesto por el Multimedios La Capital, propiedad de Florencio Aldrey Iglesias. En resumen, todo sigue igual: las licencias excedentes se repartieron entre amigos, familiares y empleados. La\u2026","rel":"","context":"En \u00abLocales\u00bb","block_context":{"text":"Locales","link":"https:\/\/www.24baires.com\/?cat=38"},"img":{"alt_text":"Aldrey 1","src":"https:\/\/i0.wp.com\/www.24baires.com\/wp-content\/uploads\/2014\/02\/Aldrey-1.jpg?resize=350%2C200","width":350,"height":200,"srcset":"https:\/\/i0.wp.com\/www.24baires.com\/wp-content\/uploads\/2014\/02\/Aldrey-1.jpg?resize=350%2C200 1x, https:\/\/i0.wp.com\/www.24baires.com\/wp-content\/uploads\/2014\/02\/Aldrey-1.jpg?resize=525%2C300 1.5x"},"classes":[]},{"id":5340,"url":"https:\/\/www.24baires.com\/?p=5340","url_meta":{"origin":13069,"position":3},"title":"Foro Popular sobre la Ley de Medios en Mar del Plata","author":"Grupo Sierra","date":"13\/11\/2012","format":false,"excerpt":"Tal como se vienen realizando en todos los rincones del pa\u00eds, este mi\u00e9rcoles en la ciudad balnearia se realizar\u00e1 otro Foro de cara al denominado 7D. \u00a0 El Foro Popular sobre la Ley de Medios en Mar del Plata por la aplicaci\u00f3n de la ley se realizar\u00e1 este Mi\u00e9rcoles 14,\u2026","rel":"","context":"En \u00abMedios\u00bb","block_context":{"text":"Medios","link":"https:\/\/www.24baires.com\/?cat=54"},"img":{"alt_text":"","src":"","width":0,"height":0},"classes":[]},{"id":77995,"url":"https:\/\/www.24baires.com\/?p=77995","url_meta":{"origin":13069,"position":4},"title":"Mar del Plata: Justicia fall\u00f3 en contra del DNU de Macri para eliminar la AFSCA","author":"GB","date":"22\/01\/2016","format":false,"excerpt":"As\u00ed lo determin\u00f3 la justicia de la C\u00e1mara Federal de Mar del Plata y advirti\u00f3 que \"la entidad de los derechos constitucionales\" violados por los decretos presidenciales \"ameritan la apertura de la v\u00eda del amparo\". El decreto de Mauricio Macri que pidi\u00f3 la disoluci\u00f3n de la Autoridad Federal de Servicios\u2026","rel":"","context":"En \u00abMedios\u00bb","block_context":{"text":"Medios","link":"https:\/\/www.24baires.com\/?cat=54"},"img":{"alt_text":"afsca cordoba","src":"https:\/\/i0.wp.com\/www.24baires.com\/wp-content\/uploads\/2013\/02\/afsca-cordoba.jpg?resize=350%2C200","width":350,"height":200,"srcset":"https:\/\/i0.wp.com\/www.24baires.com\/wp-content\/uploads\/2013\/02\/afsca-cordoba.jpg?resize=350%2C200 1x, https:\/\/i0.wp.com\/www.24baires.com\/wp-content\/uploads\/2013\/02\/afsca-cordoba.jpg?resize=525%2C300 1.5x"},"classes":[]},{"id":66962,"url":"https:\/\/www.24baires.com\/?p=66962","url_meta":{"origin":13069,"position":5},"title":"An\u00edbal critic\u00f3 a la Corte por beneficiar una vez m\u00e1s a Cablevisi\u00f3n","author":"GB","date":"03\/06\/2015","format":false,"excerpt":"El jefe de Gabinete fustig\u00f3 al m\u00e1ximo tribunal por confirmar una medida cautelar de la Justicia de Mar del Plata que no permite a la AFSCA aplicar sanciones a la empresa del Grupo Clar\u00edn por no cumplir con el ordenamiento de la grilla. \"Le impiden al Ejecutivo gobernar. Volvemos al\u2026","rel":"","context":"En \u00abPol\u00edtica\u00bb","block_context":{"text":"Pol\u00edtica","link":"https:\/\/www.24baires.com\/?cat=51"},"img":{"alt_text":"anibal conferencia","src":"https:\/\/i0.wp.com\/www.24baires.com\/wp-content\/uploads\/2015\/04\/anibal-conferencia.jpg?resize=350%2C200","width":350,"height":200,"srcset":"https:\/\/i0.wp.com\/www.24baires.com\/wp-content\/uploads\/2015\/04\/anibal-conferencia.jpg?resize=350%2C200 1x, https:\/\/i0.wp.com\/www.24baires.com\/wp-content\/uploads\/2015\/04\/anibal-conferencia.jpg?resize=525%2C300 1.5x"},"classes":[]}],"jetpack_sharing_enabled":true,"jetpack_likes_enabled":true,"_links":{"self":[{"href":"https:\/\/www.24baires.com\/index.php?rest_route=\/wp\/v2\/posts\/13069","targetHints":{"allow":["GET"]}}],"collection":[{"href":"https:\/\/www.24baires.com\/index.php?rest_route=\/wp\/v2\/posts"}],"about":[{"href":"https:\/\/www.24baires.com\/index.php?rest_route=\/wp\/v2\/types\/post"}],"author":[{"embeddable":true,"href":"https:\/\/www.24baires.com\/index.php?rest_route=\/wp\/v2\/users\/11"}],"replies":[{"embeddable":true,"href":"https:\/\/www.24baires.com\/index.php?rest_route=%2Fwp%2Fv2%2Fcomments&post=13069"}],"version-history":[{"count":4,"href":"https:\/\/www.24baires.com\/index.php?rest_route=\/wp\/v2\/posts\/13069\/revisions"}],"predecessor-version":[{"id":13074,"href":"https:\/\/www.24baires.com\/index.php?rest_route=\/wp\/v2\/posts\/13069\/revisions\/13074"}],"wp:attachment":[{"href":"https:\/\/www.24baires.com\/index.php?rest_route=%2Fwp%2Fv2%2Fmedia&parent=13069"}],"wp:term":[{"taxonomy":"category","embeddable":true,"href":"https:\/\/www.24baires.com\/index.php?rest_route=%2Fwp%2Fv2%2Fcategories&post=13069"},{"taxonomy":"post_tag","embeddable":true,"href":"https:\/\/www.24baires.com\/index.php?rest_route=%2Fwp%2Fv2%2Ftags&post=13069"}],"curies":[{"name":"wp","href":"https:\/\/api.w.org\/{rel}","templated":true}]}}