{"id":13051,"date":"2013-01-21T16:24:20","date_gmt":"2013-01-21T19:24:20","guid":{"rendered":"http:\/\/www.24baires.com\/?p=13051"},"modified":"2013-01-22T11:16:52","modified_gmt":"2013-01-22T14:16:52","slug":"denuncian-que-amenazaron-de-muerte-a-susana-trimarco-por-telefono","status":"publish","type":"post","link":"https:\/\/www.24baires.com\/?p=13051","title":{"rendered":"Denuncian que amenazaron de muerte a Susana Trimarco por tel\u00e9fono"},"content":{"rendered":"<p style=\"text-align: center;\"><a href=\"http:\/\/www.24baires.com\/sociedad\/13051-denuncian-que-amenazaron-de-muerte-a-susana-trimarco-por-telefono\/attachment\/trimarco-susana\/\" rel=\"attachment wp-att-13052\"><img data-recalc-dims=\"1\" loading=\"lazy\" decoding=\"async\" class=\"aligncenter  wp-image-13052\" alt=\"trimarco susana\" src=\"https:\/\/i0.wp.com\/www.24baires.com\/wp-content\/uploads\/2013\/01\/trimarco-susana.jpg?resize=560%2C450\" width=\"560\" height=\"450\" \/><\/a><\/p>\n<p>La madre de Marita Ver\u00f3n, Susana Trimarco fue amenazada de muerte a trav\u00e9s de llamados\u00a0telef\u00f3nicos\u00a0an\u00f3nimos, seg\u00fan denunciaron hoy los abogados de la Fundaci\u00f3n Mar\u00eda de los \u00c1ngeles que vinculan el caso a una interna policial.<!--more--><\/p>\n<p>Las amenazas fueron realizadas durante el fin de semana y se conocieron hoy a partir de la denuncia realizada por Carlos Garmendia, abogado de la Fundaci\u00f3n que preside la madre de la joven tucumana desaparecida hace m\u00e1s de 10 a\u00f1os.<\/p>\n<p>\u00abLlamaron a su casa el s\u00e1bado, cuando Susana estaba viajando a Simoca para ir al cementerio donde est\u00e1 enterrado su esposo, Daniel Ver\u00f3n\u00bb, le dijo Garmendia a T\u00e9lam.<\/p>\n<p>Seg\u00fan Garmendia, el llamado fue atendido por otra persona, a quien le dijeron que Susana no se tiene que meter con el jefe de Polic\u00eda, Jorge Racedo.<\/p>\n<p>Posteriormente hubo otro llamado, esta vez al celular de Trimarco, quien al atender recibi\u00f3 un insulto y le advirtieron que no se metiera con Racedo.<\/p>\n<p>Un tercer llamado se produjo luego a la casa y esta vez advirtieron que Trimarco hab\u00eda sido secuestrada, lo que no era cierto.<\/p>\n<p>De inmediato, los abogados realizaron la denuncia policial correspondiente y se comunicaron con el ministro de Seguridad Ciudadana, Jorge Gassenbauer, para informarle lo sucedido.<\/p>\n<p>\u201cA Susana la llamaron el ministro Gassenbauer y el gobernador (Jos\u00e9 Alperovich) para darle su apoyo y garantizarle la seguridad, tanto a ella como a su familia, y tambi\u00e9n se hizo presente en su casa el propio Racedo\u201d, acot\u00f3 el letrado.<\/p>\n<p>\u00abEsto forma parte de pelea entre sectores corruptos de la fuerza, que no quieren que se profundice el trabajo que est\u00e1 realizando Racedo contra la trata de personas\u201d, afirm\u00f3 el abogado en di\u00e1logo con T\u00e9lam.<\/p>\n<p>El abogado record\u00f3 que en los \u00faltimos d\u00edas \u201cse allanaron varios prost\u00edbulos y el Jefe de Polic\u00eda advirti\u00f3 que est\u00e1 totalmente dispuesto a seguir adelante, lo que seguramente molesta a un sector que ve que sus oscuros intereses corren peligro\u201d.<\/p>\n<p>\u201cRacedo sac\u00f3 a los corruptos de la fuerza, avanza contra los prost\u00edbulos y la trata, por lo que vemos claramente que estas amenazas apuntan a desprestigiar al jefe de la Polic\u00eda, que est\u00e1 haciendo un gran trabajo y tiene nuestro respaldo\u00bb, a\u00f1adi\u00f3 Gramendia.<\/p>\n<p>Racedo, por su parte, inform\u00f3 que \u00abpor pedido del gobernador Alperovich y del ministro Gassenbauer me puse a disposici\u00f3n de Trimarco\u00bb.<\/p>\n<p>El jefe policial coincidi\u00f3 con Gramendia al sostener que \u00abalguien quiere enfrentarme con Trimarco porque estamos trabajando en forma conjunta para cumplir con la ley de Prost\u00edbulo Cero que existe en la provincia\u00bb.<\/p>\n<p>Consultado por T\u00e9lam, Racedo record\u00f3 que el a\u00f1o pasado hicieron \u00abm\u00e1s de 60 allanamientos a prost\u00edbulos y este a\u00f1o seguimos con ese trabajo\u00bb.<\/p>\n<p>&nbsp;<\/p>\n<p>&nbsp;<\/p>\n<p>&nbsp;<\/p>\n<p>&nbsp;<\/p>\n<p>&nbsp;<\/p>\n<p>&nbsp;<\/p>\n<p>&nbsp;<\/p>\n<p>&nbsp;<\/p>\n<p>&nbsp;<\/p>\n<p>&nbsp;<\/p>\n<p>&nbsp;<\/p>\n<p>&nbsp;<\/p>\n<p>&nbsp;<\/p>\n<p>&nbsp;<\/p>\n<p>&nbsp;<\/p>\n<p>&nbsp;<\/p>\n<p>&nbsp;<\/p>\n<p>&nbsp;<\/p>\n<p>&nbsp;<\/p>\n<p>&nbsp;<\/p>\n","protected":false},"excerpt":{"rendered":"<p>La madre de Marita Ver\u00f3n, Susana Trimarco fue amenazada de muerte a trav\u00e9s de llamados\u00a0telef\u00f3nicos\u00a0an\u00f3nimos, seg\u00fan denunciaron hoy los abogados de la Fundaci\u00f3n Mar\u00eda de los \u00c1ngeles que vinculan el caso a una interna policial.<\/p>\n","protected":false},"author":11,"featured_media":0,"comment_status":"open","ping_status":"open","sticky":false,"template":"","format":"standard","meta":{"_jetpack_newsletter_access":"","_jetpack_dont_email_post_to_subs":false,"_jetpack_newsletter_tier_id":0,"_jetpack_memberships_contains_paywalled_content":false,"_jetpack_memberships_contains_paid_content":false,"footnotes":""},"categories":[1],"tags":[],"class_list":["post-13051","post","type-post","status-publish","format-standard","hentry","category-sociedad"],"jetpack_featured_media_url":"","jetpack_shortlink":"https:\/\/wp.me\/p2JWE0-3ov","jetpack-related-posts":[{"id":14307,"url":"https:\/\/www.24baires.com\/?p=14307","url_meta":{"origin":13051,"position":0},"title":"Susana Trimarco reiter\u00f3 el pedido de Jury a los Jueces del caso Marita Ver\u00f3n","author":"AF","date":"01\/02\/2013","format":false,"excerpt":"Susana Trimarco dijo que pedir\u00e1 la destituci\u00f3n de los jueces de Tucum\u00e1n que absolvieron a los 13 imputados en el juicio por la desaparici\u00f3n de su hija, Marita Ver\u00f3n, y denunci\u00f3 que la amenazaron con \"secuestrar y matar\" a su nieta Micaela. \"Estoy tan acostumbrada a las amenazas que no\u2026","rel":"","context":"En \u00abSociedad\u00bb","block_context":{"text":"Sociedad","link":"https:\/\/www.24baires.com\/?cat=1"},"img":{"alt_text":"","src":"","width":0,"height":0},"classes":[]},{"id":14224,"url":"https:\/\/www.24baires.com\/?p=14224","url_meta":{"origin":13051,"position":1},"title":"Caso Marita Ver\u00f3n: Ampliar\u00e1n las denuncias y pedir\u00e1n la destituci\u00f3n de los jueces","author":"Grupo Sierra","date":"31\/01\/2013","format":false,"excerpt":"Los abogados de Susana Trimarco ratificar\u00e1n y ampliar\u00e1n este viernes el pedido de destituci\u00f3n presentado contra los integrantes del tribunal que absolvi\u00f3 a todos los imputados en el juicio por la desaparici\u00f3n de Marita Ver\u00f3n. Los abogados ampliar\u00e1n la denuncia contra los jueces luego de analizar los fundamentos del fallo\u2026","rel":"","context":"En \u00abSociedad\u00bb","block_context":{"text":"Sociedad","link":"https:\/\/www.24baires.com\/?cat=1"},"img":{"alt_text":"","src":"","width":0,"height":0},"classes":[]},{"id":43467,"url":"https:\/\/www.24baires.com\/?p=43467","url_meta":{"origin":13051,"position":2},"title":"Marita Ver\u00f3n: prisi\u00f3n domiciliaria para los imputados hasta que se dicte el fallo","author":"GB","date":"07\/04\/2014","format":false,"excerpt":"El tribunal designado para establecer la condena de los diez acusados por el secuestro y desaparici\u00f3n de Marita Ver\u00f3n orden\u00f3 la prisi\u00f3n domiciliaria de los imputados, mientras que los fiscales y los abogados de la madre de la v\u00edctima, Susana Trimarco, pidieron penas de hasta 25 a\u00f1os con cumplimiento efectivo\u2026","rel":"","context":"En \u00abJUDICIALES\u00bb","block_context":{"text":"JUDICIALES","link":"https:\/\/www.24baires.com\/?cat=68"},"img":{"alt_text":"susana trimarco","src":"https:\/\/i0.wp.com\/www.24baires.com\/wp-content\/uploads\/2013\/01\/susana-trimarco-300x180.jpg?resize=350%2C200","width":350,"height":200},"classes":[]},{"id":43415,"url":"https:\/\/www.24baires.com\/?p=43415","url_meta":{"origin":13051,"position":3},"title":"Pedir\u00e1n 25 a\u00f1os de c\u00e1rcel para los acusados por el secuestro de Marita Ver\u00f3n","author":"Grupo Sierra","date":"06\/04\/2014","format":false,"excerpt":"Carlos Garmendia, abogado de Susana Trimarco, anunci\u00f3 que solicitar\u00e1 \"el m\u00e1ximo de la pena, que es de 25 a\u00f1os\", para los diez acusados de haber secuestrado a Marita Ver\u00f3n hace 12 a\u00f1os. \"Esperamos que la fiscal\u00eda pida lo mismo y que por fin se haga justicia\", dijo. \"Esperamos que la\u2026","rel":"","context":"En \u00abJUDICIALES\u00bb","block_context":{"text":"JUDICIALES","link":"https:\/\/www.24baires.com\/?cat=68"},"img":{"alt_text":"marita ver\u00f3n2","src":"https:\/\/i0.wp.com\/www.24baires.com\/wp-content\/uploads\/2013\/04\/marita-ver%C3%B3n2.jpg?resize=350%2C200","width":350,"height":200,"srcset":"https:\/\/i0.wp.com\/www.24baires.com\/wp-content\/uploads\/2013\/04\/marita-ver%C3%B3n2.jpg?resize=350%2C200 1x, https:\/\/i0.wp.com\/www.24baires.com\/wp-content\/uploads\/2013\/04\/marita-ver%C3%B3n2.jpg?resize=525%2C300 1.5x"},"classes":[]},{"id":10609,"url":"https:\/\/www.24baires.com\/?p=10609","url_meta":{"origin":13051,"position":4},"title":"Luego del pedido de Jury, renunci\u00f3 uno de los jueces del caso Marita Ver\u00f3n","author":"AF","date":"27\/12\/2012","format":false,"excerpt":"Emilio Herrera Molina, uno de los integrantes del tribunal que absolvi\u00f3 a los 13 imputados en el juicio por Marita Ver\u00f3n, aclar\u00f3 que seguir\u00e1 en el cargo hasta completar los tr\u00e1mites de jubilaci\u00f3n que inici\u00f3 oportunamente. El vocal de la Sala II de la C\u00e1mara Penal aclar\u00f3 que seguir\u00e1 en\u2026","rel":"","context":"En \u00abSociedad\u00bb","block_context":{"text":"Sociedad","link":"https:\/\/www.24baires.com\/?cat=1"},"img":{"alt_text":"herrera molina","src":"https:\/\/i0.wp.com\/www.24baires.com\/wp-content\/uploads\/2012\/12\/herrera-molina-300x220.jpg?resize=350%2C200","width":350,"height":200},"classes":[]},{"id":69804,"url":"https:\/\/www.24baires.com\/?p=69804","url_meta":{"origin":13051,"position":5},"title":"Trimarco ratific\u00f3 la denuncia contra los jueces que absolvieron a los imputados","author":"AF","date":"30\/07\/2015","format":false,"excerpt":"La titular de la fundaci\u00f3n Mar\u00eda de los \u00c1ngeles advirti\u00f3 adem\u00e1s que si bien los imputados fueron condenados en segunda instancia, actualmente todos siguen en libertad porque la Corte Suprema no dej\u00f3 firme el fallo. Trimarco acus\u00f3 en una conferencia de prensa a los jueces Eduardo Romero Lascano, Emilio Herrera\u2026","rel":"","context":"En \u00abJUDICIALES\u00bb","block_context":{"text":"JUDICIALES","link":"https:\/\/www.24baires.com\/?cat=68"},"img":{"alt_text":"trimarco3","src":"https:\/\/i0.wp.com\/www.24baires.com\/wp-content\/uploads\/2015\/07\/trimarco3.jpg?resize=350%2C200","width":350,"height":200,"srcset":"https:\/\/i0.wp.com\/www.24baires.com\/wp-content\/uploads\/2015\/07\/trimarco3.jpg?resize=350%2C200 1x, https:\/\/i0.wp.com\/www.24baires.com\/wp-content\/uploads\/2015\/07\/trimarco3.jpg?resize=525%2C300 1.5x"},"classes":[]}],"jetpack_sharing_enabled":true,"jetpack_likes_enabled":true,"_links":{"self":[{"href":"https:\/\/www.24baires.com\/index.php?rest_route=\/wp\/v2\/posts\/13051","targetHints":{"allow":["GET"]}}],"collection":[{"href":"https:\/\/www.24baires.com\/index.php?rest_route=\/wp\/v2\/posts"}],"about":[{"href":"https:\/\/www.24baires.com\/index.php?rest_route=\/wp\/v2\/types\/post"}],"author":[{"embeddable":true,"href":"https:\/\/www.24baires.com\/index.php?rest_route=\/wp\/v2\/users\/11"}],"replies":[{"embeddable":true,"href":"https:\/\/www.24baires.com\/index.php?rest_route=%2Fwp%2Fv2%2Fcomments&post=13051"}],"version-history":[{"count":3,"href":"https:\/\/www.24baires.com\/index.php?rest_route=\/wp\/v2\/posts\/13051\/revisions"}],"predecessor-version":[{"id":13058,"href":"https:\/\/www.24baires.com\/index.php?rest_route=\/wp\/v2\/posts\/13051\/revisions\/13058"}],"wp:attachment":[{"href":"https:\/\/www.24baires.com\/index.php?rest_route=%2Fwp%2Fv2%2Fmedia&parent=13051"}],"wp:term":[{"taxonomy":"category","embeddable":true,"href":"https:\/\/www.24baires.com\/index.php?rest_route=%2Fwp%2Fv2%2Fcategories&post=13051"},{"taxonomy":"post_tag","embeddable":true,"href":"https:\/\/www.24baires.com\/index.php?rest_route=%2Fwp%2Fv2%2Ftags&post=13051"}],"curies":[{"name":"wp","href":"https:\/\/api.w.org\/{rel}","templated":true}]}}