{"id":13023,"date":"2013-01-21T13:28:46","date_gmt":"2013-01-21T16:28:46","guid":{"rendered":"http:\/\/www.24baires.com\/?p=13023"},"modified":"2013-01-21T13:28:46","modified_gmt":"2013-01-21T16:28:46","slug":"denuncian-pauperrimas-condiciones-laborales-de-presos-del-penal-de-batan","status":"publish","type":"post","link":"https:\/\/www.24baires.com\/?p=13023","title":{"rendered":"Denuncian paup\u00e9rrimas condiciones laborales de presos del Penal de Bat\u00e1n"},"content":{"rendered":"<p><strong>PARTIDO DE GENERAL PUEYRRED\u00d3N &#8211;<\/strong> La quemadura de un trabajador preso en el polo industrial que el Servicio Penitenciario Bonaerense (SPB) oculta en Bat\u00e1n revela que la mano de obra cautiva no tiene guantes para manipular ollas con agua hirviendo y soda c\u00e1ustica. La empresa quer\u00eda que siguiera trabajando.<!--more--><br \/>\nEl polo industrial con mano de obra cautiva de Bat\u00e1n, tambi\u00e9n conocido como el complejo penal de Bat\u00e1n del Servicio Penitenciario Bonaerense, sigue promoviendo temas laborales entre sus actividades cotidianas. Esta vez, las quemaduras sufridas por un trabajador\/preso dejaron en claro que el SPB no s\u00f3lo incumple con las normas laborales sino que permite incumplirlas a los empresarios que aprovechan las facilidades intramuros para reducir precios. En este caso, el interno quemado no contaba con vestimentas especiales, ni guantes, y mucho menos, con un seguro por accidente. P\u00e1gina\/12 public\u00f3 informes judiciales que describieron como trabajo esclavo el que realizaban los presos de Bat\u00e1n en al menos diez empresas que fabricaban en su interior productos de venta en el exterior del complejo.<\/p>\n<p>El s\u00e1bado 13 pasado, un interno del pabell\u00f3n 12, que trabaja en la empresa Tomatera, sufri\u00f3 quemaduras durante su horario de trabajo. Tomatera es una empresa que trabaja triturando tomates para su embotellamiento como pulpa de tomate. Trabajan con calderas y ollas en las que se hierven los tomates en agua a 90 grados, y manipulando tambi\u00e9n soda c\u00e1ustica. El interno, cuyos datos se omiten provisoriamente para evitar que adem\u00e1s lo castiguen, trabajaba como sus compa\u00f1eros, con alpargatas o zapatillas. \u201cAl querer escurrir los tomates dentro de una de las ollas \u2013describi\u00f3 un penitenciario a P\u00e1gina\/12\u2013, con guantes rotos, se quem\u00f3.\u201d La descripci\u00f3n agreg\u00f3 que el lugar acompa\u00f1a la falta de seguridad laboral: \u201cEs un galp\u00f3n que se cae, una cosa es contarlo y otra es verlo desde adentro \u2013asegur\u00f3 la misma fuente\u2013. Deber\u00eda estar clausurado. Es una bomba de tiempo\u201d.<\/p>\n<p>Por fuera del galp\u00f3n, t\u00e9cnicamente la Tomatera pasa a ser una chanchera: el paisaje externo es una laguna de aguas hervidas, nauseabundas, que llega al play\u00f3n del sal\u00f3n de visitas. \u201cLa baranda no tiene diferencias con la de una f\u00e1brica de chacinados\u201d, asegur\u00f3 el penitenciario, tap\u00e1ndose la nariz.<\/p>\n<p>Para completar, la Tomatera no cumple con el convenio de 6 horas de trabajo, y adem\u00e1s los empleados no tienen seguro por accidente. Esto salt\u00f3 con el incidente. Al herido lo trasladaron a la salita del penal para que lo vendaran y siguiera trabajando, presionado por la empresa, que no tiene la intenci\u00f3n de reconocerle los d\u00edas de reposo que le hab\u00eda firmado el propio m\u00e9dico del penal.<\/p>\n<p>Pero la Bat\u00e1n del SPB \u2013cabe aclarar que no es el \u00fanico complejo penitenciario bonaerense donde los presos son mano de obra cautiva\u2013 no s\u00f3lo est\u00e1 para los tomates. Una lavander\u00eda ya denunciada mantiene a los empleados trabajando 14 horas los fines de semana, claro que sin reconocerlos como fines de semana. Las escasas ocasiones en que los trabajadores protestaron pidiendo pagos consecuentes con los trabajos en horarios y d\u00edas feriados, fueron respondidos de una manera escasamente laboral: el encargado de la lavander\u00eda, de nombre Emilio, act\u00faa como civil pero es tambi\u00e9n penitenciario, y aplica el reglamento interno. Es decir, los reclamos laborales tienen como respuesta primera el buz\u00f3n. Y la consiguiente p\u00e9rdida del trabajo por ausencia, bah, un despido justificado \u201cpor no cumplir las expectativas de la empresa\u201d, tal como dec\u00eda el parte le\u00eddo por un oficial de servicio el 28 de diciembre a parte de los trabajadores que resultaron complicados para los beneficios de la empresa.<\/p>\n<p>Adem\u00e1s, debido al cierre del lavadero de la Unidad 29, la ropa que era llevada a esa unidad fue derivada al polo polirrubro de Bat\u00e1n. Cabe aclarar que no se trata de la ropa de los internos, o solamente de ellos. Uno de los clientes es el Hotel Los Tilos de La Plata. La empresa tiene 60 internos a su servicio, divididos en dos turnos de 12 horas. El convenio fija salarios de 2300 pesos pero pagan 1200.<\/p>\n<p>Los internos intentan ser reconocidos sindicalmente para luego poder discutir en negociaciones salariales y hacer reclamos laborales. Y dejar de ser mano de obra cautiva.<\/p>\n<p>&nbsp;<\/p>\n<p>&nbsp;<\/p>\n<p>&nbsp;<\/p>\n<p>&nbsp;<\/p>\n<p>&nbsp;<\/p>\n<p>&nbsp;<\/p>\n<p>&nbsp;<\/p>\n<p>&nbsp;<\/p>\n<p>&nbsp;<\/p>\n<p>&nbsp;<\/p>\n<p>&nbsp;<\/p>\n<p>&nbsp;<\/p>\n<p>&nbsp;<\/p>\n<p>&nbsp;<\/p>\n<p>&nbsp;<\/p>\n<p>&nbsp;<\/p>\n<p>&nbsp;<\/p>\n","protected":false},"excerpt":{"rendered":"<p>PARTIDO DE GENERAL PUEYRRED\u00d3N &#8211; La quemadura de un trabajador preso en el polo industrial que el Servicio Penitenciario Bonaerense (SPB) oculta en Bat\u00e1n revela que la mano de obra cautiva no tiene guantes para manipular ollas con agua hirviendo y soda c\u00e1ustica. La empresa quer\u00eda que siguiera trabajando.<\/p>\n","protected":false},"author":4,"featured_media":0,"comment_status":"open","ping_status":"open","sticky":false,"template":"","format":"standard","meta":{"_jetpack_newsletter_access":"","_jetpack_dont_email_post_to_subs":false,"_jetpack_newsletter_tier_id":0,"_jetpack_memberships_contains_paywalled_content":false,"_jetpack_memberships_contains_paid_content":false,"footnotes":""},"categories":[1],"tags":[],"class_list":["post-13023","post","type-post","status-publish","format-standard","hentry","category-sociedad"],"jetpack_featured_media_url":"","jetpack_shortlink":"https:\/\/wp.me\/p2JWE0-3o3","jetpack-related-posts":[{"id":113946,"url":"https:\/\/www.24baires.com\/?p=113946","url_meta":{"origin":13023,"position":0},"title":"Trasladaron al penal de Dolores a los rugbiers acusados por el crimen de Fernando","author":"GB","date":"29\/01\/2020","format":false,"excerpt":"Permanecer\u00e1n sin contacto con los dem\u00e1s presos hasta que se resuelva su situaci\u00f3n procesal Los diez rugbiers imputados por el homicidio de Fernando B\u00e1ez Sosa en Villa Gesell fueron trasladados esta madrugada a la unidad carcelaria 6 de Dolores, y fueron alojados en la alcaid\u00eda del complejo, donde permanecer\u00e1n sin\u2026","rel":"","context":"En \u00abPoliciales\u00bb","block_context":{"text":"Policiales","link":"https:\/\/www.24baires.com\/?cat=49"},"img":{"alt_text":"","src":"https:\/\/i0.wp.com\/www.24baires.com\/wp-content\/uploads\/2020\/01\/penal.jpg?resize=350%2C200","width":350,"height":200,"srcset":"https:\/\/i0.wp.com\/www.24baires.com\/wp-content\/uploads\/2020\/01\/penal.jpg?resize=350%2C200 1x, https:\/\/i0.wp.com\/www.24baires.com\/wp-content\/uploads\/2020\/01\/penal.jpg?resize=525%2C300 1.5x"},"classes":[]},{"id":114858,"url":"https:\/\/www.24baires.com\/?p=114858","url_meta":{"origin":13023,"position":1},"title":"Detuvieron a dos agentes penitenciarios por el asesinato de un interno en Florencio Varela","author":"AF","date":"28\/04\/2020","format":false,"excerpt":"Dos agentes penitenciarios fueron detenidos este martes por la muerte de Federico Rey y otra agente se encuentra pr\u00f3fuga. Este martes fueron detenidos Gast\u00f3n \u00c1bila y Gabriel Dar\u00edo Bergonzi, subjefe de la Guardia de Seguridad Armada y subdirector de Administraci\u00f3n, respectivamente, en el Servicio Bonaerense cumpliendo funciones en el penal\u2026","rel":"","context":"En \u00abSociedad\u00bb","block_context":{"text":"Sociedad","link":"https:\/\/www.24baires.com\/?cat=1"},"img":{"alt_text":"","src":"https:\/\/i0.wp.com\/www.24baires.com\/wp-content\/uploads\/2020\/04\/up-23-varela.jpg?resize=350%2C200","width":350,"height":200,"srcset":"https:\/\/i0.wp.com\/www.24baires.com\/wp-content\/uploads\/2020\/04\/up-23-varela.jpg?resize=350%2C200 1x, https:\/\/i0.wp.com\/www.24baires.com\/wp-content\/uploads\/2020\/04\/up-23-varela.jpg?resize=525%2C300 1.5x"},"classes":[]},{"id":116590,"url":"https:\/\/www.24baires.com\/?p=116590","url_meta":{"origin":13023,"position":2},"title":"El gobierno desactiva el conflicto en la c\u00e1rceles autorizando las visitas presenciales","author":"GB","date":"02\/11\/2020","format":false,"excerpt":"Familiares y allegados de los presos bonaerenses podr\u00e1n volver a ingresar a los penales a partir del 14 de noviembre, aunque bajo estrictos protocolos de seguridad sanitaria. Tras las protestas de los internos en varias unidades del Servicio Penitenciario Bonaerense, el gobierno decidi\u00f3 autorizar las visitas presenciales a partir del\u2026","rel":"","context":"En \u00abProvincia\u00bb","block_context":{"text":"Provincia","link":"https:\/\/www.24baires.com\/?cat=40"},"img":{"alt_text":"","src":"https:\/\/i0.wp.com\/www.24baires.com\/wp-content\/uploads\/2019\/11\/carcel.jpeg?resize=350%2C200","width":350,"height":200,"srcset":"https:\/\/i0.wp.com\/www.24baires.com\/wp-content\/uploads\/2019\/11\/carcel.jpeg?resize=350%2C200 1x, https:\/\/i0.wp.com\/www.24baires.com\/wp-content\/uploads\/2019\/11\/carcel.jpeg?resize=525%2C300 1.5x"},"classes":[]},{"id":121953,"url":"https:\/\/www.24baires.com\/?p=121953","url_meta":{"origin":13023,"position":3},"title":"Provincia lanza un nuevo programa laboral para presos","author":"GB","date":"08\/01\/2025","format":false,"excerpt":"El Ministerio de Justicia bonaerense aprob\u00f3 el Programa Buenos Aires por la Reducci\u00f3n de la Reincidencia. Sobre la base de un proyecto de ley naufrag\u00f3 en el Congreso de la Naci\u00f3n, el gobierno bonaerense cre\u00f3 un programa con el que busca reducir la reincidencia carcelaria. La idea es fomentar la\u2026","rel":"","context":"En \u00abProvincia\u00bb","block_context":{"text":"Provincia","link":"https:\/\/www.24baires.com\/?cat=40"},"img":{"alt_text":"","src":"https:\/\/i0.wp.com\/www.24baires.com\/wp-content\/uploads\/2025\/01\/carceles.webp?resize=350%2C200","width":350,"height":200,"srcset":"https:\/\/i0.wp.com\/www.24baires.com\/wp-content\/uploads\/2025\/01\/carceles.webp?resize=350%2C200 1x, https:\/\/i0.wp.com\/www.24baires.com\/wp-content\/uploads\/2025\/01\/carceles.webp?resize=525%2C300 1.5x, https:\/\/i0.wp.com\/www.24baires.com\/wp-content\/uploads\/2025\/01\/carceles.webp?resize=700%2C400 2x"},"classes":[]},{"id":113283,"url":"https:\/\/www.24baires.com\/?p=113283","url_meta":{"origin":13023,"position":4},"title":"Denuncian que los presos bonaerenses comen \u201cpoco y de mala calidad\u201d","author":"GB","date":"06\/12\/2019","format":false,"excerpt":"La Comisi\u00f3n Provincial por la Memoria detall\u00f3 las condiciones de nutrici\u00f3n que padecen los internos de los establecimientos penitenciarios Denuncias de hambre y provisi\u00f3n de alimentos alcanzan al grueso de las unidades penitenciarias de la provincia de Buenos Aires, seg\u00fan un relevamiento realizado por la Comisi\u00f3n Provincial por la Memoria\u2026","rel":"","context":"En \u00abProvincia\u00bb","block_context":{"text":"Provincia","link":"https:\/\/www.24baires.com\/?cat=40"},"img":{"alt_text":"","src":"https:\/\/i0.wp.com\/www.24baires.com\/wp-content\/uploads\/2017\/09\/carcel.jpg?resize=350%2C200","width":350,"height":200,"srcset":"https:\/\/i0.wp.com\/www.24baires.com\/wp-content\/uploads\/2017\/09\/carcel.jpg?resize=350%2C200 1x, https:\/\/i0.wp.com\/www.24baires.com\/wp-content\/uploads\/2017\/09\/carcel.jpg?resize=525%2C300 1.5x"},"classes":[]},{"id":76891,"url":"https:\/\/www.24baires.com\/?p=76891","url_meta":{"origin":13023,"position":5},"title":"Remueven a la c\u00fapula del SPB tras la fuga de tres condenados por el triple crimen de General Rodr\u00edguez","author":"AF","date":"27\/12\/2015","format":false,"excerpt":"GENERAL ALVEAR - Se trata de Cristian (40) y Mart\u00edn Lanatta (41) y de V\u00edctor Schillaci (33), quienes estaban cumpliendo la pena m\u00e1xima por los asesinatos de Sebasti\u00e1n Forza, Dami\u00e1b Ferr\u00f3n y Leopoldo Bina, cometidos en 2008. Removieron a la c\u00fapula del Servicio Penitenciario Bonaerense. En tanto, a ra\u00edz de\u2026","rel":"","context":"En \u00abProvincia\u00bb","block_context":{"text":"Provincia","link":"https:\/\/www.24baires.com\/?cat=40"},"img":{"alt_text":"c\u00e1rcel","src":"https:\/\/i0.wp.com\/www.24baires.com\/wp-content\/uploads\/2013\/06\/c%C3%A1rcel.jpg?resize=350%2C200","width":350,"height":200,"srcset":"https:\/\/i0.wp.com\/www.24baires.com\/wp-content\/uploads\/2013\/06\/c%C3%A1rcel.jpg?resize=350%2C200 1x, https:\/\/i0.wp.com\/www.24baires.com\/wp-content\/uploads\/2013\/06\/c%C3%A1rcel.jpg?resize=525%2C300 1.5x"},"classes":[]}],"jetpack_sharing_enabled":true,"jetpack_likes_enabled":true,"_links":{"self":[{"href":"https:\/\/www.24baires.com\/index.php?rest_route=\/wp\/v2\/posts\/13023","targetHints":{"allow":["GET"]}}],"collection":[{"href":"https:\/\/www.24baires.com\/index.php?rest_route=\/wp\/v2\/posts"}],"about":[{"href":"https:\/\/www.24baires.com\/index.php?rest_route=\/wp\/v2\/types\/post"}],"author":[{"embeddable":true,"href":"https:\/\/www.24baires.com\/index.php?rest_route=\/wp\/v2\/users\/4"}],"replies":[{"embeddable":true,"href":"https:\/\/www.24baires.com\/index.php?rest_route=%2Fwp%2Fv2%2Fcomments&post=13023"}],"version-history":[{"count":2,"href":"https:\/\/www.24baires.com\/index.php?rest_route=\/wp\/v2\/posts\/13023\/revisions"}],"predecessor-version":[{"id":13025,"href":"https:\/\/www.24baires.com\/index.php?rest_route=\/wp\/v2\/posts\/13023\/revisions\/13025"}],"wp:attachment":[{"href":"https:\/\/www.24baires.com\/index.php?rest_route=%2Fwp%2Fv2%2Fmedia&parent=13023"}],"wp:term":[{"taxonomy":"category","embeddable":true,"href":"https:\/\/www.24baires.com\/index.php?rest_route=%2Fwp%2Fv2%2Fcategories&post=13023"},{"taxonomy":"post_tag","embeddable":true,"href":"https:\/\/www.24baires.com\/index.php?rest_route=%2Fwp%2Fv2%2Ftags&post=13023"}],"curies":[{"name":"wp","href":"https:\/\/api.w.org\/{rel}","templated":true}]}}