{"id":13019,"date":"2013-01-21T12:37:43","date_gmt":"2013-01-21T15:37:43","guid":{"rendered":"http:\/\/www.24baires.com\/?p=13019"},"modified":"2013-01-21T14:51:45","modified_gmt":"2013-01-21T17:51:45","slug":"investigaran-denuncias-por-supuestas-amenazas-a-testigos-del-caso-ferreyra","status":"publish","type":"post","link":"https:\/\/www.24baires.com\/?p=13019","title":{"rendered":"Investigar\u00e1n denuncias por supuestas amenazas a testigos del caso Ferreyra"},"content":{"rendered":"<p><a href=\"http:\/\/www.24baires.com\/sociedad\/13019-investigaran-denuncias-por-supuestas-amenazas-a-testigos-del-caso-ferreyra\/attachment\/ferreyra-mariano\/\" rel=\"attachment wp-att-13037\"><img data-recalc-dims=\"1\" loading=\"lazy\" decoding=\"async\" class=\"alignleft size-full wp-image-13037\" alt=\"ferreyra mariano\" src=\"https:\/\/i0.wp.com\/www.24baires.com\/wp-content\/uploads\/2013\/01\/ferreyra-mariano.jpg?resize=279%2C255\" width=\"279\" height=\"255\" \/><\/a>Por decisi\u00f3n de la Corte Suprema de Justicia de la Naci\u00f3n, la causa qued\u00f3 a cargo del juez de Garant\u00edas de Lomas de Zamora, Esteban Baccini, quien deber\u00e1 determinar si existi\u00f3 el delito atribuido al ex jefe de Recursos Humanos de la Uni\u00f3n Ferroviaria y delegado Pablo D\u00edaz, uno de los juzgados por el asesinato cometido el 20 de octubre de 2010.<!--more--><br \/>\nEl m\u00e1ximo tribunal del pa\u00eds intervino porque ante las denuncias, la juez de instrucci\u00f3n de la ciudad de Buenos Aires Wilma L\u00f3pez deriv\u00f3 el tema a provincia, donde en principio se rechaz\u00f3 la competencia y por eso la \u00faltima decisi\u00f3n fue de la Corte.<\/p>\n<p>Se trata de denuncias presentadas por empleados de la empresa OGOFE Ram\u00f3n Cardias y Ariel Pintos, ambos testigos en el juicio que actualmente realiza el Tribunal Oral en lo Criminal 21 y que tiene entre los acusados al ex titular de la UF Jos\u00e9 Pedraza.<\/p>\n<p>Tras declarar en el juicio oral, los dos denunciaron ante la fiscal\u00eda de instrucci\u00f3n haber recibido amenazas al menos en tres oportunidades.<\/p>\n<p>Seg\u00fan la denuncia, en uno de esos episodios antes de ser apresado, D\u00edaz le advirti\u00f3 a Cardias que se quedase \u00aben el molde\u00bb ante lo que pod\u00eda llegarle a \u00abpasar\u00bb.<\/p>\n<p>Cardias denunci\u00f3 adem\u00e1s haber recibido luego un llamado a su tel\u00e9fono m\u00f3vil donde lo amenazaron con matarlo si hablaba.<\/p>\n<p>El juicio por el crimen de Ferreyra seguir\u00e1 el pr\u00f3ximo 4 de febrero, d\u00eda en que el Tribunal cit\u00f3 a las partes para la reconstrucci\u00f3n del hecho ocurrido en el barrio porte\u00f1o de Barracas y se prev\u00e9 que durante todo el mes pr\u00f3ximo se escuchen los alegatos finales.<\/p>\n<p>&nbsp;<\/p>\n<p>&nbsp;<\/p>\n<p>&nbsp;<\/p>\n<p>&nbsp;<\/p>\n<p>&nbsp;<\/p>\n<p>&nbsp;<\/p>\n<p>&nbsp;<\/p>\n<p>&nbsp;<\/p>\n<p>&nbsp;<\/p>\n<p>&nbsp;<\/p>\n<p>&nbsp;<\/p>\n<p>&nbsp;<\/p>\n<p>&nbsp;<\/p>\n<p>&nbsp;<\/p>\n<p>&nbsp;<\/p>\n<p>&nbsp;<\/p>\n<p>&nbsp;<\/p>\n<p>&nbsp;<\/p>\n<p>&nbsp;<\/p>\n<p>&nbsp;<\/p>\n","protected":false},"excerpt":{"rendered":"<p>Por decisi\u00f3n de la Corte Suprema de Justicia de la Naci\u00f3n, la causa qued\u00f3 a cargo del juez de Garant\u00edas de Lomas de Zamora, Esteban Baccini, quien deber\u00e1 determinar si existi\u00f3 el delito atribuido al ex jefe de Recursos Humanos de la Uni\u00f3n Ferroviaria y delegado Pablo D\u00edaz, uno de los juzgados por el asesinato cometido el 20 de octubre [&#8230;]<\/p>\n","protected":false},"author":4,"featured_media":0,"comment_status":"open","ping_status":"open","sticky":false,"template":"","format":"standard","meta":{"_jetpack_newsletter_access":"","_jetpack_dont_email_post_to_subs":false,"_jetpack_newsletter_tier_id":0,"_jetpack_memberships_contains_paywalled_content":false,"_jetpack_memberships_contains_paid_content":false,"footnotes":""},"categories":[1],"tags":[],"class_list":["post-13019","post","type-post","status-publish","format-standard","hentry","category-sociedad"],"jetpack_featured_media_url":"","jetpack_shortlink":"https:\/\/wp.me\/p2JWE0-3nZ","jetpack-related-posts":[{"id":105426,"url":"https:\/\/www.24baires.com\/?p=105426","url_meta":{"origin":13019,"position":0},"title":"Larreta mand\u00f3 a denunciar a Abuelas por cortar la calle en su acto por los 40 a\u00f1os","author":"AF","date":"13\/11\/2018","format":false,"excerpt":"El humillante y aberrante accionar llevado a cabo por el Ejecutivo porte\u00f1o fue desestimado por la fiscal y el juez entendidos en el conflicto, quienes determinaron la inexistencia del delito. El jefe de gobierno de la Ciudad de Buenos Aires, Horacio Rodr\u00edguez Larreta, tom\u00f3 de decisi\u00f3n de denunciar a las\u2026","rel":"","context":"En \u00abSociedad\u00bb","block_context":{"text":"Sociedad","link":"https:\/\/www.24baires.com\/?cat=1"},"img":{"alt_text":"","src":"https:\/\/i0.wp.com\/www.24baires.com\/wp-content\/uploads\/2017\/09\/abuenas-cnu.jpg?resize=350%2C200","width":350,"height":200,"srcset":"https:\/\/i0.wp.com\/www.24baires.com\/wp-content\/uploads\/2017\/09\/abuenas-cnu.jpg?resize=350%2C200 1x, https:\/\/i0.wp.com\/www.24baires.com\/wp-content\/uploads\/2017\/09\/abuenas-cnu.jpg?resize=525%2C300 1.5x"},"classes":[]},{"id":100449,"url":"https:\/\/www.24baires.com\/?p=100449","url_meta":{"origin":13019,"position":1},"title":"El jury inici\u00f3 el proceso de apartamiento preventivo para juez olavarriense","author":"AF","date":"09\/02\/2018","format":false,"excerpt":"El Jurado de Enjuiciamiento decidi\u00f3 ayer por unanimidad la apertura del proceso de apartamiento preventivo del Juez de Familia Claudio Garc\u00eda, titular del Juzgado de Familia N\u00b0 1 de Olavarr\u00eda, denunciado por abuso sexual y laboral. De acuerdo al jury, a esta denuncia se sumaron otras irregularidades en el manejo\u2026","rel":"","context":"En \u00abLocales\u00bb","block_context":{"text":"Locales","link":"https:\/\/www.24baires.com\/?cat=38"},"img":{"alt_text":"","src":"https:\/\/i0.wp.com\/www.24baires.com\/wp-content\/uploads\/2018\/02\/JURY-OLAVARR%C3%8DA.jpg?resize=350%2C200","width":350,"height":200,"srcset":"https:\/\/i0.wp.com\/www.24baires.com\/wp-content\/uploads\/2018\/02\/JURY-OLAVARR%C3%8DA.jpg?resize=350%2C200 1x, https:\/\/i0.wp.com\/www.24baires.com\/wp-content\/uploads\/2018\/02\/JURY-OLAVARR%C3%8DA.jpg?resize=525%2C300 1.5x"},"classes":[]},{"id":114316,"url":"https:\/\/www.24baires.com\/?p=114316","url_meta":{"origin":13019,"position":2},"title":"Destituyeron a un juez de Olavarr\u00eda por acoso y abuso sexual","author":"GB","date":"06\/03\/2020","format":false,"excerpt":"Se trata del juez de Familia Claudio Garc\u00eda, quien fue destituido por un jurado de Enjuiciamiento de magistrados bonaerense. El jurado de Enjuiciamiento de magistrados bonaerense destituy\u00f3 al juez de Familia de la ciudad de Olavarr\u00eda Claudio Garc\u00eda, acusado de acoso sexual y violencia laboral. Recordemos que el juez fue\u2026","rel":"","context":"En \u00abSociedad\u00bb","block_context":{"text":"Sociedad","link":"https:\/\/www.24baires.com\/?cat=1"},"img":{"alt_text":"","src":"https:\/\/i0.wp.com\/www.24baires.com\/wp-content\/uploads\/2020\/02\/juez-garcia.jpg?resize=350%2C200","width":350,"height":200,"srcset":"https:\/\/i0.wp.com\/www.24baires.com\/wp-content\/uploads\/2020\/02\/juez-garcia.jpg?resize=350%2C200 1x, https:\/\/i0.wp.com\/www.24baires.com\/wp-content\/uploads\/2020\/02\/juez-garcia.jpg?resize=525%2C300 1.5x"},"classes":[]},{"id":103607,"url":"https:\/\/www.24baires.com\/?p=103607","url_meta":{"origin":13019,"position":3},"title":"Milagro Sala fue encontrada desvanecida e inconsciente","author":"AF","date":"31\/07\/2018","format":false,"excerpt":"Fue trasladada al hospital Pablo Soria. Denuncian que el SAME tard\u00f3 demasiado. Desde el Comit\u00e9 por la Libertad de Milagro Sala responsabilizaron al Poder Judicial de Jujuy que incumple la decisi\u00f3n de la Corte Interamericana de Derechos Humanos. La dirigente de la Tupac Amaru, Milagro Sala, fue encontrada inconsciente en\u2026","rel":"","context":"En \u00abSociedad\u00bb","block_context":{"text":"Sociedad","link":"https:\/\/www.24baires.com\/?cat=1"},"img":{"alt_text":"","src":"https:\/\/i0.wp.com\/www.24baires.com\/wp-content\/uploads\/2017\/10\/milagro-sala.jpg?resize=350%2C200","width":350,"height":200,"srcset":"https:\/\/i0.wp.com\/www.24baires.com\/wp-content\/uploads\/2017\/10\/milagro-sala.jpg?resize=350%2C200 1x, https:\/\/i0.wp.com\/www.24baires.com\/wp-content\/uploads\/2017\/10\/milagro-sala.jpg?resize=525%2C300 1.5x"},"classes":[]},{"id":111090,"url":"https:\/\/www.24baires.com\/?p=111090","url_meta":{"origin":13019,"position":4},"title":"Ramos Padilla denunci\u00f3 que Macri sab\u00eda de la \u00aboperaci\u00f3n escuchas\u00bb y pidi\u00f3 que lo llamen a declarar","author":"GB","date":"05\/07\/2019","format":false,"excerpt":"El juez de Dolores se defendi\u00f3 ante la Magistratura por la denuncia que impuls\u00f3 en su contra el Gobierno para frenar su investigaci\u00f3n en la causa por la banda de espionaje ilegal, extorsiones y operaciones pol\u00edticas. El magistrado destroz\u00f3 los argumentos de la llamada \"operaci\u00f3n PUF\" y exigi\u00f3 que declaren\u2026","rel":"","context":"En \u00abPol\u00edtica\u00bb","block_context":{"text":"Pol\u00edtica","link":"https:\/\/www.24baires.com\/?cat=51"},"img":{"alt_text":"","src":"https:\/\/i0.wp.com\/www.24baires.com\/wp-content\/uploads\/2019\/03\/ramos-padillaa.jpg?resize=350%2C200","width":350,"height":200,"srcset":"https:\/\/i0.wp.com\/www.24baires.com\/wp-content\/uploads\/2019\/03\/ramos-padillaa.jpg?resize=350%2C200 1x, https:\/\/i0.wp.com\/www.24baires.com\/wp-content\/uploads\/2019\/03\/ramos-padillaa.jpg?resize=525%2C300 1.5x"},"classes":[]},{"id":107240,"url":"https:\/\/www.24baires.com\/?p=107240","url_meta":{"origin":13019,"position":5},"title":"Ordenan echar al Juez Ramos Padilla por concurrir al Congreso","author":"GB","date":"16\/03\/2019","format":false,"excerpt":"La decisi\u00f3n fue del Ministerio de Justicia que dirige Germ\u00e1n Garavano. Argumentan que su exposici\u00f3n en el Congreso \u201cfue un caso evidente de mal desempe\u00f1o de sus funciones\u201d. Luego de la explosiva exposici\u00f3n que el juez federal de Dolores, Alejo Ramos Padilla, realiz\u00f3 en el Congreso de la Naci\u00f3n, representantes\u2026","rel":"","context":"En \u00abPol\u00edtica\u00bb","block_context":{"text":"Pol\u00edtica","link":"https:\/\/www.24baires.com\/?cat=51"},"img":{"alt_text":"","src":"https:\/\/i0.wp.com\/www.24baires.com\/wp-content\/uploads\/2019\/03\/ramos-padilla-1.jpg?resize=350%2C200","width":350,"height":200,"srcset":"https:\/\/i0.wp.com\/www.24baires.com\/wp-content\/uploads\/2019\/03\/ramos-padilla-1.jpg?resize=350%2C200 1x, https:\/\/i0.wp.com\/www.24baires.com\/wp-content\/uploads\/2019\/03\/ramos-padilla-1.jpg?resize=525%2C300 1.5x"},"classes":[]}],"jetpack_sharing_enabled":true,"jetpack_likes_enabled":true,"_links":{"self":[{"href":"https:\/\/www.24baires.com\/index.php?rest_route=\/wp\/v2\/posts\/13019","targetHints":{"allow":["GET"]}}],"collection":[{"href":"https:\/\/www.24baires.com\/index.php?rest_route=\/wp\/v2\/posts"}],"about":[{"href":"https:\/\/www.24baires.com\/index.php?rest_route=\/wp\/v2\/types\/post"}],"author":[{"embeddable":true,"href":"https:\/\/www.24baires.com\/index.php?rest_route=\/wp\/v2\/users\/4"}],"replies":[{"embeddable":true,"href":"https:\/\/www.24baires.com\/index.php?rest_route=%2Fwp%2Fv2%2Fcomments&post=13019"}],"version-history":[{"count":3,"href":"https:\/\/www.24baires.com\/index.php?rest_route=\/wp\/v2\/posts\/13019\/revisions"}],"predecessor-version":[{"id":13036,"href":"https:\/\/www.24baires.com\/index.php?rest_route=\/wp\/v2\/posts\/13019\/revisions\/13036"}],"wp:attachment":[{"href":"https:\/\/www.24baires.com\/index.php?rest_route=%2Fwp%2Fv2%2Fmedia&parent=13019"}],"wp:term":[{"taxonomy":"category","embeddable":true,"href":"https:\/\/www.24baires.com\/index.php?rest_route=%2Fwp%2Fv2%2Fcategories&post=13019"},{"taxonomy":"post_tag","embeddable":true,"href":"https:\/\/www.24baires.com\/index.php?rest_route=%2Fwp%2Fv2%2Ftags&post=13019"}],"curies":[{"name":"wp","href":"https:\/\/api.w.org\/{rel}","templated":true}]}}