{"id":13011,"date":"2013-01-21T11:37:18","date_gmt":"2013-01-21T14:37:18","guid":{"rendered":"http:\/\/www.24baires.com\/?p=13011"},"modified":"2013-01-21T12:44:02","modified_gmt":"2013-01-21T15:44:02","slug":"estatales-y-docentes-retoman-las-negociaciones-salariales-con-la-provincia","status":"publish","type":"post","link":"https:\/\/www.24baires.com\/?p=13011","title":{"rendered":"Estatales y Docentes retoman las negociaciones salariales con la Provincia"},"content":{"rendered":"<p><a href=\"http:\/\/www.24baires.com\/sociedad\/13011-estatales-y-docentes-retoman-las-negociaciones-salariales-con-la-provincia\/attachment\/baradel-petrocini\/\" rel=\"attachment wp-att-13012\"><img data-recalc-dims=\"1\" loading=\"lazy\" decoding=\"async\" class=\"alignleft size-full wp-image-13012\" alt=\"baradel petrocini\" src=\"https:\/\/i0.wp.com\/www.24baires.com\/wp-content\/uploads\/2013\/01\/baradel-petrocini.png?resize=250%2C175\" width=\"250\" height=\"175\" \/><\/a>El Gobierno bonaerense y los gremios docentes y estatales retomar\u00e1n esta semana, en el marco de una serie de reuniones t\u00e9cnicas, las negociaciones por salarios que comenzaron el lunes pasado con condiciones y advertencias sindicales pero sin, todav\u00eda, planteos por n\u00fameros concretos.<!--more--><\/p>\n<p>La negociaci\u00f3n con los docentes se reabrir\u00e1 con tres comisiones t\u00e9cnicas luego de la paritaria general del lunes pasado: este lunes, se reunir\u00e1 la de Condiciones Laborales, el martes la de Salud Laboral, y el mi\u00e9rcoles la T\u00e9cnica Salarial, para discutir, esta \u00faltima, aspectos puntuales del futuro aumento.<\/p>\n<p>No obstante, tanto la Provincia como los gremios docentes seguir\u00e1n con atenci\u00f3n el desarrollo de la paritaria nacional prevista para el pr\u00f3ximo martes a las 15.30. All\u00ed se reunir\u00e1n el ministro nacional de Educaci\u00f3n, Alberto Sileoni, y las agrupaciones sindicales de ese \u00e1mbito para negociar el nuevo sueldo m\u00ednimo de un maestro de grado que hoy est\u00e1 establecido en 2.800 pesos.<\/p>\n<p>La discusi\u00f3n bonaerense pasar\u00e1, esta semana, por el an\u00e1lisis de la incorporaci\u00f3n al b\u00e1sico (hoy de 1598,3 pesos) de las sumas que los docentes perciben por fuera de ese esquema para que tenga impacto en el sector pasivo, el personal jer\u00e1rquico y los docentes con mayor antig\u00fcedad.<\/p>\n<p>As\u00ed lo reclamaron la semana pasada los principales sindicatos del Frente Gremial Docente, FEB y Suteba. Tambi\u00e9n pidieron que todo aumento se pague retroactivo al 1\u00ba de enero, que se termine de saldar la deuda con docentes \u201cpuntuales\u201d que a\u00fan no terminaron de percibir sus salarios de 2012, que las negociaciones paritarias tengan continuidad todo el a\u00f1o, que se devuelvan los descuentos por paro -tal como ordena un fallo de la Justicia platense-, y otros \u00edtems relacionados a la cobertura de nuevos cargos, infraestructura, transporte escolar, comedores, entre otros.<\/p>\n<p>Adem\u00e1s, se debatir\u00e1n otras cuestiones relacionadas a condiciones laborales y de salud. Los gremios tambi\u00e9n insistieron con la eliminaci\u00f3n de la cuarta categor\u00eda del impuesto a las Ganancias y la \u201cuniversalizaci\u00f3n\u201d de las asignaciones familiares, algo que los funcionarios bonaerenses rechazaron discutir en el \u00e1mbito de paritarias.<\/p>\n<p>Por su parte, los gremios estatales de la ley 10.430 \u2013ATE, UPCN y la federaci\u00f3n Fegeppba- tambi\u00e9n fueron convocados a comisiones t\u00e9cnicas para este jueves durante el encuentro paritario que mantuvieron el lunes pasado con el ministro de Trabajo, Oscar Cuartango.<\/p>\n<p>&nbsp;<\/p>\n<p>&nbsp;<\/p>\n<p>&nbsp;<\/p>\n<p>&nbsp;<\/p>\n<p>&nbsp;<\/p>\n<p>&nbsp;<\/p>\n<p>&nbsp;<\/p>\n<p>&nbsp;<\/p>\n<p>&nbsp;<\/p>\n<p>&nbsp;<\/p>\n<p>&nbsp;<\/p>\n<p>&nbsp;<\/p>\n<p>&nbsp;<\/p>\n<p>&nbsp;<\/p>\n<p>&nbsp;<\/p>\n<p>&nbsp;<\/p>\n<p>&nbsp;<\/p>\n<p>&nbsp;<\/p>\n<p>&nbsp;<\/p>\n<p>&nbsp;<\/p>\n<p>&nbsp;<\/p>\n<p>&nbsp;<\/p>\n<p>&nbsp;<\/p>\n","protected":false},"excerpt":{"rendered":"<p>El Gobierno bonaerense y los gremios docentes y estatales retomar\u00e1n esta semana, en el marco de una serie de reuniones t\u00e9cnicas, las negociaciones por salarios que comenzaron el lunes pasado con condiciones y advertencias sindicales pero sin, todav\u00eda, planteos por n\u00fameros concretos.<\/p>\n","protected":false},"author":4,"featured_media":0,"comment_status":"open","ping_status":"open","sticky":false,"template":"","format":"standard","meta":{"_jetpack_newsletter_access":"","_jetpack_dont_email_post_to_subs":false,"_jetpack_newsletter_tier_id":0,"_jetpack_memberships_contains_paywalled_content":false,"_jetpack_memberships_contains_paid_content":false,"footnotes":""},"categories":[1],"tags":[],"class_list":["post-13011","post","type-post","status-publish","format-standard","hentry","category-sociedad"],"jetpack_featured_media_url":"","jetpack_shortlink":"https:\/\/wp.me\/p2JWE0-3nR","jetpack-related-posts":[{"id":84556,"url":"https:\/\/www.24baires.com\/?p=84556","url_meta":{"origin":13011,"position":0},"title":"Docentes y Gobierno vuelven a discutir paritarias","author":"AF","date":"04\/07\/2016","format":false,"excerpt":"El Gobierno bonaerense y los gremios docentes retomar\u00e1n esta semana las negociaciones paritarias en el marco de la Comisi\u00f3n T\u00e9cnica Salarial, donde los maestros pretender\u00e1n dar el puntapi\u00e9 inicial para discutir un nuevo aumento de sueldos para el segundo semestre, debate que por el momento la Provincia se niega a\u2026","rel":"","context":"En \u00abSociedad\u00bb","block_context":{"text":"Sociedad","link":"https:\/\/www.24baires.com\/?cat=1"},"img":{"alt_text":"baradel denuncia inspectores","src":"https:\/\/i0.wp.com\/www.24baires.com\/wp-content\/uploads\/2013\/05\/baradel-denuncia-inspectores.jpg?resize=350%2C200","width":350,"height":200,"srcset":"https:\/\/i0.wp.com\/www.24baires.com\/wp-content\/uploads\/2013\/05\/baradel-denuncia-inspectores.jpg?resize=350%2C200 1x, https:\/\/i0.wp.com\/www.24baires.com\/wp-content\/uploads\/2013\/05\/baradel-denuncia-inspectores.jpg?resize=525%2C300 1.5x"},"classes":[]},{"id":114066,"url":"https:\/\/www.24baires.com\/?p=114066","url_meta":{"origin":13011,"position":1},"title":"Provincia abre la negociaci\u00f3n paritaria con los docentes y estatales","author":"GB","date":"10\/02\/2020","format":false,"excerpt":"La administraci\u00f3n de Axel Kicillof y los gremios llevar\u00e1n adelante la primera reuni\u00f3n salarial del a\u00f1o en la sede del Ejecutivo de la provincia de Buenos Aires. El Gobierno bonaerense abre este lunes las negociaciones paritarias con los gremios docentes y estatales. La cl\u00e1usula gatillo ser\u00e1 el eje principal del\u2026","rel":"","context":"En \u00abProvincia\u00bb","block_context":{"text":"Provincia","link":"https:\/\/www.24baires.com\/?cat=40"},"img":{"alt_text":"","src":"https:\/\/i0.wp.com\/www.24baires.com\/wp-content\/uploads\/2020\/02\/paritaria-docente.jpg?resize=350%2C200","width":350,"height":200,"srcset":"https:\/\/i0.wp.com\/www.24baires.com\/wp-content\/uploads\/2020\/02\/paritaria-docente.jpg?resize=350%2C200 1x, https:\/\/i0.wp.com\/www.24baires.com\/wp-content\/uploads\/2020\/02\/paritaria-docente.jpg?resize=525%2C300 1.5x"},"classes":[]},{"id":12131,"url":"https:\/\/www.24baires.com\/?p=12131","url_meta":{"origin":13011,"position":2},"title":"La semana pr\u00f3xima se iniciar\u00e1 la \u00abdiscusi\u00f3n salarial\u00bb del gremio docente","author":"AF","date":"14\/01\/2013","format":false,"excerpt":"El gobierno bonaerense y los gremios docentes acordaron este lunes en su primera reuni\u00f3n paritaria de 2013 iniciar la semana pr\u00f3xima la discusi\u00f3n salarial a partir del comienzo de las tareas que tendr\u00e1n las comisiones t\u00e9cnicas sobre las condiciones laborales y de salud de los maestros de la provincia de\u2026","rel":"","context":"En \u00abSociedad\u00bb","block_context":{"text":"Sociedad","link":"https:\/\/www.24baires.com\/?cat=1"},"img":{"alt_text":"","src":"","width":0,"height":0},"classes":[]},{"id":107890,"url":"https:\/\/www.24baires.com\/?p=107890","url_meta":{"origin":13011,"position":3},"title":"Paro nacional: los principales gremios docentes de la provincia se suman a la medida de fuerza ma\u00f1ana. Adem\u00e1s parar\u00e1n ATE, CICOP y AJB.","author":"AF","date":"29\/04\/2019","format":false,"excerpt":"En el marco del paro nacional que realizar\u00e1n algunos sindicatos, los principales gremios docentes de la provincia de Buenos Aires no dictar\u00e1n clases durante el martes, medida a la que se suman adem\u00e1s los estatales de ATE, profesionales de la salud de Cicop y judiciales de la AJB. M\u00e1s all\u00e1\u2026","rel":"","context":"En \u00abSociedad\u00bb","block_context":{"text":"Sociedad","link":"https:\/\/www.24baires.com\/?cat=1"},"img":{"alt_text":"","src":"https:\/\/i0.wp.com\/www.24baires.com\/wp-content\/uploads\/2012\/11\/paro-docente.jpg?resize=350%2C200","width":350,"height":200,"srcset":"https:\/\/i0.wp.com\/www.24baires.com\/wp-content\/uploads\/2012\/11\/paro-docente.jpg?resize=350%2C200 1x, https:\/\/i0.wp.com\/www.24baires.com\/wp-content\/uploads\/2012\/11\/paro-docente.jpg?resize=525%2C300 1.5x"},"classes":[]},{"id":118565,"url":"https:\/\/www.24baires.com\/?p=118565","url_meta":{"origin":13011,"position":4},"title":"Provincia retoma la negociaci\u00f3n salarial con los estatales","author":"GB","date":"21\/02\/2022","format":false,"excerpt":"La reuni\u00f3n entre los ministros de Provincia y los estatales tendr\u00e1 lugar A LAS 16HS. Las partes analizar\u00e1n el \u00edndice inflacionario, la sobrecarga laboral y los pases a planta. El Gobierno bonaerense y los gremios que nuclean a los trabajadores estatales vuelven a verse las caras para discutir la actualizaci\u00f3n\u2026","rel":"","context":"En \u00abProvincia\u00bb","block_context":{"text":"Provincia","link":"https:\/\/www.24baires.com\/?cat=40"},"img":{"alt_text":"","src":"https:\/\/i0.wp.com\/www.24baires.com\/wp-content\/uploads\/2022\/02\/paritarias-provincia-300x200.jpeg?resize=350%2C200","width":350,"height":200},"classes":[]},{"id":103061,"url":"https:\/\/www.24baires.com\/?p=103061","url_meta":{"origin":13011,"position":5},"title":"Los docentes bonaerenses har\u00e1n un paro antes de las vacaciones de invierno","author":"GB","date":"29\/06\/2018","format":false,"excerpt":"Tras el paro nacional del 3 de julio por la represi\u00f3n en Chubut, los gremios retomar\u00e1n las medidas de fuerza en la Provincia \"por la falta de respuestas del Gobierno\". Podr\u00edan no iniciar las clases tras el receso invernal. Los gremios docentes bonaerenses realizar\u00e1n un paro provincial antes de las\u2026","rel":"","context":"En \u00abProvincia\u00bb","block_context":{"text":"Provincia","link":"https:\/\/www.24baires.com\/?cat=40"},"img":{"alt_text":"","src":"https:\/\/i0.wp.com\/www.24baires.com\/wp-content\/uploads\/2018\/04\/paro-docente.jpg?resize=350%2C200","width":350,"height":200,"srcset":"https:\/\/i0.wp.com\/www.24baires.com\/wp-content\/uploads\/2018\/04\/paro-docente.jpg?resize=350%2C200 1x, https:\/\/i0.wp.com\/www.24baires.com\/wp-content\/uploads\/2018\/04\/paro-docente.jpg?resize=525%2C300 1.5x"},"classes":[]}],"jetpack_sharing_enabled":true,"jetpack_likes_enabled":true,"_links":{"self":[{"href":"https:\/\/www.24baires.com\/index.php?rest_route=\/wp\/v2\/posts\/13011","targetHints":{"allow":["GET"]}}],"collection":[{"href":"https:\/\/www.24baires.com\/index.php?rest_route=\/wp\/v2\/posts"}],"about":[{"href":"https:\/\/www.24baires.com\/index.php?rest_route=\/wp\/v2\/types\/post"}],"author":[{"embeddable":true,"href":"https:\/\/www.24baires.com\/index.php?rest_route=\/wp\/v2\/users\/4"}],"replies":[{"embeddable":true,"href":"https:\/\/www.24baires.com\/index.php?rest_route=%2Fwp%2Fv2%2Fcomments&post=13011"}],"version-history":[{"count":2,"href":"https:\/\/www.24baires.com\/index.php?rest_route=\/wp\/v2\/posts\/13011\/revisions"}],"predecessor-version":[{"id":13014,"href":"https:\/\/www.24baires.com\/index.php?rest_route=\/wp\/v2\/posts\/13011\/revisions\/13014"}],"wp:attachment":[{"href":"https:\/\/www.24baires.com\/index.php?rest_route=%2Fwp%2Fv2%2Fmedia&parent=13011"}],"wp:term":[{"taxonomy":"category","embeddable":true,"href":"https:\/\/www.24baires.com\/index.php?rest_route=%2Fwp%2Fv2%2Fcategories&post=13011"},{"taxonomy":"post_tag","embeddable":true,"href":"https:\/\/www.24baires.com\/index.php?rest_route=%2Fwp%2Fv2%2Ftags&post=13011"}],"curies":[{"name":"wp","href":"https:\/\/api.w.org\/{rel}","templated":true}]}}