{"id":12978,"date":"2013-01-20T10:00:47","date_gmt":"2013-01-20T13:00:47","guid":{"rendered":"http:\/\/www.24baires.com\/?p=12978"},"modified":"2013-01-20T22:29:30","modified_gmt":"2013-01-21T01:29:30","slug":"este-lunes-por-la-noche-la-luna-ocultara-a-jupiter","status":"publish","type":"post","link":"https:\/\/www.24baires.com\/?p=12978","title":{"rendered":"Este lunes por la noche la Luna ocultar\u00e1 a J\u00fapiter"},"content":{"rendered":"<p style=\"text-align: center;\"><a href=\"http:\/\/www.24baires.com\/sociedad\/12978-este-lunes-por-la-noche-la-luna-ocultara-a-jupiter\/attachment\/luna-jupiter\/\" rel=\"attachment wp-att-12979\"><img data-recalc-dims=\"1\" loading=\"lazy\" decoding=\"async\" class=\"aligncenter  wp-image-12979\" alt=\"luna jupiter\" src=\"https:\/\/i0.wp.com\/www.24baires.com\/wp-content\/uploads\/2013\/01\/luna-jupiter.jpg?resize=560%2C380\" width=\"560\" height=\"380\" \/><\/a><\/p>\n<p>El acontecimiento ser\u00e1 visible en la Argentina y en el resto de Sudam\u00e9rica desde el anochecer del d\u00eda lunes hasta los primero minutos del d\u00eda martes.<!--more--><\/p>\n<p>La agencia espacial estadounidense NASA precis\u00f3 que la costa este de Sudam\u00e9rica ver\u00e1 el inicio del evento, mientras que en el extremo oeste lo ver\u00e1n completo y en condiciones m\u00e1s favorables porque J\u00fapiter estar\u00e1 a m\u00e1s altura, seg\u00fan despacho de la agencia espa\u00f1ola Europapress.<\/p>\n<p>De este modo, quien en la regi\u00f3n mire en la noche del lunes al cielo -siempre que las condiciones meteorol\u00f3gicas lo permitan-, podr\u00e1 ver a la Luna y a J\u00fapiter dirigirse al oeste por el mismo motivo que el Sol se mueve hacia esa direcci\u00f3n durante el d\u00eda: porque la Tierra rota hacia el este sobre su eje.<\/p>\n<p>El evento ser\u00e1 visible en una franja central de Am\u00e9rica del Sur que incluir\u00e1 a Ecuador, Per\u00fa, Paraguay, Bolivia, parte de Brasil, Chile, la Argentina y Uruguay y luego en la Polinesia Francesa.<\/p>\n<p>En el resto del mundo, los observadores se tendr\u00e1n que conformar con una conjunci\u00f3n entre ambos cuerpos, seg\u00fan Europapress.<\/p>\n<p>El Complejo Astron\u00f3mico Municipal de Rosario detall\u00f3 que al \u00abanochecer del d\u00eda 21 y a simple vista, podr\u00e1 verse la Luna que en su fase de cuarto creciente y estando en la constelaci\u00f3n de Tauro, presentar\u00e1 en el cielo una aparente y progresiva aproximaci\u00f3n con el planeta J\u00fapiter hasta ocultarlo lentamente pasadas las 0 del d\u00eda 22 por detr\u00e1s de su limbo oscuro, apareciendo varios minutos m\u00e1s tarde por su lado iluminado\u00bb.<\/p>\n<p>En un comunicado, los expertos agregaron que \u00abla ocultaci\u00f3n de J\u00fapiter y sus sat\u00e9lites galileanos, por la Luna observada con ayuda de instrumentos \u00f3pticos permitir\u00e1 apreciar que en primer lugar se ocultar\u00e1 Calisto, luego Io, seguido por J\u00fapiter con Europa y por \u00faltimo Gan\u00edmedes\u00bb.<\/p>\n<p>El pasado 25 de diciembre fue la \u00faltima vez que tuvo lugar este mismo fen\u00f3meno.<\/p>\n","protected":false},"excerpt":{"rendered":"<p>El acontecimiento ser\u00e1 visible en la Argentina y en el resto de Sudam\u00e9rica desde el anochecer del d\u00eda lunes hasta los primero minutos del d\u00eda martes.<\/p>\n","protected":false},"author":11,"featured_media":0,"comment_status":"open","ping_status":"open","sticky":false,"template":"","format":"standard","meta":{"_jetpack_newsletter_access":"","_jetpack_dont_email_post_to_subs":false,"_jetpack_newsletter_tier_id":0,"_jetpack_memberships_contains_paywalled_content":false,"_jetpack_memberships_contains_paid_content":false,"footnotes":""},"categories":[1],"tags":[],"class_list":["post-12978","post","type-post","status-publish","format-standard","hentry","category-sociedad"],"jetpack_featured_media_url":"","jetpack_shortlink":"https:\/\/wp.me\/p2JWE0-3nk","jetpack-related-posts":[{"id":24441,"url":"https:\/\/www.24baires.com\/?p=24441","url_meta":{"origin":12978,"position":0},"title":"Este martes se alinean Mercurio, Venus y J\u00fapiter","author":"Grupo Sierra","date":"26\/05\/2013","format":false,"excerpt":"El cielo austral ofrecer\u00e1 el martes pr\u00f3ximo una conjunci\u00f3n de Mercurio, Venus y J\u00fapiter. El fen\u00f3meno visual se apreciar\u00e1 entre las 18 y las 18.37 sobre el horizonte oeste, seg\u00fan inform\u00f3 el observatorio astron\u00f3mico \u201cPadre Adolfo Kolping\u201d, de Posadas. \"El plato fuerte lo dar\u00e1n Venus y J\u00fapiter que se ubicaran\u2026","rel":"","context":"En \u00abGeneral\u00bb","block_context":{"text":"General","link":"https:\/\/www.24baires.com\/?cat=67"},"img":{"alt_text":"conjuncion planetas","src":"https:\/\/i0.wp.com\/www.24baires.com\/wp-content\/uploads\/2013\/05\/conjuncion-planetas.jpg?resize=350%2C200","width":350,"height":200,"srcset":"https:\/\/i0.wp.com\/www.24baires.com\/wp-content\/uploads\/2013\/05\/conjuncion-planetas.jpg?resize=350%2C200 1x, https:\/\/i0.wp.com\/www.24baires.com\/wp-content\/uploads\/2013\/05\/conjuncion-planetas.jpg?resize=525%2C300 1.5x"},"classes":[]},{"id":15549,"url":"https:\/\/www.24baires.com\/?p=15549","url_meta":{"origin":12978,"position":1},"title":"Un asteroide pasar\u00e1 entre la Tierra y la Luna: temen que afecte las comunicaciones","author":"AF","date":"13\/02\/2013","format":false,"excerpt":"El asteroide 2012 DA14, de unos 45 metros de di\u00e1metro, pasar\u00e1 el pr\u00f3ximo viernes a 27.000 kil\u00f3metros de la Tierra. El fen\u00f3meno significa un evento extraordinario de observar y tambi\u00e9n genera preocupaciones sobre c\u00f3mo afectar\u00e1 a las comunicaciones. El asteroide 2012 DA14, de unos 45 metros de di\u00e1metro, pasar\u00e1 el\u2026","rel":"","context":"En \u00abTecnolog\u00eda\u00bb","block_context":{"text":"Tecnolog\u00eda","link":"https:\/\/www.24baires.com\/?cat=46"},"img":{"alt_text":"asteroide","src":"https:\/\/i0.wp.com\/www.24baires.com\/wp-content\/uploads\/2013\/02\/asteroide-300x229.jpg?resize=350%2C200","width":350,"height":200},"classes":[]},{"id":52402,"url":"https:\/\/www.24baires.com\/?p=52402","url_meta":{"origin":12978,"position":2},"title":"Sabina agreg\u00f3 tres nuevas funciones en el Luna Park","author":"GB","date":"25\/08\/2014","format":false,"excerpt":"El cantautor espa\u00f1ol Joaqu\u00edn Sabina agreg\u00f3 tres nuevas funciones los d\u00edas 23, 24 y 27 de septiembre, que se suman a las ya previstas para el 3, 4, 9, 11, 12, 20 y 21 del mismo mes en el porte\u00f1o estadio Luna Park, donde presentar\u00e1 su espect\u00e1culo \"500 noches para\u2026","rel":"","context":"En \u00abEspectaculos\u00bb","block_context":{"text":"Espectaculos","link":"https:\/\/www.24baires.com\/?cat=41"},"img":{"alt_text":"sabina 1","src":"https:\/\/i0.wp.com\/www.24baires.com\/wp-content\/uploads\/2014\/08\/sabina-1.jpg?resize=350%2C200","width":350,"height":200,"srcset":"https:\/\/i0.wp.com\/www.24baires.com\/wp-content\/uploads\/2014\/08\/sabina-1.jpg?resize=350%2C200 1x, https:\/\/i0.wp.com\/www.24baires.com\/wp-content\/uploads\/2014\/08\/sabina-1.jpg?resize=525%2C300 1.5x"},"classes":[]},{"id":37923,"url":"https:\/\/www.24baires.com\/?p=37923","url_meta":{"origin":12978,"position":3},"title":"Se larga en Rosario el Rally Dakar 2014","author":"Grupo Sierra","date":"04\/01\/2014","format":false,"excerpt":"El Rally Dakar, que tiene su ceremonia de podio a los pies del Monumento a la Bandera, iniciar\u00e1 este domingo en Rosario su 35ta. traves\u00eda, la sexta en Sudam\u00e9rica, en una edici\u00f3n que unir\u00e1 Argentina, Bolivia y Chile tras completar algo m\u00e1s de 9.000 kil\u00f3metros. El sexto Dakar que se\u2026","rel":"","context":"En \u00abDeportes\u00bb","block_context":{"text":"Deportes","link":"https:\/\/www.24baires.com\/?cat=12"},"img":{"alt_text":"dakar rosario","src":"https:\/\/i0.wp.com\/www.24baires.com\/wp-content\/uploads\/2014\/01\/dakar-rosario.jpg?resize=350%2C200","width":350,"height":200,"srcset":"https:\/\/i0.wp.com\/www.24baires.com\/wp-content\/uploads\/2014\/01\/dakar-rosario.jpg?resize=350%2C200 1x, https:\/\/i0.wp.com\/www.24baires.com\/wp-content\/uploads\/2014\/01\/dakar-rosario.jpg?resize=525%2C300 1.5x"},"classes":[]},{"id":50890,"url":"https:\/\/www.24baires.com\/?p=50890","url_meta":{"origin":12978,"position":4},"title":"Sabina sum\u00f3 tres nuevas fechas a su presentaci\u00f3n en el Luna Park","author":"GB","date":"31\/07\/2014","format":false,"excerpt":"Por entradas agotadas, el cantautor espa\u00f1ol agreg\u00f3 shows el 12, 20 y 21 de septiembre, que se suman a las ya previstas de los d\u00edas 3, 4, 9 y 11 del mismo mes, cuando presentar\u00e1 su espect\u00e1culo \"500 noches para una crisis\". Pasaron m\u00e1s de tres a\u00f1os desde que Sabina\u2026","rel":"","context":"En \u00abEspectaculos\u00bb","block_context":{"text":"Espectaculos","link":"https:\/\/www.24baires.com\/?cat=41"},"img":{"alt_text":"sabina","src":"https:\/\/i0.wp.com\/www.24baires.com\/wp-content\/uploads\/2014\/07\/sabina.jpg?resize=350%2C200","width":350,"height":200,"srcset":"https:\/\/i0.wp.com\/www.24baires.com\/wp-content\/uploads\/2014\/07\/sabina.jpg?resize=350%2C200 1x, https:\/\/i0.wp.com\/www.24baires.com\/wp-content\/uploads\/2014\/07\/sabina.jpg?resize=525%2C300 1.5x"},"classes":[]},{"id":7102,"url":"https:\/\/www.24baires.com\/?p=7102","url_meta":{"origin":12978,"position":5},"title":"\u00abMasa cr\u00edtica\u00bb pedalear\u00e1 de noche en el oeste del conurbano","author":"AF","date":"28\/11\/2012","format":false,"excerpt":"Cientos de bicicletas recorrer\u00e1n parte del partido de Mor\u00f3n bajo la luz de la luna. \"La idea es promover la bici como transporte\", explicaron. La rueda gira sobre el asfalto impulsada por una cadena que transmite la fuerza ejercida por el pedal. La bicicleta recorre los barrios y hasta se\u2026","rel":"","context":"En \u00abSociedad\u00bb","block_context":{"text":"Sociedad","link":"https:\/\/www.24baires.com\/?cat=1"},"img":{"alt_text":"","src":"https:\/\/i0.wp.com\/www.24baires.com\/wp-content\/uploads\/2012\/11\/masa-cr%C3%ADtica-del-oeste-300x225.jpg?resize=350%2C200","width":350,"height":200},"classes":[]}],"jetpack_sharing_enabled":true,"jetpack_likes_enabled":true,"_links":{"self":[{"href":"https:\/\/www.24baires.com\/index.php?rest_route=\/wp\/v2\/posts\/12978","targetHints":{"allow":["GET"]}}],"collection":[{"href":"https:\/\/www.24baires.com\/index.php?rest_route=\/wp\/v2\/posts"}],"about":[{"href":"https:\/\/www.24baires.com\/index.php?rest_route=\/wp\/v2\/types\/post"}],"author":[{"embeddable":true,"href":"https:\/\/www.24baires.com\/index.php?rest_route=\/wp\/v2\/users\/11"}],"replies":[{"embeddable":true,"href":"https:\/\/www.24baires.com\/index.php?rest_route=%2Fwp%2Fv2%2Fcomments&post=12978"}],"version-history":[{"count":4,"href":"https:\/\/www.24baires.com\/index.php?rest_route=\/wp\/v2\/posts\/12978\/revisions"}],"predecessor-version":[{"id":12983,"href":"https:\/\/www.24baires.com\/index.php?rest_route=\/wp\/v2\/posts\/12978\/revisions\/12983"}],"wp:attachment":[{"href":"https:\/\/www.24baires.com\/index.php?rest_route=%2Fwp%2Fv2%2Fmedia&parent=12978"}],"wp:term":[{"taxonomy":"category","embeddable":true,"href":"https:\/\/www.24baires.com\/index.php?rest_route=%2Fwp%2Fv2%2Fcategories&post=12978"},{"taxonomy":"post_tag","embeddable":true,"href":"https:\/\/www.24baires.com\/index.php?rest_route=%2Fwp%2Fv2%2Ftags&post=12978"}],"curies":[{"name":"wp","href":"https:\/\/api.w.org\/{rel}","templated":true}]}}