{"id":1296,"date":"2012-10-07T14:07:46","date_gmt":"2012-10-07T17:07:46","guid":{"rendered":"http:\/\/www.24baires.com\/?p=1296"},"modified":"2012-10-07T14:07:46","modified_gmt":"2012-10-07T17:07:46","slug":"para-ser-peronista-hay-que-estar-con-cristina-y-ser-kirchnerista","status":"publish","type":"post","link":"https:\/\/www.24baires.com\/?p=1296","title":{"rendered":"\u00abPara ser peronista hay que estar con Cristina y ser kirchnerista\u201d"},"content":{"rendered":"<p><strong><img data-recalc-dims=\"1\" loading=\"lazy\" decoding=\"async\" class=\"alignleft size-medium wp-image-1297\" title=\"ferraresi avellaneda\" src=\"https:\/\/i0.wp.com\/www.24baires.com\/wp-content\/uploads\/2012\/10\/ferraresi-avellaneda.jpg?resize=300%2C187\" alt=\"\" width=\"300\" height=\"187\" srcset=\"https:\/\/i0.wp.com\/www.24baires.com\/wp-content\/uploads\/2012\/10\/ferraresi-avellaneda.jpg?resize=300%2C187&amp;ssl=1 300w, https:\/\/i0.wp.com\/www.24baires.com\/wp-content\/uploads\/2012\/10\/ferraresi-avellaneda.jpg?w=320&amp;ssl=1 320w\" sizes=\"auto, (max-width: 300px) 100vw, 300px\" \/>AVELLANEDA<\/strong>.- As\u00ed lo indic\u00f3 el intendente \u00a0Jorge Ferraresi, durante un acto en el que se entregaron las llaves de 36 viviendas, que se concret\u00f3 el viernes. \u00abEl resto que se cambie el nombre porque no tiene nada que ver con el peronismo\u00bb, advirti\u00f3 el jefe comunal.<!--more--><\/p>\n<p>&nbsp;<\/p>\n<p>El intendente de Avellaneda, Jorge Ferraresi, asegur\u00f3 el viernes que el kirchnerismo \u00abno retroceder\u00e1 ni un cent\u00edmetro y va a defender a nuestra Presidenta\u00bb, durante un acto de entrega de viviendas a municipales en Wilde.<\/p>\n<p>\u00abHoy para ser peronista hay que estar con Cristina y ser kirchnerista, el resto que se cambie el nombre porque no tiene nada que ver con el peronismo\u00bb, pidi\u00f3 el jefe comunal que estaba acompa\u00f1ado por el diputado nacional y secretario general de La C\u00e1mpora, Andr\u00e9s \u00abCuervo\u00bb Larroque.<\/p>\n<p>Ante un centenar de trabajadores municipales que aguardaban recibir las llaves de sus viviendas y acompa\u00f1ados por militantes de la JP Evita, Kolina, La C\u00e1mpora y otras organizaciones, hablaron el concejal Fernando Abal, Larroque y finalmente Ferraresi.<\/p>\n<p>Larroque en su discurso, tras reconocer al inicio el papel de Avellaneda y sus vecinos en la historia del peronismo y del pa\u00eds, se refiri\u00f3 a las \u00abestrategias del odio\u00bb de los que s\u00f3lo dicen palabras mientras que desde el gobierno nacional se \u00abhacen obras concretas que se pueden tocar\u00bb.<\/p>\n<p>En esa l\u00ednea de pensamiento el legislador nacional record\u00f3 que \u00aben alguna \u00e9poca algunos que se dec\u00edan peronistas entregaban zapatillas con su nombre\u00bb y lo contrapuso con la distribuci\u00f3n masiva de netbooks, tarjetas para jubilados y otros beneficios sociales. A\u00f1adi\u00f3 que el objetivo del gobierno y de la presidenta Cristina Fern\u00e1ndez de Kirchner \u00abes el mismo de Per\u00f3n y Evita: realizar definitivamente la justicia social entre los argentinos\u00bb y rechaz\u00f3 los \u00abdesplantes que tenemos que soportar\u00bb en referencia a los caceroleros y la sorpresiva protesta de integrantes de prefectura y gendarmer\u00eda.<\/p>\n<p>\u00abTenemos que ser muy conscientes en este momento y saber qu\u00e9 quiere decir unidos y organizados, qu\u00e9 significa este nuevo peronismo que recuper\u00f3 N\u00e9stor Kirchner y consolida Cristina todos los d\u00edas\u00bb, sigui\u00f3 el referente de La C\u00e1mpora.<\/p>\n<p>Remarc\u00f3 que el \u00abperonismo unido, organizado y amplio\u00bb siempre fue \u00abmovimientista\u00bb y en \u00e9l hay espacio para todas las expresiones pol\u00edticas \u00abpara conducirlos a la victoria que es la felicidad del pueblo\u00bb. Enfatiz\u00f3 que actualmente \u00abhay s\u00f3lo peronistas, los que cumplen con el legado de Per\u00f3n y Evita y son los que hoy acompa\u00f1an a Cristina. Esos son los peronistas, los otros son los que entregan los s\u00edmbolos y nuestra historia, no merecen llamarse peronistas\u00bb.<\/p>\n<p>El diputado finaliz\u00f3 su discurso pidiendo \u00abtener en claro que ac\u00e1 el peronismo es el que acompa\u00f1a a la Presidenta y el que da la vida por los ideales de una patria m\u00e1s justa libre y soberana, y no vamos a descansar hasta lograrlo\u00bb.<\/p>\n<p>Ferraresi, que cerr\u00f3 el acto, asegur\u00f3 que \u00abcomo dec\u00eda Eva Per\u00f3n tenemos la tarea de derrotar a esa oligarqu\u00eda que tenemos dentro del movimiento y los vamos a sacar a patadas porque el sue\u00f1o de los argentinos no va a caer\u00bb.<\/p>\n<p>Tras los discursos se entregaron, una por una, las llaves de unas 36 viviendas ya construidas sobre un total de 252 por el Programa Federal de Construcci\u00f3n de Viviendas a trav\u00e9s de un convenio con la Mutual de trabajadores municipales de Avellaneda, la comuna y el gobierno nacional.<\/p>\n","protected":false},"excerpt":{"rendered":"<p>AVELLANEDA.- As\u00ed lo indic\u00f3 el intendente \u00a0Jorge Ferraresi, durante un acto en el que se entregaron las llaves de 36 viviendas, que se concret\u00f3 el viernes. \u00abEl resto que se cambie el nombre porque no tiene nada que ver con el peronismo\u00bb, advirti\u00f3 el jefe comunal.<\/p>\n","protected":false},"author":11,"featured_media":0,"comment_status":"open","ping_status":"open","sticky":false,"template":"","format":"standard","meta":{"_jetpack_newsletter_access":"","_jetpack_dont_email_post_to_subs":false,"_jetpack_newsletter_tier_id":0,"_jetpack_memberships_contains_paywalled_content":false,"_jetpack_memberships_contains_paid_content":false,"footnotes":""},"categories":[51],"tags":[],"class_list":["post-1296","post","type-post","status-publish","format-standard","hentry","category-politica"],"jetpack_featured_media_url":"","jetpack_shortlink":"https:\/\/wp.me\/p2JWE0-kU","jetpack-related-posts":[{"id":108359,"url":"https:\/\/www.24baires.com\/?p=108359","url_meta":{"origin":1296,"position":0},"title":"Alberto Fern\u00e1ndez se re\u00fane con intendentes en San Antonio de Areco","author":"GB","date":"24\/05\/2019","format":false,"excerpt":"El anfitri\u00f3n ser\u00e1 Francisco \u201cPaco\u201d Dura\u00f1ona, quien mantiene su candidatura a Gobernador. Los jefes comunales le hablar\u00e1n de la importancia de fortalecer los municipios Alberto Fern\u00e1ndez sigue estrenando su traje de candidato presidencial de Cristina Kirchner. En ese marco, llegar\u00e1 este mediod\u00eda a San Antonio de Areco para mantener una\u2026","rel":"","context":"En \u00abPol\u00edtica\u00bb","block_context":{"text":"Pol\u00edtica","link":"https:\/\/www.24baires.com\/?cat=51"},"img":{"alt_text":"","src":"https:\/\/i0.wp.com\/www.24baires.com\/wp-content\/uploads\/2019\/05\/alberto-fernandez.jpg?resize=350%2C200","width":350,"height":200,"srcset":"https:\/\/i0.wp.com\/www.24baires.com\/wp-content\/uploads\/2019\/05\/alberto-fernandez.jpg?resize=350%2C200 1x, https:\/\/i0.wp.com\/www.24baires.com\/wp-content\/uploads\/2019\/05\/alberto-fernandez.jpg?resize=525%2C300 1.5x"},"classes":[]},{"id":87304,"url":"https:\/\/www.24baires.com\/?p=87304","url_meta":{"origin":1296,"position":1},"title":"Ferraresi: \u00abUnos hablan de candidaturas y, con Cristina Fern\u00e1ndez, nos preocupamos por la situaci\u00f3n social\u00bb","author":"GB","date":"07\/09\/2016","format":false,"excerpt":"El intendente de Avellaneda confirm\u00f3 que no fue invitado al acto de un sector del peronismo para hablar de \"renovaci\u00f3n\" y critic\u00f3 que no fue un acto pol\u00edtico sino de un \"encuentro de dirigentes\". Adem\u00e1s, afirm\u00f3 que Pinedo \"es un irrespetuoso\" y le mand\u00f3 un mensaje al PRO para las\u2026","rel":"","context":"En \u00abLocales\u00bb","block_context":{"text":"Locales","link":"https:\/\/www.24baires.com\/?cat=38"},"img":{"alt_text":"ferraresi","src":"https:\/\/i0.wp.com\/www.24baires.com\/wp-content\/uploads\/2016\/09\/ferraresi.jpg?resize=350%2C200","width":350,"height":200,"srcset":"https:\/\/i0.wp.com\/www.24baires.com\/wp-content\/uploads\/2016\/09\/ferraresi.jpg?resize=350%2C200 1x, https:\/\/i0.wp.com\/www.24baires.com\/wp-content\/uploads\/2016\/09\/ferraresi.jpg?resize=525%2C300 1.5x"},"classes":[]},{"id":102457,"url":"https:\/\/www.24baires.com\/?p=102457","url_meta":{"origin":1296,"position":2},"title":"Municipios gobernados por Cambiemos son los de paritarias m\u00e1s bajas","author":"GB","date":"31\/05\/2018","format":false,"excerpt":"Seg\u00fan un informe, el macrismo es la fuerza pol\u00edtica que cerr\u00f3 los aumentos salariales m\u00e1s bajos para trabajadores municipales en la regi\u00f3n metropolitana desde 2016. Para 2018, el promedio en los distritos oficialistas fue de 13 %, ocho puntos por debajo de las gestiones peronistas. Los intendentes que menos pagan\u2026","rel":"","context":"En \u00abProvincia\u00bb","block_context":{"text":"Provincia","link":"https:\/\/www.24baires.com\/?cat=40"},"img":{"alt_text":"","src":"https:\/\/i0.wp.com\/www.24baires.com\/wp-content\/uploads\/2018\/05\/intendentes-cambiemos.jpg?resize=350%2C200","width":350,"height":200,"srcset":"https:\/\/i0.wp.com\/www.24baires.com\/wp-content\/uploads\/2018\/05\/intendentes-cambiemos.jpg?resize=350%2C200 1x, https:\/\/i0.wp.com\/www.24baires.com\/wp-content\/uploads\/2018\/05\/intendentes-cambiemos.jpg?resize=525%2C300 1.5x"},"classes":[]},{"id":122195,"url":"https:\/\/www.24baires.com\/?p=122195","url_meta":{"origin":1296,"position":3},"title":"Interna de Uni\u00f3n por la Patria: Kicillof se re\u00fane con intendentes leales","author":"GB","date":"11\/04\/2025","format":false,"excerpt":"El Gobernador bonaerense recibir\u00e1 este viernes a los jefes municipales afines, en medio de un clima de tensi\u00f3n extrema tras el desdoblamiento de las elecciones en la Provincia. La ex Presidenta tuvo su c\u00f3nclave con alcaldes propios el mi\u00e9rcoles y no se descarta que sea candidata a la Legislatura. Contin\u00faan\u2026","rel":"","context":"En \u00abProvincia\u00bb","block_context":{"text":"Provincia","link":"https:\/\/www.24baires.com\/?cat=40"},"img":{"alt_text":"","src":"https:\/\/i0.wp.com\/www.24baires.com\/wp-content\/uploads\/2025\/04\/kici-intendentes.png?resize=350%2C200","width":350,"height":200,"srcset":"https:\/\/i0.wp.com\/www.24baires.com\/wp-content\/uploads\/2025\/04\/kici-intendentes.png?resize=350%2C200 1x, https:\/\/i0.wp.com\/www.24baires.com\/wp-content\/uploads\/2025\/04\/kici-intendentes.png?resize=525%2C300 1.5x, https:\/\/i0.wp.com\/www.24baires.com\/wp-content\/uploads\/2025\/04\/kici-intendentes.png?resize=700%2C400 2x"},"classes":[]},{"id":105173,"url":"https:\/\/www.24baires.com\/?p=105173","url_meta":{"origin":1296,"position":4},"title":"\u00abSer\u00eda aberrante formar un frente opositor sin el kirchnerismo\u00bb","author":"GB","date":"30\/10\/2018","format":false,"excerpt":"El intendente de Tigre afirm\u00f3 que CFK y Massa tienen \"ideas en com\u00fan\" y pidi\u00f3 que confluyan en un mismo frente. Larroque le abri\u00f3 las puertas al exdiputado y dijo que \"el \u00fanico l\u00edmite es Macri\". El intendente de Tigre, Julio Zamora, opin\u00f3 que ser\u00eda \"aberrante\" excluir al kirchnerismo del\u2026","rel":"","context":"En \u00abPol\u00edtica\u00bb","block_context":{"text":"Pol\u00edtica","link":"https:\/\/www.24baires.com\/?cat=51"},"img":{"alt_text":"","src":"https:\/\/i0.wp.com\/www.24baires.com\/wp-content\/uploads\/2018\/10\/massa-zamora.jpg?resize=350%2C200","width":350,"height":200,"srcset":"https:\/\/i0.wp.com\/www.24baires.com\/wp-content\/uploads\/2018\/10\/massa-zamora.jpg?resize=350%2C200 1x, https:\/\/i0.wp.com\/www.24baires.com\/wp-content\/uploads\/2018\/10\/massa-zamora.jpg?resize=525%2C300 1.5x"},"classes":[]},{"id":33688,"url":"https:\/\/www.24baires.com\/?p=33688","url_meta":{"origin":1296,"position":5},"title":"\u00abLealtad es seguir devolviendo derechos a los argentinos\u00bb, asegur\u00f3 Insaurralde","author":"AF","date":"17\/10\/2013","format":false,"excerpt":"El candidato a diputado por el FPV en Buenos Aires, Mart\u00edn Insaurralde, afirm\u00f3 hoy que la lealtad est\u00e1 en la \"responsabilidad de trabajar todos los d\u00edas incansablemente para seguir devolviendo derechos a los argentinos\". Adem\u00e1s, Insaurralde pidi\u00f3 para las elecciones legislativas del 27 de octubre \"un voto a favor del\u2026","rel":"","context":"En \u00abPol\u00edtica\u00bb","block_context":{"text":"Pol\u00edtica","link":"https:\/\/www.24baires.com\/?cat=51"},"img":{"alt_text":"insaurralde presentacion","src":"https:\/\/i0.wp.com\/www.24baires.com\/wp-content\/uploads\/2013\/09\/insaurralde-presentacion.jpg?resize=350%2C200","width":350,"height":200,"srcset":"https:\/\/i0.wp.com\/www.24baires.com\/wp-content\/uploads\/2013\/09\/insaurralde-presentacion.jpg?resize=350%2C200 1x, https:\/\/i0.wp.com\/www.24baires.com\/wp-content\/uploads\/2013\/09\/insaurralde-presentacion.jpg?resize=525%2C300 1.5x"},"classes":[]}],"jetpack_sharing_enabled":true,"jetpack_likes_enabled":true,"_links":{"self":[{"href":"https:\/\/www.24baires.com\/index.php?rest_route=\/wp\/v2\/posts\/1296","targetHints":{"allow":["GET"]}}],"collection":[{"href":"https:\/\/www.24baires.com\/index.php?rest_route=\/wp\/v2\/posts"}],"about":[{"href":"https:\/\/www.24baires.com\/index.php?rest_route=\/wp\/v2\/types\/post"}],"author":[{"embeddable":true,"href":"https:\/\/www.24baires.com\/index.php?rest_route=\/wp\/v2\/users\/11"}],"replies":[{"embeddable":true,"href":"https:\/\/www.24baires.com\/index.php?rest_route=%2Fwp%2Fv2%2Fcomments&post=1296"}],"version-history":[{"count":0,"href":"https:\/\/www.24baires.com\/index.php?rest_route=\/wp\/v2\/posts\/1296\/revisions"}],"wp:attachment":[{"href":"https:\/\/www.24baires.com\/index.php?rest_route=%2Fwp%2Fv2%2Fmedia&parent=1296"}],"wp:term":[{"taxonomy":"category","embeddable":true,"href":"https:\/\/www.24baires.com\/index.php?rest_route=%2Fwp%2Fv2%2Fcategories&post=1296"},{"taxonomy":"post_tag","embeddable":true,"href":"https:\/\/www.24baires.com\/index.php?rest_route=%2Fwp%2Fv2%2Ftags&post=1296"}],"curies":[{"name":"wp","href":"https:\/\/api.w.org\/{rel}","templated":true}]}}