{"id":1294,"date":"2012-10-07T13:02:09","date_gmt":"2012-10-07T16:02:09","guid":{"rendered":"http:\/\/www.24baires.com\/?p=1294"},"modified":"2012-10-08T15:52:45","modified_gmt":"2012-10-08T18:52:45","slug":"historietas-para-todos-los-gustos-en-tecnopolis","status":"publish","type":"post","link":"https:\/\/www.24baires.com\/?p=1294","title":{"rendered":"Historietas para todos los gustos en Tecn\u00f3polis"},"content":{"rendered":"<p>En el Cuarto Festival Internacional de Historietas \u00abVi\u00f1etas Sueltas\u00bb, los realizadores del Suplemento de Aventuras \u00abHistorietas Nacionales\u00bb de la agencia T\u00e9lam ofrecieron una charla en el predio de Villa Martelli. Una amplia agenda de muestras, conferencias y presentaciones con invitados de todo el mundo.<!--more--><br \/>\nEn el espacio de muestras de la Gran Feria de Editoriales y Revistas Latinoamericanas, en Tecn\u00f3polis, ofrecieron una charla los dibujantes Enrique Alcatena, \u00c1ngel \u00abLito\u00bb Fern\u00e1ndez, Dante Ginevra, la guionista Laura V\u00e1zquez y Lautaro Ortiz, editor de \u00abHistorietas Nacionales\u00bb.<\/p>\n<p>\u00abLa idea de esta mesa es presentar el proyecto que viene realizando la Agencia T\u00e9lam desde el 10 de octubre del 2011. Me convocaron porque quer\u00edan difundir por primera vez historietas argentinas. A partir de ah\u00ed, iniciamos un suplemento que se edita todos los s\u00e1bados\u00bb, explic\u00f3 Ortiz.<\/p>\n<p>El proyecto \u00abera presentar historietas con una visi\u00f3n particular, con una mirada pol\u00edtica, pero sin privar la libertad de creaci\u00f3n\u00bb, se\u00f1al\u00f3 el editor.<\/p>\n<p>Agreg\u00f3 que \u201cen este proyecto se sumaron varias generaciones, desde maestros como Alcatena o Fern\u00e1ndez, hasta dibujantes y guionistas de las nuevas generaciones como Ginevra o Diego Par\u00e9s\u00bb.<\/p>\n<p>\u00abLa idea de T\u00e9lam fue llegar a todos los peque\u00f1os medios del interior del pa\u00eds y que se dieran a conocer estos autores, para salir un poco del circulo de los aficionados. Es un proyecto que tiene una mirada federal y estamos teniendo buenas repercusiones\u00bb, sostuvo Ortiz.<\/p>\n<p>Por su parte, el dibujante \u00c1ngel \u00abLito\u00bb Fern\u00e1ndez expres\u00f3 que \u00abcomo dec\u00eda mi maestro, Alberto Breccia, uno de los mejores dibujantes del pa\u00eds: una golondrina no hace verano. Se necesita de las nuevas generaciones, se necesita que los grandes miremos qu\u00e9 hacen las nuevas mentes; con alegr\u00eda, con esperanza y con respeto\u00bb.<\/p>\n<p>\u00abEl dibujante no solo se dedica a la historieta, es un artista integral, que debe ser integral. Nosotros acompa\u00f1amos a las nuevas generaciones empuj\u00e1ndolos un poquito con nuestra mirada\u00bb, dijo.<\/p>\n<p>A su turno, el dibujante Enrique Alcatena a explic\u00f3 que \u00abes una experiencia grata estar con colegas que uno respeta y quiere, pero ya antes se plante\u00f3 el tema de lo nuevo contra lo viejo y quisiera zanjarlo de una vez por todas\u00bb.<\/p>\n<p>\u00abPorque yo siento que estoy trabajando con pares, no hay una cosa de dibujantes antiguos y dibujantes modernos, no s\u00e9 si es tan diferente la mirada y no s\u00e9 si conviene resaltar esas diferencias que en realidad son categor\u00edas que no suman\u00bb, reflexion\u00f3.<\/p>\n<p>El Cuarto Festival Internacional de Historietas \u201cVi\u00f1etas Sueltas\u201d se desarrolla en Tecn\u00f3polis hasta este domingo con exposiciones y charlas.<\/p>\n<p>Este s\u00e1bado tuvo buena recepci\u00f3n la presentaci\u00f3n de Liniers, quien estuvo firmando libros en el stand de su editorial.<\/p>\n<p>El encuentro trae numerosos invitados internacionales, como la norteamericana Sarah Glidden, exponente del comic journalism; la comitiva de la Isla de la Reuni\u00f3n, los franceses continentales Darshan y Olivier Balez, y un grupo de latinoamericanos.<\/p>\n","protected":false},"excerpt":{"rendered":"<p>En el Cuarto Festival Internacional de Historietas \u00abVi\u00f1etas Sueltas\u00bb, los realizadores del Suplemento de Aventuras \u00abHistorietas Nacionales\u00bb de la agencia T\u00e9lam ofrecieron una charla en el predio de Villa Martelli. Una amplia agenda de muestras, conferencias y presentaciones con invitados de todo el mundo.<\/p>\n","protected":false},"author":11,"featured_media":0,"comment_status":"open","ping_status":"open","sticky":false,"template":"","format":"standard","meta":{"_jetpack_newsletter_access":"","_jetpack_dont_email_post_to_subs":false,"_jetpack_newsletter_tier_id":0,"_jetpack_memberships_contains_paywalled_content":false,"_jetpack_memberships_contains_paid_content":false,"footnotes":""},"categories":[1],"tags":[],"class_list":["post-1294","post","type-post","status-publish","format-standard","hentry","category-sociedad"],"jetpack_featured_media_url":"","jetpack_shortlink":"https:\/\/wp.me\/p2JWE0-kS","jetpack-related-posts":[{"id":54035,"url":"https:\/\/www.24baires.com\/?p=54035","url_meta":{"origin":1294,"position":0},"title":"Comic\u00f3polis fue furor entre los fan\u00e1ticos de la historieta","author":"Grupo Sierra","date":"21\/09\/2014","format":false,"excerpt":"Con el padrinazgo de Horacio Altuna, la segunda edici\u00f3n de Comic\u00f3polis, el gran festival de la historieta en la Argentina, que puso nuevamente de relieve lo mejor de los trabajos argentinos, concluy\u00f3 hoy con 90.000 visitantes en cuatro d\u00edas, un r\u00e9cord de personas que llegaron a Tecn\u00f3polis para participar de\u2026","rel":"","context":"En \u00abCultura\u00bb","block_context":{"text":"Cultura","link":"https:\/\/www.24baires.com\/?cat=66"},"img":{"alt_text":"historieta c\u00f3mic","src":"https:\/\/i0.wp.com\/www.24baires.com\/wp-content\/uploads\/2014\/09\/historieta-c%C3%B3mic-300x200.jpg?resize=350%2C200","width":350,"height":200},"classes":[]},{"id":52959,"url":"https:\/\/www.24baires.com\/?p=52959","url_meta":{"origin":1294,"position":1},"title":"Argentina tendr\u00e1 \u00abLa historieta m\u00e1s larga del mundo\u00bb","author":"Grupo Sierra","date":"02\/09\/2014","format":false,"excerpt":"El Ministerio de Cultura de la Naci\u00f3n impulsar\u00e1 este jueves la creaci\u00f3n del proyecto, que se realizar\u00e1 en la Plaza del Congreso de la Ciudad de Buenos Aires como parte de las celebraciones por el D\u00eda Nacional de la Historieta. La conmemoraci\u00f3n, inaugurada en 2009, es en homenaje a la\u2026","rel":"","context":"En \u00abCultura\u00bb","block_context":{"text":"Cultura","link":"https:\/\/www.24baires.com\/?cat=66"},"img":{"alt_text":"","src":"","width":0,"height":0},"classes":[]},{"id":34557,"url":"https:\/\/www.24baires.com\/?p=34557","url_meta":{"origin":1294,"position":2},"title":"Tecn\u00f3polis cierra sus puertas hasta el 2014","author":"GB","date":"03\/11\/2013","format":false,"excerpt":"Tecn\u00f3polis cerrar\u00e1 su edici\u00f3n 2013 con un campeonato de TEG, para el que invit\u00f3 a participar del juego a 216 amantes de la \"t\u00e1ctica y la estrategia\". La convocatoria comenzar\u00e1 a las 12 y se extender\u00e1 hasta a las 13 para el armado de los grupos, y el juego se\u2026","rel":"","context":"En \u00abSociedad\u00bb","block_context":{"text":"Sociedad","link":"https:\/\/www.24baires.com\/?cat=1"},"img":{"alt_text":"tecnopolis","src":"https:\/\/i0.wp.com\/www.24baires.com\/wp-content\/uploads\/2013\/11\/tecnopolis.jpg?resize=350%2C200","width":350,"height":200,"srcset":"https:\/\/i0.wp.com\/www.24baires.com\/wp-content\/uploads\/2013\/11\/tecnopolis.jpg?resize=350%2C200 1x, https:\/\/i0.wp.com\/www.24baires.com\/wp-content\/uploads\/2013\/11\/tecnopolis.jpg?resize=525%2C300 1.5x"},"classes":[]},{"id":4831,"url":"https:\/\/www.24baires.com\/?p=4831","url_meta":{"origin":1294,"position":3},"title":"La Municipalidad de la Plata homenajea a Manuel Garc\u00eda Ferr\u00e9","author":"Grupo Sierra","date":"09\/11\/2012","format":false,"excerpt":"Este s\u00e1bado, a las 17, en la Rep\u00fablica de los Ni\u00f1os impondr\u00e1n su nombre al Paseo de la Historieta y colocar\u00e1n una escultura de los tradicionales personajes \u201cHijitus\u201d y \u201cPichichus\u201d. La Municipalidad de La Plata realizar\u00e1 en la Rep\u00fablica de los Ni\u00f1os un reconocimiento al artista pl\u00e1stico e historietista Manuel\u2026","rel":"","context":"En \u00abLocales\u00bb","block_context":{"text":"Locales","link":"https:\/\/www.24baires.com\/?cat=38"},"img":{"alt_text":"","src":"","width":0,"height":0},"classes":[]},{"id":19570,"url":"https:\/\/www.24baires.com\/?p=19570","url_meta":{"origin":1294,"position":4},"title":"Muri\u00f3 a los 83 a\u00f1os Manuel Garc\u00eda Ferr\u00e9","author":"AF","date":"28\/03\/2013","format":false,"excerpt":"El artista gr\u00e1fico Manuel Garc\u00eda Ferr\u00e9, creador de personajes de historietas infantiles como Hijitus, Anteojito y Petete, falleci\u00f3 hoy a los 83 a\u00f1os durante una intervenci\u00f3n card\u00edaca, seg\u00fan informaron sus familiares. Garc\u00eda Ferr\u00e9 muri\u00f3 durante una operaci\u00f3n del coraz\u00f3n que se le practic\u00f3 en el Hospital Alem\u00e1n de la Capital\u2026","rel":"","context":"En \u00abSociedad\u00bb","block_context":{"text":"Sociedad","link":"https:\/\/www.24baires.com\/?cat=1"},"img":{"alt_text":"garc\u00eda ferr\u00e9 manuelita","src":"https:\/\/i0.wp.com\/www.24baires.com\/wp-content\/uploads\/2013\/03\/garc%C3%ADa-ferr%C3%A9-manuelita-300x224.jpg?resize=350%2C200","width":350,"height":200},"classes":[]},{"id":35916,"url":"https:\/\/www.24baires.com\/?p=35916","url_meta":{"origin":1294,"position":5},"title":"Realizan en La Plata la primera Feria del Libro Infantil","author":"AF","date":"29\/11\/2013","format":false,"excerpt":"Desde este viernes y hasta el pr\u00f3ximo 8 de diciembre se podr\u00e1 visitar la muestra que contar\u00e1 con m\u00e1s de 100 expositores, talleres, espect\u00e1culos en vivo, m\u00fasica y narraciones. La primera edici\u00f3n se desarrollar\u00e1 en el Pasaje Dardo Rocha de la capital de la provincia de Buenos Aires. La primera\u2026","rel":"","context":"En \u00abLocales\u00bb","block_context":{"text":"Locales","link":"https:\/\/www.24baires.com\/?cat=38"},"img":{"alt_text":"","src":"","width":0,"height":0},"classes":[]}],"jetpack_sharing_enabled":true,"jetpack_likes_enabled":true,"_links":{"self":[{"href":"https:\/\/www.24baires.com\/index.php?rest_route=\/wp\/v2\/posts\/1294","targetHints":{"allow":["GET"]}}],"collection":[{"href":"https:\/\/www.24baires.com\/index.php?rest_route=\/wp\/v2\/posts"}],"about":[{"href":"https:\/\/www.24baires.com\/index.php?rest_route=\/wp\/v2\/types\/post"}],"author":[{"embeddable":true,"href":"https:\/\/www.24baires.com\/index.php?rest_route=\/wp\/v2\/users\/11"}],"replies":[{"embeddable":true,"href":"https:\/\/www.24baires.com\/index.php?rest_route=%2Fwp%2Fv2%2Fcomments&post=1294"}],"version-history":[{"count":0,"href":"https:\/\/www.24baires.com\/index.php?rest_route=\/wp\/v2\/posts\/1294\/revisions"}],"wp:attachment":[{"href":"https:\/\/www.24baires.com\/index.php?rest_route=%2Fwp%2Fv2%2Fmedia&parent=1294"}],"wp:term":[{"taxonomy":"category","embeddable":true,"href":"https:\/\/www.24baires.com\/index.php?rest_route=%2Fwp%2Fv2%2Fcategories&post=1294"},{"taxonomy":"post_tag","embeddable":true,"href":"https:\/\/www.24baires.com\/index.php?rest_route=%2Fwp%2Fv2%2Ftags&post=1294"}],"curies":[{"name":"wp","href":"https:\/\/api.w.org\/{rel}","templated":true}]}}