{"id":12910,"date":"2013-01-20T14:48:01","date_gmt":"2013-01-20T17:48:01","guid":{"rendered":"http:\/\/www.24baires.com\/?p=12910"},"modified":"2013-01-20T14:48:01","modified_gmt":"2013-01-20T17:48:01","slug":"hay-que-hacer-algo-para-prevenir-y-no-esperar-a-que-este-muerta-la-mujer-para-hacer-cosas","status":"publish","type":"post","link":"https:\/\/www.24baires.com\/?p=12910","title":{"rendered":"\u201cHay que hacer algo para prevenir y no esperar a que est\u00e9 muerta la mujer para hacer cosas\u201d"},"content":{"rendered":"<p><strong>OLAVARR\u00cdA.-<\/strong> Carla Melotto, hija de Graciela Tirador, la mujer asesinada el pasado domingo v\u00edctima de violencia de g\u00e9nero, se refiri\u00f3 al motivo de la marcha convocada para este lunes desde las 18:30 en la Plaza Central de esa ciudad.\u00a0<!--more--><\/p>\n<p>A una semana del asesinato de Graciela Tirador, v\u00edctima de violencia de g\u00e9nero, su hija Carla Melotto se refiri\u00f3 a la marcha que se realizar\u00e1 este lunes a las 18:30 en la Plaza Central por los \u00faltimos femicidios ocurridos en la Ciudad.<\/p>\n<p>En declaraciones a FM 89.5 \u201cRadio Del Sol\u201d, Melotto coment\u00f3 que el lema de la concentraci\u00f3n es \u201cpor una vida sin violencia de g\u00e9nero\u201d. Adem\u00e1s indic\u00f3 que \u201cestamos en contacto con Carla Gorlero del Espacio de ayuda a v\u00edctimas de violencia de g\u00e9nero y con chicas que est\u00e1n atravesando situaciones de violencia\u201d.<\/p>\n<p>Respecto de los motivos de esta nueva marcha, la hija de Tirador sostuvo que \u201clo que m\u00e1s queremos nosotros es que el tema no quede en la nada. A m\u00ed me parece perfecto la ley de Femicidio, pero ah\u00ed la mujer ya est\u00e1 muerta. Yo quiero algo antes, que se prevenga para que las mujeres no se mueran\u201d, dijo.<\/p>\n<p>Es este sentido expres\u00f3 que \u201chay que hacer algo para prevenir y no esperar a que est\u00e9 muerta la mujer para hacer cosas\u201d.<\/p>\n<p>\u201cLamentablemente en estos casos no es el golpeador quien est\u00e1 encerrado, sino la v\u00edctima. Mi mam\u00e1 viv\u00eda encerrada. Yo no quiero violencia por mano propia, s\u00f3lo quiero prevenci\u00f3n y esto es lo que seguramente hubiese querido mi mam\u00e1, prevenir estos casos\u201d, dijo Carla, emocionada.<\/p>\n<p>La mujer brind\u00f3 detalles de c\u00f3mo espera se desarrolle la concentraci\u00f3n y marcha de este lunes: \u201cLa idea es concentrar en la Plaza Central y marchar. Va a ser una peque\u00f1a marcha, quiero que sea algo pac\u00edfico. Si quieren ir pol\u00edticos que vayan, pero sin ning\u00fan tipo de bandera pol\u00edtica\u201d advirti\u00f3.<\/p>\n<p>Adem\u00e1s, aclar\u00f3 que \u201csi bien a esta marcha la convocamos los familiares de Graciela Tirador, decidimos incluir a Tamara Bravo porque tambi\u00e9n es una v\u00edctima y en menos de dos meses, por lo que la consigna de la marcha va a ser en memoria de ellas dos\u201d finaliz\u00f3.<\/p>\n<p>&nbsp;<\/p>\n<p>&nbsp;<\/p>\n<p>&nbsp;<\/p>\n<p>&nbsp;<\/p>\n<p>&nbsp;<\/p>\n<p>&nbsp;<\/p>\n<p>&nbsp;<\/p>\n<p>&nbsp;<\/p>\n<p>&nbsp;<\/p>\n","protected":false},"excerpt":{"rendered":"<p>OLAVARR\u00cdA.- Carla Melotto, hija de Graciela Tirador, la mujer asesinada el pasado domingo v\u00edctima de violencia de g\u00e9nero, se refiri\u00f3 al motivo de la marcha convocada para este lunes desde las 18:30 en la Plaza Central de esa ciudad.\u00a0<\/p>\n","protected":false},"author":11,"featured_media":0,"comment_status":"open","ping_status":"open","sticky":false,"template":"","format":"standard","meta":{"_jetpack_newsletter_access":"","_jetpack_dont_email_post_to_subs":false,"_jetpack_newsletter_tier_id":0,"_jetpack_memberships_contains_paywalled_content":false,"_jetpack_memberships_contains_paid_content":false,"footnotes":""},"categories":[1],"tags":[],"class_list":["post-12910","post","type-post","status-publish","format-standard","hentry","category-sociedad"],"jetpack_featured_media_url":"","jetpack_shortlink":"https:\/\/wp.me\/p2JWE0-3me","jetpack-related-posts":[{"id":14705,"url":"https:\/\/www.24baires.com\/?p=14705","url_meta":{"origin":12910,"position":0},"title":"En Olavarr\u00eda volvieron a marchar por los femicidios ocurridos","author":"AF","date":"05\/02\/2013","format":false,"excerpt":"M\u00e1s de 1500 personas acompa\u00f1aron a los familiares de v\u00edctimas de violencia de g\u00e9nero en otra convocatoria como la que se llev\u00f3 a cabo hace dos semanas. Los hijos de Graciela Tirador exigieron la \u201cprisi\u00f3n preventiva y la condena perpetua\u201d para su ex pareja, adem\u00e1s de apuntar contra el juez\u2026","rel":"","context":"En \u00abLocales\u00bb","block_context":{"text":"Locales","link":"https:\/\/www.24baires.com\/?cat=38"},"img":{"alt_text":"marcha no violencia olav","src":"https:\/\/i0.wp.com\/www.24baires.com\/wp-content\/uploads\/2013\/02\/marcha-no-violencia-olav-300x198.jpg?resize=350%2C200","width":350,"height":200},"classes":[]},{"id":12087,"url":"https:\/\/www.24baires.com\/?p=12087","url_meta":{"origin":12910,"position":1},"title":"Encontraron a una mujer asesinada a palazos","author":"Grupo Sierra","date":"13\/01\/2013","format":false,"excerpt":"OLAVARR\u00cdA.- Se trata de la contadora Mar\u00eda Graciela Tirador de 63 a\u00f1os. La principal hip\u00f3tesis apunta a que el agresor fue su ex marido, quien la mat\u00f3 a palazos. Ser\u00eda un nuevo caso de violencia de g\u00e9nero que conmueve a toda la ciudad. La Polic\u00eda Bonaerense trabaja junto a la\u2026","rel":"","context":"En \u00abPoliciales\u00bb","block_context":{"text":"Policiales","link":"https:\/\/www.24baires.com\/?cat=49"},"img":{"alt_text":"","src":"","width":0,"height":0},"classes":[]},{"id":12112,"url":"https:\/\/www.24baires.com\/?p=12112","url_meta":{"origin":12910,"position":2},"title":"Confes\u00f3 el ex marido de la mujer asesinada en Olavarr\u00eda: la mat\u00f3 de un fierrazo en la cabeza","author":"AF","date":"14\/01\/2013","format":false,"excerpt":"Seg\u00fan se pudo saber, los golpes en la cabeza \u201ccon un fierro\u201d fueron los que causaron la muerte a la mujer. A su ex pareja, Luis Pablo Barbato, se lo vio pasar en moto y con una escalera a las 5 de la ma\u00f1ana por Trabajadores y Brown y qued\u00f3\u2026","rel":"","context":"En \u00abPoliciales\u00bb","block_context":{"text":"Policiales","link":"https:\/\/www.24baires.com\/?cat=49"},"img":{"alt_text":"","src":"","width":0,"height":0},"classes":[]},{"id":114157,"url":"https:\/\/www.24baires.com\/?p=114157","url_meta":{"origin":12910,"position":3},"title":"La mam\u00e1 de Fernando pidi\u00f3 \u00abJusticia por todas las v\u00edctimas de violencia\u00bb","author":"AF","date":"18\/02\/2020","format":false,"excerpt":"Graciela Baez Sosa habl\u00f3 en la multitudinaria marcha que se realiza frente al Congreso al cumplirse un mes del asesinato de su hijo Fernando. Una marcha multitud se present\u00f3 frente al Congreso para reclamar justicia a un mes del asesinato de Fernando B\u00e1ez Sosa, ocurrido en Villa Gesell. Entre los\u2026","rel":"","context":"En \u00abSociedad\u00bb","block_context":{"text":"Sociedad","link":"https:\/\/www.24baires.com\/?cat=1"},"img":{"alt_text":"","src":"https:\/\/i0.wp.com\/www.24baires.com\/wp-content\/uploads\/2020\/02\/mam%C3%A1-fernando.jpg?resize=350%2C200","width":350,"height":200,"srcset":"https:\/\/i0.wp.com\/www.24baires.com\/wp-content\/uploads\/2020\/02\/mam%C3%A1-fernando.jpg?resize=350%2C200 1x, https:\/\/i0.wp.com\/www.24baires.com\/wp-content\/uploads\/2020\/02\/mam%C3%A1-fernando.jpg?resize=525%2C300 1.5x"},"classes":[]},{"id":57911,"url":"https:\/\/www.24baires.com\/?p=57911","url_meta":{"origin":12910,"position":4},"title":"Olavarr\u00eda: comenz\u00f3 el juicio por el femicidio que conmovi\u00f3 a toda la ciudad","author":"AF","date":"30\/11\/2014","format":false,"excerpt":"Pablo Luis Barbato est\u00e1 acusado del asesinato de Graciela Tirador. La mujer estaba separada, ten\u00eda tres hijos y era abuela. \u00c9l la sedujo por las redes sociales. \u201c\u00c9l a trav\u00e9s de Facebook se dio cuenta de que mi mam\u00e1 era una persona rom\u00e1ntica\u201d, dijo una de sus hijas. En 2012\u2026","rel":"","context":"En \u00abJUDICIALES\u00bb","block_context":{"text":"JUDICIALES","link":"https:\/\/www.24baires.com\/?cat=68"},"img":{"alt_text":"","src":"","width":0,"height":0},"classes":[]},{"id":108554,"url":"https:\/\/www.24baires.com\/?p=108554","url_meta":{"origin":12910,"position":5},"title":"Se realiz\u00f3 la quinta marcha por #NiUnaMenos","author":"AF","date":"03\/06\/2019","format":false,"excerpt":"Agrupaciones feministas, movimientos sociales, sindicales y partidos pol\u00edticos denunciaron que \u201cel Gobierno no cumpli\u00f3 con la ley\u201d. Con pa\u00f1uelos verdes, violetas y naranjas, manifestantes reclamaron justicia al gobierno de Cambiemos ante la cantidad de femicidios que se llevan a cabo en el pa\u00eds. Se llev\u00f3 a cabo una marcha multitudinaria,\u2026","rel":"","context":"En \u00abSociedad\u00bb","block_context":{"text":"Sociedad","link":"https:\/\/www.24baires.com\/?cat=1"},"img":{"alt_text":"","src":"https:\/\/i0.wp.com\/www.24baires.com\/wp-content\/uploads\/2019\/06\/ni-una-menos.jpg?resize=350%2C200","width":350,"height":200,"srcset":"https:\/\/i0.wp.com\/www.24baires.com\/wp-content\/uploads\/2019\/06\/ni-una-menos.jpg?resize=350%2C200 1x, https:\/\/i0.wp.com\/www.24baires.com\/wp-content\/uploads\/2019\/06\/ni-una-menos.jpg?resize=525%2C300 1.5x"},"classes":[]}],"jetpack_sharing_enabled":true,"jetpack_likes_enabled":true,"_links":{"self":[{"href":"https:\/\/www.24baires.com\/index.php?rest_route=\/wp\/v2\/posts\/12910","targetHints":{"allow":["GET"]}}],"collection":[{"href":"https:\/\/www.24baires.com\/index.php?rest_route=\/wp\/v2\/posts"}],"about":[{"href":"https:\/\/www.24baires.com\/index.php?rest_route=\/wp\/v2\/types\/post"}],"author":[{"embeddable":true,"href":"https:\/\/www.24baires.com\/index.php?rest_route=\/wp\/v2\/users\/11"}],"replies":[{"embeddable":true,"href":"https:\/\/www.24baires.com\/index.php?rest_route=%2Fwp%2Fv2%2Fcomments&post=12910"}],"version-history":[{"count":3,"href":"https:\/\/www.24baires.com\/index.php?rest_route=\/wp\/v2\/posts\/12910\/revisions"}],"predecessor-version":[{"id":12913,"href":"https:\/\/www.24baires.com\/index.php?rest_route=\/wp\/v2\/posts\/12910\/revisions\/12913"}],"wp:attachment":[{"href":"https:\/\/www.24baires.com\/index.php?rest_route=%2Fwp%2Fv2%2Fmedia&parent=12910"}],"wp:term":[{"taxonomy":"category","embeddable":true,"href":"https:\/\/www.24baires.com\/index.php?rest_route=%2Fwp%2Fv2%2Fcategories&post=12910"},{"taxonomy":"post_tag","embeddable":true,"href":"https:\/\/www.24baires.com\/index.php?rest_route=%2Fwp%2Fv2%2Ftags&post=12910"}],"curies":[{"name":"wp","href":"https:\/\/api.w.org\/{rel}","templated":true}]}}