{"id":1288,"date":"2012-10-07T13:13:36","date_gmt":"2012-10-07T16:13:36","guid":{"rendered":"http:\/\/www.24baires.com\/?p=1288"},"modified":"2012-10-08T15:52:31","modified_gmt":"2012-10-08T18:52:31","slug":"scioli-capriles-y-el-sionismo-en-la-provincia-de-buenos-aires","status":"publish","type":"post","link":"https:\/\/www.24baires.com\/?p=1288","title":{"rendered":"Scioli, Capriles y el sionismo en la provincia de Buenos Aires"},"content":{"rendered":"<p><img data-recalc-dims=\"1\" loading=\"lazy\" decoding=\"async\" class=\"size-medium wp-image-1289 alignleft\" title=\"scioli-capriles\" src=\"https:\/\/i0.wp.com\/www.24baires.com\/wp-content\/uploads\/2012\/10\/scioli-capriles.jpg?resize=300%2C200\" alt=\"\" width=\"300\" height=\"200\" srcset=\"https:\/\/i0.wp.com\/www.24baires.com\/wp-content\/uploads\/2012\/10\/scioli-capriles.jpg?resize=300%2C200&amp;ssl=1 300w, https:\/\/i0.wp.com\/www.24baires.com\/wp-content\/uploads\/2012\/10\/scioli-capriles.jpg?w=560&amp;ssl=1 560w\" sizes=\"auto, (max-width: 300px) 100vw, 300px\" \/>Antes de las elecciones venezolanas, el mandatario bonaerense se comunic\u00f3 con el candidato de la derecha, Henrique Capriles Radonski, para brindarle su apoyo, seg\u00fan trascendi\u00f3. Empat\u00eda, afinidad ideol\u00f3gica y fuertes lazos con los sectores reaccionarios del Estado de Israel son algunos de los denominadores comunes que los unen.<\/p>\n<p><!--more--><\/p>\n<p>El gobernador Daniel Scioli no abandona ni por un segundo sus aspiraciones presidenciales, pese a que a\u00fan restan tres a\u00f1os para los pr\u00f3ximos comicios generales. Con paso lento, pero decidido, tantea desde hace meses posibles alianzas y deja entrever su perfil como futuro candidato.<\/p>\n<p>En enero, con la excusa de un partido de f\u00fatbol, se mostr\u00f3 cerca del jefe de Gobierno porte\u00f1o, Mauricio Macri; y en julio, tambi\u00e9n en el marco de un \u201cpicadito\u201d, hizo lo propio con el ahora opositor Hugo Moyano. Se acerca a Alberto Fern\u00e1ndez y coquetea con otros ex aliados del kirchnerismo; o deja que algunos de sus laderos, como Baldomero \u201cCacho\u201d \u00c1lvarez, lo postulen de tanto en tanto.<\/p>\n<p>Pero no s\u00f3lo el armado de un frente pol\u00edtico interno est\u00e1 en la agenda de prioridades del gobernador, sino que empieza a definir concretamente su marco de relaciones exteriores, tanto a nivel regional como internacional.<\/p>\n<p>En las \u00faltimas horas, antes de que los venezolanos comenzaran a volcarse a las urnas, Scioli llam\u00f3 por tel\u00e9fono al derechista Henrique Capriles Radonski para expresarle su total apoyo en contra del presidente y candidato a la relecci\u00f3n, Hugo Ch\u00e1vez Fr\u00edas, seg\u00fan inform\u00f3 Infobae.com.<\/p>\n<p>Capriles, quien fue dos veces alcalde de Baruta, Caracas, y una vez gobernador del Estado Miranda, es un empresario de grandes medios de comunicaci\u00f3n y ha anunciado que, en caso de convertirse en presidente, le devolver\u00e1 la licencia al canal golpista Radio Caracas Televisi\u00f3n (RCTV).<\/p>\n<p>Con una marcada tendencia neoliberal, que ha procurado ocultar durante toda su campa\u00f1a, es apoyado por los sectores pol\u00edticos, econ\u00f3micos, financieros y comunicacionales mas reaccionarios; sectores que tienen muy presente su papel activo en el golpe de abril de 2002, en el intento de asalto a la embajada cubana en esos mismos d\u00edas, y en el lockout perolero que se extendi\u00f3 desde diciembre de 2002 hasta enero de 2003, con enormes da\u00f1os para la econom\u00eda venezolana.<\/p>\n<p>A pesar de todos estos antecedentes, Capriles ha hecho grandes esfuerzos para instalar la idea de que lidera una gesta comparable a la de \u201cDavid contra Goliat\u201d.<\/p>\n<p>La construcci\u00f3n de esa analog\u00eda, azuzada por medios opositores locales y estadounidenses, capt\u00f3 r\u00e1pidamente la atenci\u00f3n de los sionistas de la Confederaci\u00f3n de Asociaciones Israelitas de Venezuela (CAIV), que ven en Capriles la \u201cesperanza blanca\u201d para derrotar a Ch\u00e1vez y restablecer relaciones diplom\u00e1ticas con el pa\u00eds caribe\u00f1o.<\/p>\n<p>Desde que la CAIV recibi\u00f3 al candidato opositor en febrero pasado, los medios israel\u00edes han destacado su ascendencia jud\u00eda y sus condiciones para terminar con la Revoluci\u00f3n Bolivariana, mientras incrementaban sus ataques contra Ch\u00e1vez. \u00abEl c\u00e1ncer de Hugo Ch\u00e1vez est\u00e1 en su etapa final\u00bb, aseguraba hace unos meses el peri\u00f3dico digital \u201cAurora\u201d.<\/p>\n<p>Scioli no s\u00f3lo parece identificarse con Capriles, tambi\u00e9n comparte con \u00e9l la estrecha relaci\u00f3n con los halcones del Estado de Israel.<\/p>\n<p>El primer acercamiento se materializ\u00f3 en 2008, cuando Mekorot Water Company, la empresa estatal israel\u00ed, le present\u00f3 al gobernador un proyecto para la construcci\u00f3n de una nueva planta potabilizadora de agua para La Plata, Berisso y Ensenada.<\/p>\n<p>A fines de 2010, Scioli visit\u00f3 Israel para avanzar con el emprendimiento y all\u00ed tuvo oportunidad de reunirse con el primer ministro, Benjam\u00edn Netanyahu, y varios de sus ministros. Pero no s\u00f3lo sobre el agua hablaron en aquella oportunidad.<\/p>\n<p>\u201cLa seguridad es la principal demanda de los ciudadanos de la provincia, por esa raz\u00f3n le dediqu\u00e9 una parte importante de este viaje, al que me acompa\u00f1aron el ministro (Ricardo) Casal y el jefe de la Polic\u00eda (Juan Carlos Paggi)\u201d, inform\u00f3 Scioli al regresar a la Argentina.<\/p>\n<p>De esa visita, el gobernador, el ministro de Seguridad y el entonces jefe de la Bonaerense, Juan Carlos Paggi, se llevaron varios \u201cconsejos\u201d para reforzar su pol\u00edtica de seguridad en la provincia de Buenos Aires.<\/p>\n<p>Casal y Paggi intercambiaron experiencias con el ministro de Seguridad israel\u00ed, Yitzhak Ahoronovitch, y el canciller Avigdor Lieberman, quien un a\u00f1o antes hab\u00eda propuesto tirar la bomba at\u00f3mica sobre la Franja de Gaza.<\/p>\n<p>\u00abDebemos continuar combatiendo a Hamas como Estados Unidos combati\u00f3 a los japoneses durante la Segunda Guerra Mundial&#8230; la conquista de Jap\u00f3n no era entonces necesaria\u00bb, hab\u00eda dicho Lieberman ante un grupo de sionistas de la la universidad de Bar Ilan.<\/p>\n<p>La aplicaci\u00f3n de los lineamientos represivos israel\u00edes en territorio bonaerense fue r\u00e1pida, aunque los negocios por el agua se dilataron un poco m\u00e1s.<\/p>\n<p>El gobierno provincial realiz\u00f3 reci\u00e9n en julio de este a\u00f1o la apertura de sobres para la licitaci\u00f3n de la planta potabilizadora de la regi\u00f3n capital, con las propuestas econ\u00f3micas de las dos compa\u00f1\u00edas interesadas en la construcci\u00f3n. Por un lado, se present\u00f3 una unidad transitoria de empresas, conformada por Mekorot Development &amp; Enterprise LTD, 5 de Septiembre S.A., Tahal Consulting Engineers LTD, Thal Group B.V, MAKO S.A, y Eleprint S.A., que presupuest\u00f3 899 millones de pesos y, por otro lado, la Constructora Odebrech S.A., de capitales brasile\u00f1os, que valu\u00f3 la obra en 1.100 millones.<\/p>\n<p>Desde el a\u00f1o 2008, la empresa 5 de Septiembre, del gremio que controla Aguas Bonaerenses S.A., tiene un convenio de colaboraci\u00f3n mutua con la israel\u00ed Mekorot, logrando varias adjudicaciones en el interior de la Provincia; mientras que MAKO y Eleprint est\u00e1n vinculadas al propietario del diario El D\u00eda, Ra\u00fal Kraiselburd.<\/p>\n<p>Hace unas semanas, el embajador palestino en Argentina, Walid Muaqqat, critic\u00f3 con dureza a Scioli por permitir el ingreso al pa\u00eds de Mekorot, \u201cuna empresa monstruo, c\u00f3mplice de delitos de lesa humanidad\u201d.<\/p>\n<p>Seg\u00fan report\u00f3 el portal marplatense \u201c0223\u201d, Muaqqat asegur\u00f3 a la radio local FM 89.7 que \u201clos palestinos estamos enojados por una actitud que es muy diferente al pensamiento del pueblo argentino, y es la actitud del gobernador Daniel Scioli\u201d.<\/p>\n<p>\u201cPodemos decir que esta empresa del apartheid israel\u00ed con la que negocia el gobernador Scioli, seg\u00fan el informe de la ONU, deja al 85% de la poblaci\u00f3n palestina sin agua debido al robo sistem\u00e1tico del agua de los palestinos\u201d, denunci\u00f3.<\/p>\n<p>El embajador exhort\u00f3, adem\u00e1s, a ponerle fin a \u201ceste abuso\u201d, ya que \u201cScioli va en contra del compromiso del gobierno nacional y del Mercosur de no comercializar con productos de las colonias israel\u00edes por ser ilegales\u201d.<\/p>\n<p>La propia C\u00e1mara de Diputados bonaerense aprob\u00f3 el jueves pasado un pedido de informes sobre la licitaci\u00f3n de la planta potabilizadora a favor de Mekorot.<\/p>\n<p>En el proyecto, impulsado por el legislador Oscar Negrelli, se adjunta un documento de Amnist\u00eda Internacional que denuncia a la firma israel\u00ed por violaciones de los derechos humanos en Medio Oriente.<\/p>\n<p>\u201cAl monopolizar la provisi\u00f3n de agua en toda esa regi\u00f3n, utiliza dicho recurso vital c\u00f3mo arma dentro un conflicto religioso. Esto consiste en un proceso discriminatorio, donde de un promedio de consumo humano de 100 litros por d\u00eda, los palestinos s\u00f3lo pueden consumir 40 litros, mientras los israel\u00edes llegan hasta 500 litros diarios\u201d, sostiene el informe del organismo internacional.<\/p>\n","protected":false},"excerpt":{"rendered":"<p>Antes de las elecciones venezolanas, el mandatario bonaerense se comunic\u00f3 con el candidato de la derecha, Henrique Capriles Radonski, para brindarle su apoyo, seg\u00fan trascendi\u00f3. Empat\u00eda, afinidad ideol\u00f3gica y fuertes lazos con los sectores reaccionarios del Estado de Israel son algunos de los denominadores comunes que los unen.<\/p>\n","protected":false},"author":11,"featured_media":0,"comment_status":"open","ping_status":"open","sticky":false,"template":"","format":"standard","meta":{"_jetpack_newsletter_access":"","_jetpack_dont_email_post_to_subs":false,"_jetpack_newsletter_tier_id":0,"_jetpack_memberships_contains_paywalled_content":false,"_jetpack_memberships_contains_paid_content":false,"footnotes":""},"categories":[51],"tags":[],"class_list":["post-1288","post","type-post","status-publish","format-standard","hentry","category-politica"],"jetpack_featured_media_url":"","jetpack_shortlink":"https:\/\/wp.me\/p2JWE0-kM","jetpack-related-posts":[{"id":120181,"url":"https:\/\/www.24baires.com\/?p=120181","url_meta":{"origin":1288,"position":0},"title":"El Frente de Todos pasa a llamarse \u00abUni\u00f3n por la Patria\u00bb","author":"AF","date":"14\/06\/2023","format":false,"excerpt":"Los distintos sectores que componen el frente oficialista mantienen reuniones para definir, entre otras cosas, la constituci\u00f3n de su junta partidaria y el reglamento electoral que fijar\u00e1 pisos y porcentajes para la integraci\u00f3n de listas. El Frente de Todos (FdT) se llamar\u00e1 Uni\u00f3n por la Patria (UxP) en las pr\u00f3ximas\u2026","rel":"","context":"En \u00abPol\u00edtica\u00bb","block_context":{"text":"Pol\u00edtica","link":"https:\/\/www.24baires.com\/?cat=51"},"img":{"alt_text":"","src":"https:\/\/i0.wp.com\/www.24baires.com\/wp-content\/uploads\/2023\/06\/cfk-25-5.png?resize=350%2C200","width":350,"height":200,"srcset":"https:\/\/i0.wp.com\/www.24baires.com\/wp-content\/uploads\/2023\/06\/cfk-25-5.png?resize=350%2C200 1x, https:\/\/i0.wp.com\/www.24baires.com\/wp-content\/uploads\/2023\/06\/cfk-25-5.png?resize=525%2C300 1.5x, https:\/\/i0.wp.com\/www.24baires.com\/wp-content\/uploads\/2023\/06\/cfk-25-5.png?resize=700%2C400 2x"},"classes":[]},{"id":18204,"url":"https:\/\/www.24baires.com\/?p=18204","url_meta":{"origin":1288,"position":1},"title":"Elecciones en Venezuela: son seis los candidatos que se postularon","author":"AF","date":"12\/03\/2013","format":false,"excerpt":"Entre los seis postulantes, que se sumar\u00edan a las candidaturas ampliamene dominantes del presidente interino, Nicol\u00e1s Maduro, y el l\u00edder opositor Henrique Capriles, est\u00e1n Reina Sequera y Mar\u00eda Bol\u00edvar. Completan la lista el pastor evang\u00e9lico Eusebio M\u00e9ndez, el dirigente de juventudes Hermes Tabarquina y Gonzalo Contreras y Julio Mora. Otros\u2026","rel":"","context":"En \u00abPol\u00edtica\u00bb","block_context":{"text":"Pol\u00edtica","link":"https:\/\/www.24baires.com\/?cat=51"},"img":{"alt_text":"maduro2","src":"https:\/\/i0.wp.com\/www.24baires.com\/wp-content\/uploads\/2013\/03\/maduro2-300x190.jpg?resize=350%2C200","width":350,"height":200},"classes":[]},{"id":101122,"url":"https:\/\/www.24baires.com\/?p=101122","url_meta":{"origin":1288,"position":2},"title":"Indagar\u00e1n a Scioli por irregularidades en la construcci\u00f3n de las UPA 24","author":"AF","date":"17\/03\/2018","format":false,"excerpt":"El ex gobernador Daniel Scioli y quien fuera su ministro de Salud, Alejandro Collia, fueron imputados y citados a prestar declaraci\u00f3n indagatoria en el marco de una causa que investiga presuntas irregularidades en la adjudicaci\u00f3n de ocho Unidades de Pronta Atenci\u00f3n (UPA 24) para las que se destinaron m\u00e1s de\u2026","rel":"","context":"En \u00abJUDICIALES\u00bb","block_context":{"text":"JUDICIALES","link":"https:\/\/www.24baires.com\/?cat=68"},"img":{"alt_text":"","src":"https:\/\/i0.wp.com\/www.24baires.com\/wp-content\/uploads\/2014\/05\/Daniel-Scioli.jpg?resize=350%2C200","width":350,"height":200,"srcset":"https:\/\/i0.wp.com\/www.24baires.com\/wp-content\/uploads\/2014\/05\/Daniel-Scioli.jpg?resize=350%2C200 1x, https:\/\/i0.wp.com\/www.24baires.com\/wp-content\/uploads\/2014\/05\/Daniel-Scioli.jpg?resize=525%2C300 1.5x"},"classes":[]},{"id":108334,"url":"https:\/\/www.24baires.com\/?p=108334","url_meta":{"origin":1288,"position":3},"title":"Lavagna: \u00abNi Cristina ni cambiemos\u00bb","author":"AF","date":"22\/05\/2019","format":false,"excerpt":"\"Recibimos a los radicales que no se sientan representados por el PRO\", sostuvo por C5N el candidato presidencial por Consenso 19, quien remarc\u00f3 que el kirchnerismo \"no puede recibir nada de nosotros\". El ex ministro de Econom\u00eda Roberto Lavagna ratific\u00f3 este mi\u00e9rcoles por la tarde su precandidatura presidencial por Consenso\u2026","rel":"","context":"En \u00abPol\u00edtica\u00bb","block_context":{"text":"Pol\u00edtica","link":"https:\/\/www.24baires.com\/?cat=51"},"img":{"alt_text":"","src":"https:\/\/i0.wp.com\/www.24baires.com\/wp-content\/uploads\/2013\/12\/lavagna-solo.jpg?resize=350%2C200","width":350,"height":200,"srcset":"https:\/\/i0.wp.com\/www.24baires.com\/wp-content\/uploads\/2013\/12\/lavagna-solo.jpg?resize=350%2C200 1x, https:\/\/i0.wp.com\/www.24baires.com\/wp-content\/uploads\/2013\/12\/lavagna-solo.jpg?resize=525%2C300 1.5x"},"classes":[]},{"id":20934,"url":"https:\/\/www.24baires.com\/?p=20934","url_meta":{"origin":1288,"position":4},"title":"Maduro y Capriles rompen la veda por Twitter y convocan a votar al pueblo venezolano","author":"Grupo Sierra","date":"14\/04\/2013","format":false,"excerpt":"Los dos candidatos excluyentes en las elecciones presidenciales que se realizan hoy en Venezuela, el oficialista Nicol\u00e1s Maduro y el opositor Henrique Capriles Radonski, alentaron a sus seguidores por medio de la red social Twitter para que concurran a votarlos. Seg\u00fan cifras oficiales, 18.854.935 venezolanos est\u00e1n habilitados para votar, aunque\u2026","rel":"","context":"En \u00abPol\u00edtica\u00bb","block_context":{"text":"Pol\u00edtica","link":"https:\/\/www.24baires.com\/?cat=51"},"img":{"alt_text":"","src":"","width":0,"height":0},"classes":[]},{"id":108387,"url":"https:\/\/www.24baires.com\/?p=108387","url_meta":{"origin":1288,"position":5},"title":"Scioli ratific\u00f3 su candidatura presidencial","author":"GB","date":"25\/05\/2019","format":false,"excerpt":"El exgobernador de la Provincia de Buenos Aires particip\u00f3 del Congreso Educativo de Ajedrez que se realiz\u00f3 en la ciudad balnearia y manifest\u00f3 sus deseos de ser el primer mandatario del pa\u00eds despu\u00e9s del 10 de diciembre, sin embargo aclar\u00f3: \u201cVer\u00e9 como peronista en qu\u00e9 lugar puedo hacer mi mayor\u2026","rel":"","context":"En \u00abPol\u00edtica\u00bb","block_context":{"text":"Pol\u00edtica","link":"https:\/\/www.24baires.com\/?cat=51"},"img":{"alt_text":"","src":"https:\/\/i0.wp.com\/www.24baires.com\/wp-content\/uploads\/2019\/05\/scioli-mar-del.jpg?resize=350%2C200","width":350,"height":200,"srcset":"https:\/\/i0.wp.com\/www.24baires.com\/wp-content\/uploads\/2019\/05\/scioli-mar-del.jpg?resize=350%2C200 1x, https:\/\/i0.wp.com\/www.24baires.com\/wp-content\/uploads\/2019\/05\/scioli-mar-del.jpg?resize=525%2C300 1.5x"},"classes":[]}],"jetpack_sharing_enabled":true,"jetpack_likes_enabled":true,"_links":{"self":[{"href":"https:\/\/www.24baires.com\/index.php?rest_route=\/wp\/v2\/posts\/1288","targetHints":{"allow":["GET"]}}],"collection":[{"href":"https:\/\/www.24baires.com\/index.php?rest_route=\/wp\/v2\/posts"}],"about":[{"href":"https:\/\/www.24baires.com\/index.php?rest_route=\/wp\/v2\/types\/post"}],"author":[{"embeddable":true,"href":"https:\/\/www.24baires.com\/index.php?rest_route=\/wp\/v2\/users\/11"}],"replies":[{"embeddable":true,"href":"https:\/\/www.24baires.com\/index.php?rest_route=%2Fwp%2Fv2%2Fcomments&post=1288"}],"version-history":[{"count":0,"href":"https:\/\/www.24baires.com\/index.php?rest_route=\/wp\/v2\/posts\/1288\/revisions"}],"wp:attachment":[{"href":"https:\/\/www.24baires.com\/index.php?rest_route=%2Fwp%2Fv2%2Fmedia&parent=1288"}],"wp:term":[{"taxonomy":"category","embeddable":true,"href":"https:\/\/www.24baires.com\/index.php?rest_route=%2Fwp%2Fv2%2Fcategories&post=1288"},{"taxonomy":"post_tag","embeddable":true,"href":"https:\/\/www.24baires.com\/index.php?rest_route=%2Fwp%2Fv2%2Ftags&post=1288"}],"curies":[{"name":"wp","href":"https:\/\/api.w.org\/{rel}","templated":true}]}}