{"id":12850,"date":"2013-01-19T19:54:55","date_gmt":"2013-01-19T22:54:55","guid":{"rendered":"http:\/\/www.24baires.com\/?p=12850"},"modified":"2013-01-19T19:55:02","modified_gmt":"2013-01-19T22:55:02","slug":"se-largan-los-carnavales-en-la-toda-la-provincia","status":"publish","type":"post","link":"https:\/\/www.24baires.com\/?p=12850","title":{"rendered":"Se largan los carnavales en la toda la Provincia"},"content":{"rendered":"<p style=\"text-align: center;\"><a href=\"http:\/\/www.24baires.com\/sociedad\/12850-se-largan-los-carnavales-en-la-toda-la-provincia\/attachment\/carnavales-bonaerenses\/\" rel=\"attachment wp-att-12851\"><img data-recalc-dims=\"1\" loading=\"lazy\" decoding=\"async\" class=\"aligncenter  wp-image-12851\" alt=\"carnavales bonaerenses\" src=\"https:\/\/i0.wp.com\/www.24baires.com\/wp-content\/uploads\/2013\/01\/carnavales-bonaerenses.jpg?resize=560%2C412\" width=\"560\" height=\"412\" \/><\/a><\/p>\n<p>Lincoln ser\u00e1 la \u00abvedette\u00bb, con la actuaci\u00f3n de artista de primer nivel como el &#8216;Puma&#8217; Rodr\u00edguez, Coti, Axel y Dyango. En tanto, 25 de Mayo bailar\u00e1 al ritmo de las mejores comparsas y ser\u00e1 sede de la Fiesta Provincial del Carnaval. Tambi\u00e9n cuentan con nutrida actividad las ciudades de Olavarr\u00eda, Dolores, Bol\u00edvar, Mar del Sud y Las Flores, como capital del Carnaval Infantil, entre otros distritos.<!--more--><\/p>\n<p>Diferentes ciudades de la provincia de Buenos Aires llevar\u00e1n adelante desde este mes hasta marzo los festejos de Carnaval. Cada celebraci\u00f3n tendr\u00e1 su propia impronta de acuerdo a las caracter\u00edsticas de la regi\u00f3n.<\/p>\n<p>El secretario de Turismo bonaerense, Ignacio Crotto, destac\u00f3 estos movimientos \u201ctan tradicionales\u201d que hacen \u201ca la cultura popular de cada pueblo\u201d y generan una importante afluencia de p\u00fablico que disfruta de los carnavales junto a sus familias.<\/p>\n<p>Lincoln, capital nacional del carnaval artesanal, comienza hoy con los festejos. La primera noche (19\/1) tocar\u00e1n Los Nocheros; el 20, se presentar\u00e1 La Barra; el 26 actuar\u00e1 la espa\u00f1ola Rosana y al d\u00eda siguiente Coti. En tanto, las noches de febrero contar\u00e1n la actuaci\u00f3n de Axel (2), Dyango (3); Jos\u00e9 Luis \u201cEl Puma\u201d Rodr\u00edguez (9\/2), Los Caligaris (10) y el lunes 11 se realizar\u00e1 la fiesta de cierre.<\/p>\n<p>Conocida como la ciudad del carnaval, 25 de Mayo, bailar\u00e1 al ritmo de las comparsas As\u00ed-As\u00ed, Burucuy\u00e1, Davemar y Mir\u00fa-Mir\u00e1, durante siete noches: hoy y el pr\u00f3ximo s\u00e1bado; y los d\u00edas 2,9,16 y 23\/2, adherir\u00e1 a los festejos por el Carnaval Federal de la Alegr\u00eda, mientras que el 2 de marzo, celebrar\u00e1 la Fiesta Provincial del Carnaval.<\/p>\n<p>En tanto, Olavarr\u00eda realizar\u00e1 los festejos durante los d\u00edas 20 y 27\/1; y 3, 10,11 y 12\/2, en el Cors\u00f3dromo, ubicado en el Parque Eva Per\u00f3n. Por su parte, la localidad de Mar del Sud, partido de General Alvarado, lleva adelante el carnaval desde ayer y hoy, y 25 y 26, 2\u00b0 Pre Carnaval Miramar.<\/p>\n<p>General Guido lleva a cabo la Fiesta del Carnaval Guidense ayer y hoy, 25 y 26; Col\u00f3n, el 26\/1, y el 2,9, 11 y 17\/2; General Alvear, 26\/1 y 2,10 y 11\/2.<\/p>\n<p>Cabe destacar que durante febrero se celebra el Carnaval Federal de la Alegr\u00eda, desde que el Gobierno nacional, impuls\u00f3 en 2011 la recuperaci\u00f3n de estos festejos, instaurando los feriados por esta festividad, que este a\u00f1o ser\u00e1n los d\u00edas 11 y 12 de febrero.<\/p>\n<p>Las Flores denominada la \u201cCiudad del Carnaval Infantil\u201d realizar\u00e1 sus cl\u00e1sicos desfiles los d\u00edas 2, 3, 9 y 10\/2; Pilar 2, 8, 9, 10, 11 y 16; Brandsen 2,9,10, 11,16, 17, 22 y 23. Santa Teresita, partido de La Costa, 8 y 9.<\/p>\n<p>Del 9 al 12 celebrar\u00e1n Mercedes, Lober\u00eda, Laprida y San Carlos Bol\u00edvar. El 9 y 10, la localidad de Pirovano (Bol\u00edvar). Patagones y Tandil, har\u00e1n sus festejos los d\u00edas 11 y 12. Berazategui llevar\u00e1 a cabo el carnaval 11\/2; General Madariaga del 10 al 17, y Ca\u00f1uelas, 16\/2.<\/p>\n<p>El distrito de Dolores realizar\u00e1 los festejos los d\u00edas 9, 10, 11, 12, 15,16, y 17\/2. En tanto, General Villegas lo har\u00e1 las jornadas del 2, 9, 16 y 23\/2, y 2 y 3 de marzo.<\/p>\n<p>El municipio de General Alvarado festejar\u00e1 del 8 al 11; all\u00ed, el pueblo tur\u00edstico de Mechongu\u00e9 lo har\u00e1 del 15 al 17; y Comandante Nicanor Otamendi, har\u00e1 lo propio el 22 y 23.<\/p>\n<p>En el partido de Tornquist, el pueblo tur\u00edstico de Saldungaray celebrar\u00e1 los d\u00edas 10 y 16; y ciudad cabecera del 9 al 11.<\/p>\n<p>Por su parte, Maip\u00fa llevar\u00e1 adelante la Fiesta Nacional \u201cCarnaval de la Amistad\u201d del 6 al 13 de Febrero y lo tradicionales carnavales varelenses de realizar\u00e1n los d\u00edas 9, 11, 16 y 23.<\/p>\n<p>&nbsp;<\/p>\n<p>&nbsp;<\/p>\n<p>&nbsp;<\/p>\n<p>&nbsp;<\/p>\n<p>&nbsp;<\/p>\n<p>&nbsp;<\/p>\n<p>&nbsp;<\/p>\n<p>&nbsp;<\/p>\n<p>&nbsp;<\/p>\n<p>&nbsp;<\/p>\n<p>&nbsp;<\/p>\n<p>&nbsp;<\/p>\n<p>&nbsp;<\/p>\n","protected":false},"excerpt":{"rendered":"<p>Lincoln ser\u00e1 la \u00abvedette\u00bb, con la actuaci\u00f3n de artista de primer nivel como el &#8216;Puma&#8217; Rodr\u00edguez, Coti, Axel y Dyango. En tanto, 25 de Mayo bailar\u00e1 al ritmo de las mejores comparsas y ser\u00e1 sede de la Fiesta Provincial del Carnaval. Tambi\u00e9n cuentan con nutrida actividad las ciudades de Olavarr\u00eda, Dolores, Bol\u00edvar, Mar del Sud y Las Flores, como capital [&#8230;]<\/p>\n","protected":false},"author":11,"featured_media":0,"comment_status":"open","ping_status":"open","sticky":false,"template":"","format":"standard","meta":{"_jetpack_newsletter_access":"","_jetpack_dont_email_post_to_subs":false,"_jetpack_newsletter_tier_id":0,"_jetpack_memberships_contains_paywalled_content":false,"_jetpack_memberships_contains_paid_content":false,"footnotes":""},"categories":[1],"tags":[],"class_list":["post-12850","post","type-post","status-publish","format-standard","hentry","category-sociedad"],"jetpack_featured_media_url":"","jetpack_shortlink":"https:\/\/wp.me\/p2JWE0-3lg","jetpack-related-posts":[{"id":41354,"url":"https:\/\/www.24baires.com\/?p=41354","url_meta":{"origin":12850,"position":0},"title":"El carnaval llena de color y ritmo a los municipios bonaerenses","author":"Grupo Sierra","date":"01\/03\/2014","format":false,"excerpt":"Este s\u00e1bado comenz\u00f3 el fin de semana largo de carnaval, que se extender\u00e1 hasta el martes. El Gobierno de la Provincia de Buenos Aires difundi\u00f3 las diversas actividades que hay en los distritos bonaerenses. Costa, sierras, lagunas, pueblos y ciudades, cada uno presenta su particularidad para disfrutar de los feriados.\u2026","rel":"","context":"En \u00abMunicipios\u00bb","block_context":{"text":"Municipios","link":"https:\/\/www.24baires.com\/?cat=44"},"img":{"alt_text":"florencio varela carnaval","src":"https:\/\/i0.wp.com\/www.24baires.com\/wp-content\/uploads\/2014\/02\/florencio-varela-carnaval.jpg?resize=350%2C200","width":350,"height":200,"srcset":"https:\/\/i0.wp.com\/www.24baires.com\/wp-content\/uploads\/2014\/02\/florencio-varela-carnaval.jpg?resize=350%2C200 1x, https:\/\/i0.wp.com\/www.24baires.com\/wp-content\/uploads\/2014\/02\/florencio-varela-carnaval.jpg?resize=525%2C300 1.5x"},"classes":[]},{"id":78715,"url":"https:\/\/www.24baires.com\/?p=78715","url_meta":{"origin":12850,"position":1},"title":"Turistas gastaron m\u00e1s de $4 mil millones durante los feriados de Carnaval","author":"AF","date":"09\/02\/2016","format":false,"excerpt":"La CAME inform\u00f3 que dos millones de turistas viajaron por la Argentina durante el primer fin de semana largo del a\u00f1o y desembolsaron esa suma, que representa un 1,5% menos que en 2015. La C\u00e1mara Argentina de la Mediana Empresa (CAME) inform\u00f3 que en el feriado de Carnaval, el primer\u2026","rel":"","context":"En \u00abEconom\u00eda\u00bb","block_context":{"text":"Econom\u00eda","link":"https:\/\/www.24baires.com\/?cat=45"},"img":{"alt_text":"turismo fin de a\u00f1o","src":"https:\/\/i0.wp.com\/www.24baires.com\/wp-content\/uploads\/2012\/12\/turismo-fin-de-a%C3%B1o.jpg?resize=350%2C200","width":350,"height":200,"srcset":"https:\/\/i0.wp.com\/www.24baires.com\/wp-content\/uploads\/2012\/12\/turismo-fin-de-a%C3%B1o.jpg?resize=350%2C200 1x, https:\/\/i0.wp.com\/www.24baires.com\/wp-content\/uploads\/2012\/12\/turismo-fin-de-a%C3%B1o.jpg?resize=525%2C300 1.5x"},"classes":[]},{"id":61825,"url":"https:\/\/www.24baires.com\/?p=61825","url_meta":{"origin":12850,"position":2},"title":"En feriado de Carnaval las ventas subieron 4,5%","author":"GB","date":"16\/02\/2015","format":false,"excerpt":"Los m\u00e1s de dos millones de turistas que se desplazan por el pa\u00eds en los tres primeros d\u00edas del Feriado de Carnaval llevan gastados ese dinero, de acuerdo con un informe realizado por la Confederaci\u00f3n Argentina de la Mediana Empresa. \"En medio de un verano con mucho movimiento, el primer\u2026","rel":"","context":"En \u00abEconom\u00eda\u00bb","block_context":{"text":"Econom\u00eda","link":"https:\/\/www.24baires.com\/?cat=45"},"img":{"alt_text":"shopping interior","src":"https:\/\/i0.wp.com\/www.24baires.com\/wp-content\/uploads\/2012\/12\/shopping-interior.jpg?resize=350%2C200","width":350,"height":200,"srcset":"https:\/\/i0.wp.com\/www.24baires.com\/wp-content\/uploads\/2012\/12\/shopping-interior.jpg?resize=350%2C200 1x, https:\/\/i0.wp.com\/www.24baires.com\/wp-content\/uploads\/2012\/12\/shopping-interior.jpg?resize=525%2C300 1.5x"},"classes":[]},{"id":40002,"url":"https:\/\/www.24baires.com\/?p=40002","url_meta":{"origin":12850,"position":3},"title":"Comienzan los carnavales y le ponen color a toda la Provincia","author":"Grupo Sierra","date":"07\/02\/2014","format":false,"excerpt":"A partir de este viernes, las localidades bonaerenses comienzan con las tradicionales celebraciones de carnaval, los desfiles de murgas, corsos y comparsas. Los festejos se llevar\u00e1n a cabo durante todo el fin de semana en las localidades de Marcos Paz, Maip\u00fa, Bah\u00eda Blanca, Smith, 25 de mayo, Col\u00f3n, Lincoln y\u2026","rel":"","context":"En \u00abProvincia\u00bb","block_context":{"text":"Provincia","link":"https:\/\/www.24baires.com\/?cat=40"},"img":{"alt_text":"carnaval lincoln","src":"https:\/\/i0.wp.com\/www.24baires.com\/wp-content\/uploads\/2014\/01\/carnaval-lincoln.jpg?resize=350%2C200","width":350,"height":200,"srcset":"https:\/\/i0.wp.com\/www.24baires.com\/wp-content\/uploads\/2014\/01\/carnaval-lincoln.jpg?resize=350%2C200 1x, https:\/\/i0.wp.com\/www.24baires.com\/wp-content\/uploads\/2014\/01\/carnaval-lincoln.jpg?resize=525%2C300 1.5x"},"classes":[]},{"id":41444,"url":"https:\/\/www.24baires.com\/?p=41444","url_meta":{"origin":12850,"position":4},"title":"Tandil fue el lugar m\u00e1s elegido por los argentinos","author":"Grupo Sierra","date":"03\/03\/2014","format":false,"excerpt":"As\u00ed lo indica un informe de la C\u00e1mara Argentina de Turismo. Tandil, Mar del Plata y Gualeguaych\u00fa son las ciudades m\u00e1s elegidas en este fin de semana largo por Carnaval. Las sierras tienen su capacidad hotelera colmada al 100%. En tanto, \"la ciudad fel\u00edz\" alcanz\u00f3 una ocupaci\u00f3n que supera el\u2026","rel":"","context":"En \u00abLocales\u00bb","block_context":{"text":"Locales","link":"https:\/\/www.24baires.com\/?cat=38"},"img":{"alt_text":"","src":"","width":0,"height":0},"classes":[]},{"id":61701,"url":"https:\/\/www.24baires.com\/?p=61701","url_meta":{"origin":12850,"position":5},"title":"La Plata se prepara para festejar Carnaval","author":"AF","date":"13\/02\/2015","format":false,"excerpt":"Habr\u00e1 una variada programaci\u00f3n: desde la guerra de espumas en Meridiano V hasta comparsas famosas en el cors\u00f3dromo de Plaza Moreno. La secretaria de Modernizaci\u00f3n del Estado de La Plata, Alejandra Sturzzeneger, asegur\u00f3 que en la capital bonaerense \u201clos carnavales est\u00e1n adquiriendo cada vez m\u00e1s protagonismo\u201d luego de que este\u2026","rel":"","context":"En \u00abLocales\u00bb","block_context":{"text":"Locales","link":"https:\/\/www.24baires.com\/?cat=38"},"img":{"alt_text":"carnaval","src":"https:\/\/i0.wp.com\/www.24baires.com\/wp-content\/uploads\/2015\/02\/carnaval-300x200.jpg?resize=350%2C200","width":350,"height":200},"classes":[]}],"jetpack_sharing_enabled":true,"jetpack_likes_enabled":true,"_links":{"self":[{"href":"https:\/\/www.24baires.com\/index.php?rest_route=\/wp\/v2\/posts\/12850","targetHints":{"allow":["GET"]}}],"collection":[{"href":"https:\/\/www.24baires.com\/index.php?rest_route=\/wp\/v2\/posts"}],"about":[{"href":"https:\/\/www.24baires.com\/index.php?rest_route=\/wp\/v2\/types\/post"}],"author":[{"embeddable":true,"href":"https:\/\/www.24baires.com\/index.php?rest_route=\/wp\/v2\/users\/11"}],"replies":[{"embeddable":true,"href":"https:\/\/www.24baires.com\/index.php?rest_route=%2Fwp%2Fv2%2Fcomments&post=12850"}],"version-history":[{"count":4,"href":"https:\/\/www.24baires.com\/index.php?rest_route=\/wp\/v2\/posts\/12850\/revisions"}],"predecessor-version":[{"id":12855,"href":"https:\/\/www.24baires.com\/index.php?rest_route=\/wp\/v2\/posts\/12850\/revisions\/12855"}],"wp:attachment":[{"href":"https:\/\/www.24baires.com\/index.php?rest_route=%2Fwp%2Fv2%2Fmedia&parent=12850"}],"wp:term":[{"taxonomy":"category","embeddable":true,"href":"https:\/\/www.24baires.com\/index.php?rest_route=%2Fwp%2Fv2%2Fcategories&post=12850"},{"taxonomy":"post_tag","embeddable":true,"href":"https:\/\/www.24baires.com\/index.php?rest_route=%2Fwp%2Fv2%2Ftags&post=12850"}],"curies":[{"name":"wp","href":"https:\/\/api.w.org\/{rel}","templated":true}]}}