{"id":12836,"date":"2013-01-19T18:12:36","date_gmt":"2013-01-19T21:12:36","guid":{"rendered":"http:\/\/www.24baires.com\/?p=12836"},"modified":"2013-01-19T18:12:36","modified_gmt":"2013-01-19T21:12:36","slug":"preven-en-un-70-por-ciento-la-ocupacion-hotelera-en-la-segunda-quincena-de-enero","status":"publish","type":"post","link":"https:\/\/www.24baires.com\/?p=12836","title":{"rendered":"Prev\u00e9n en un 70 por ciento la ocupaci\u00f3n hotelera en la segunda quincena de enero"},"content":{"rendered":"<p style=\"text-align: center;\"><a href=\"http:\/\/www.24baires.com\/sociedad\/11919-nueve-de-cada-diez-argentinos-deciden-veranear-dentro-del-pais\/attachment\/playa-mdp\/\" rel=\"attachment wp-att-11920\"><img data-recalc-dims=\"1\" loading=\"lazy\" decoding=\"async\" class=\"aligncenter  wp-image-11920\" alt=\"playa mdp\" src=\"https:\/\/i0.wp.com\/www.24baires.com\/wp-content\/uploads\/2013\/01\/playa-mdp.jpg?resize=560%2C410\" width=\"560\" height=\"410\" \/><\/a><\/p>\n<p>Seg\u00fan un relevamiento realizado por la Federaci\u00f3n Empresaria Hotelera Gastron\u00f3mica, durante la segunda mitad de enero, la ocupaci\u00f3n rondar\u00e1 esa cifra. En tanto, aseguraron que algunas localidades de la costa bonaerense, Cuyo y el Noreste registran niveles de reservas superiores a ese promedio.<!--more--><\/p>\n<p>La Federaci\u00f3n Empresaria Hotelera Gastron\u00f3mica de la Rep\u00fablica Argentina (FEHGRA) estima que la ocupaci\u00f3n hotelera durante la segunda quincena de enero ser\u00e1 del 70 por ciento a lo largo de todo el pa\u00eds. La Costa Atl\u00e1ntica, Cuyo y el Noreste son los destinos m\u00e1s elegidos por los turistas.<\/p>\n<p>La entidad, que relev\u00f3 establecimientos de sus 63 filiales en todo el pa\u00eds, indic\u00f3 que algunas localidades de la costa bonaerense, Cuyo y el Noreste registran niveles de reservas superiores a ese promedio. Esas localidades son Villa Gesell, Esteros del Iber\u00e1, El Trapiche, Potrero de los Funes, Valle F\u00e9rtil e Iglesia, precisa el informe.<\/p>\n<p>Este es \u00abun a\u00f1o con muchos feriados y esto impacta en la decisi\u00f3n de la gente a la hora de tomar sus vacaciones. En lugar de unificar todo el descanso en la temporada veraniega, muchos argentinos eligen distribuir sus d\u00edas a lo largo de todo el a\u00f1o y as\u00ed conocer m\u00e1s destinos\u00bb, indic\u00f3 Roberto Brunello, presidente de FEHGRA.<\/p>\n<p>\u00abPor ello es imprescindible que los empresarios hoteleros y gastron\u00f3micos seamos creativos y pensemos nuevas propuestas y servicios para este nuevo modelo de consumo\u00bb, advirti\u00f3. En la zona de la costa bonaerense, Villa Gesell lidera las reservas de ocupaci\u00f3n con un 90 por ciento y le siguen Mar de Las Pampas, con 85%, y La Gaviotas y Mar Azul con 80%.<\/p>\n<p>En el noreste la mayor cantidad de reservas hoteleras es Esteros del Iber\u00e1 (90%), seguido por la ciudad de Corrientes (85%) y Esquina, Ituzaing\u00f3 y Paso de La Patria, todos con el 80%.<\/p>\n<p>En la zona de Cuyo, el listado de reservas de ocupaci\u00f3n hotelera lo lidera Potrero de Los Funes (95%), y le siguen El Trapiche, Valle F\u00e9rtil e Iglesia, todas con 90%. Villa Carlos Paz sigue siendo cabeza del turismo estival cordob\u00e9s, con una reserva del 85%, en tanto Villa General Belgrano prev\u00e9 un 80% de ocupaci\u00f3n.<\/p>\n<p>Finalmente, en la Patagonia la localidad con m\u00e1s reservas es San Mart\u00edn de los Andes (85%), seguida por Bariloche, (80%).<\/p>\n<p>En tanto, un informe realizado por la Secretar\u00eda de Turismo de la provincia de Buenos Aires y durante la primera semana de enero indic\u00f3 que la ocupaci\u00f3n hotelera era del 60 por ciento.<\/p>\n<p>Pinamar, Mar de Plata y Villa Gesell fueron los destinos m\u00e1s elegidos. Asimismo, Ignacio Crotto, titular de la Secretar\u00eda, hab\u00eda manifestado: \u00abest\u00e1n todas las condiciones dadas para que sea una gran temporada\u201d.<\/p>\n<p>Por \u00faltimo, de acuerdo a un relevamiento de la Secretar\u00eda, en Mar Chiquita, Monte Hermoso, Necochea, Pinamar, Partido de la Costa y Miramar, la ocupaci\u00f3n y las reservas \u00abrondaron el 60 por ciento en la primera quincena de enero\u00bb.<\/p>\n","protected":false},"excerpt":{"rendered":"<p>Seg\u00fan un relevamiento realizado por la Federaci\u00f3n Empresaria Hotelera Gastron\u00f3mica, durante la segunda mitad de enero, la ocupaci\u00f3n rondar\u00e1 esa cifra. En tanto, aseguraron que algunas localidades de la costa bonaerense, Cuyo y el Noreste registran niveles de reservas superiores a ese promedio.<\/p>\n","protected":false},"author":11,"featured_media":0,"comment_status":"open","ping_status":"open","sticky":false,"template":"","format":"standard","meta":{"_jetpack_newsletter_access":"","_jetpack_dont_email_post_to_subs":false,"_jetpack_newsletter_tier_id":0,"_jetpack_memberships_contains_paywalled_content":false,"_jetpack_memberships_contains_paid_content":false,"footnotes":""},"categories":[1],"tags":[],"class_list":["post-12836","post","type-post","status-publish","format-standard","hentry","category-sociedad"],"jetpack_featured_media_url":"","jetpack_shortlink":"https:\/\/wp.me\/p2JWE0-3l2","jetpack-related-posts":[{"id":113806,"url":"https:\/\/www.24baires.com\/?p=113806","url_meta":{"origin":12836,"position":0},"title":"Mar del Plata: las reservas hoteleras para el fin de semana superan el 90%","author":"GB","date":"15\/01\/2020","format":false,"excerpt":"As\u00ed lo indic\u00f3 la Asociaci\u00f3n Empresaria Hotelera Gastron\u00f3mica. El Emtur abri\u00f3 un registro preventivo de disponibilidad hotelera Las reservas hoteleras para el fin de semana en Mar del Plata ya superan el 90%, seg\u00fan adelant\u00f3 la Asociaci\u00f3n Empresaria Hotelera Gastron\u00f3mica (AEHG). Adem\u00e1s, detallaron que el resultado del sondeo de la\u2026","rel":"","context":"En \u00abTurismo\u00bb","block_context":{"text":"Turismo","link":"https:\/\/www.24baires.com\/?cat=69"},"img":{"alt_text":"","src":"https:\/\/i0.wp.com\/www.24baires.com\/wp-content\/uploads\/2015\/01\/mar-del-plata-playa.jpg?resize=350%2C200","width":350,"height":200,"srcset":"https:\/\/i0.wp.com\/www.24baires.com\/wp-content\/uploads\/2015\/01\/mar-del-plata-playa.jpg?resize=350%2C200 1x, https:\/\/i0.wp.com\/www.24baires.com\/wp-content\/uploads\/2015\/01\/mar-del-plata-playa.jpg?resize=525%2C300 1.5x"},"classes":[]},{"id":10827,"url":"https:\/\/www.24baires.com\/?p=10827","url_meta":{"origin":12836,"position":1},"title":"Para la primera quincena del a\u00f1o se espera una ocupaci\u00f3n superior al 69% en centros tur\u00edsticos","author":"AF","date":"30\/12\/2012","format":false,"excerpt":"La ocupaci\u00f3n para la primera quincena de enero super\u00f3 el 69% en los principales centros tur\u00edsticos de la costa, del litoral y del centro del pa\u00eds, report\u00f3 la Federaci\u00f3n Empresaria Hotelera Gastron\u00f3mica de la Rep\u00fablica Argentina (FEHGRA). \"Se trata de datos preliminares, dado que muchos argentinos viajan despu\u00e9s de celebrar\u2026","rel":"","context":"En \u00abSociedad\u00bb","block_context":{"text":"Sociedad","link":"https:\/\/www.24baires.com\/?cat=1"},"img":{"alt_text":"costa","src":"https:\/\/i0.wp.com\/www.24baires.com\/wp-content\/uploads\/2012\/11\/costa-300x166.jpg?resize=350%2C200","width":350,"height":200},"classes":[]},{"id":60137,"url":"https:\/\/www.24baires.com\/?p=60137","url_meta":{"origin":12836,"position":2},"title":"La primera quincena de enero fue r\u00e9cord en Mar del Plata","author":"GB","date":"15\/01\/2015","format":false,"excerpt":"La ocupaci\u00f3n hotelera super\u00f3 el 85 por ciento y el turismo en la ciudad balnearia fue exitoso seg\u00fan autoridades de Turismo. Enero sigue generando buenas expectativas en Mar del Plata. Con una ocupaci\u00f3n hotelera que super\u00f3 el 85 por ciento de su capacidad, Mar del Plata vivi\u00f3 una gran primera\u2026","rel":"","context":"En \u00abTurismo\u00bb","block_context":{"text":"Turismo","link":"https:\/\/www.24baires.com\/?cat=69"},"img":{"alt_text":"turistas mar del plata","src":"https:\/\/i0.wp.com\/www.24baires.com\/wp-content\/uploads\/2015\/01\/turistas-mar-del-plata.jpg?resize=350%2C200","width":350,"height":200,"srcset":"https:\/\/i0.wp.com\/www.24baires.com\/wp-content\/uploads\/2015\/01\/turistas-mar-del-plata.jpg?resize=350%2C200 1x, https:\/\/i0.wp.com\/www.24baires.com\/wp-content\/uploads\/2015\/01\/turistas-mar-del-plata.jpg?resize=525%2C300 1.5x"},"classes":[]},{"id":14467,"url":"https:\/\/www.24baires.com\/?p=14467","url_meta":{"origin":12836,"position":3},"title":"Esperan una ocupaci\u00f3n hotelera del 80 por ciento en los Municipios de la Costa","author":"Grupo Sierra","date":"02\/02\/2013","format":false,"excerpt":"Un relevamiento realizado entre representantes del comercio, hoteleros y operadores tur\u00edsticos del Municipio de La Costa, Pinamar y Villa Gesell expresaron que la primera quincena de febrero marca una ocupaci\u00f3n hotelera y de reservas de entre un 75 y un 80 por ciento. \"Tuvimos que convencer a los propietarios de\u2026","rel":"","context":"En \u00abSociedad\u00bb","block_context":{"text":"Sociedad","link":"https:\/\/www.24baires.com\/?cat=1"},"img":{"alt_text":"playa costa atlantica","src":"https:\/\/i0.wp.com\/www.24baires.com\/wp-content\/uploads\/2013\/02\/playa-costa-atlantica.jpg?resize=350%2C200","width":350,"height":200,"srcset":"https:\/\/i0.wp.com\/www.24baires.com\/wp-content\/uploads\/2013\/02\/playa-costa-atlantica.jpg?resize=350%2C200 1x, https:\/\/i0.wp.com\/www.24baires.com\/wp-content\/uploads\/2013\/02\/playa-costa-atlantica.jpg?resize=525%2C300 1.5x"},"classes":[]},{"id":113688,"url":"https:\/\/www.24baires.com\/?p=113688","url_meta":{"origin":12836,"position":4},"title":"Mar del Plata culmin\u00f3 el primer fin de semana de enero con un 70% de ocupaci\u00f3n hotelera","author":"GB","date":"06\/01\/2020","format":false,"excerpt":"Los turistas mayoritariamente elijen estad\u00edas de 4 o 5 d\u00edas en la Cosa Atl\u00e1ntica. En el medio de las restricciones para obtener d\u00f3lares, el turismo interno comenz\u00f3 a tomar mayor actividad en la primera semana de enero de 2020. En ese sentido, Mar del Plata experiment\u00f3 una ocupaci\u00f3n hotelera del\u2026","rel":"","context":"En \u00abTurismo\u00bb","block_context":{"text":"Turismo","link":"https:\/\/www.24baires.com\/?cat=69"},"img":{"alt_text":"","src":"https:\/\/i0.wp.com\/www.24baires.com\/wp-content\/uploads\/2015\/01\/turistas-mar-del-plata.jpg?resize=350%2C200","width":350,"height":200,"srcset":"https:\/\/i0.wp.com\/www.24baires.com\/wp-content\/uploads\/2015\/01\/turistas-mar-del-plata.jpg?resize=350%2C200 1x, https:\/\/i0.wp.com\/www.24baires.com\/wp-content\/uploads\/2015\/01\/turistas-mar-del-plata.jpg?resize=525%2C300 1.5x"},"classes":[]},{"id":100714,"url":"https:\/\/www.24baires.com\/?p=100714","url_meta":{"origin":12836,"position":5},"title":"\u00daltimo fin de semana de febrero: hay m\u00e1s de un 70% de ocupaci\u00f3n hotelera","author":"GB","date":"24\/02\/2018","format":false,"excerpt":"As\u00ed lo afirmaron desde la Asociaci\u00f3n de Empresarios Hoteleros Gastron\u00f3micos de Mar del Plata. Hay buenas expectativas para el cierre del mes Los operadores tur\u00edsticos tienen buenas expectativas para el \u00faltimo fin de semana de febrero: la ocupaci\u00f3n hotelera supera el 70% aproximadamente, seg\u00fan revelaron a AHORA Mar del Platadesde\u2026","rel":"","context":"En \u00abTurismo\u00bb","block_context":{"text":"Turismo","link":"https:\/\/www.24baires.com\/?cat=69"},"img":{"alt_text":"","src":"https:\/\/i0.wp.com\/www.24baires.com\/wp-content\/uploads\/2017\/02\/mar-del-plata.jpg?resize=350%2C200","width":350,"height":200,"srcset":"https:\/\/i0.wp.com\/www.24baires.com\/wp-content\/uploads\/2017\/02\/mar-del-plata.jpg?resize=350%2C200 1x, https:\/\/i0.wp.com\/www.24baires.com\/wp-content\/uploads\/2017\/02\/mar-del-plata.jpg?resize=525%2C300 1.5x"},"classes":[]}],"jetpack_sharing_enabled":true,"jetpack_likes_enabled":true,"_links":{"self":[{"href":"https:\/\/www.24baires.com\/index.php?rest_route=\/wp\/v2\/posts\/12836","targetHints":{"allow":["GET"]}}],"collection":[{"href":"https:\/\/www.24baires.com\/index.php?rest_route=\/wp\/v2\/posts"}],"about":[{"href":"https:\/\/www.24baires.com\/index.php?rest_route=\/wp\/v2\/types\/post"}],"author":[{"embeddable":true,"href":"https:\/\/www.24baires.com\/index.php?rest_route=\/wp\/v2\/users\/11"}],"replies":[{"embeddable":true,"href":"https:\/\/www.24baires.com\/index.php?rest_route=%2Fwp%2Fv2%2Fcomments&post=12836"}],"version-history":[{"count":3,"href":"https:\/\/www.24baires.com\/index.php?rest_route=\/wp\/v2\/posts\/12836\/revisions"}],"predecessor-version":[{"id":12839,"href":"https:\/\/www.24baires.com\/index.php?rest_route=\/wp\/v2\/posts\/12836\/revisions\/12839"}],"wp:attachment":[{"href":"https:\/\/www.24baires.com\/index.php?rest_route=%2Fwp%2Fv2%2Fmedia&parent=12836"}],"wp:term":[{"taxonomy":"category","embeddable":true,"href":"https:\/\/www.24baires.com\/index.php?rest_route=%2Fwp%2Fv2%2Fcategories&post=12836"},{"taxonomy":"post_tag","embeddable":true,"href":"https:\/\/www.24baires.com\/index.php?rest_route=%2Fwp%2Fv2%2Ftags&post=12836"}],"curies":[{"name":"wp","href":"https:\/\/api.w.org\/{rel}","templated":true}]}}