{"id":12823,"date":"2013-01-19T16:50:26","date_gmt":"2013-01-19T19:50:26","guid":{"rendered":"http:\/\/www.24baires.com\/?p=12823"},"modified":"2013-01-19T16:50:32","modified_gmt":"2013-01-19T19:50:32","slug":"susana-trimarco-confundio-a-una-joven-con-su-hija-durante-un-operativo","status":"publish","type":"post","link":"https:\/\/www.24baires.com\/?p=12823","title":{"rendered":"Susana Trimarco confundi\u00f3 a una joven con su hija durante un operativo"},"content":{"rendered":"<p><a href=\"http:\/\/www.24baires.com\/sociedad\/12823-susana-trimarco-confundio-a-una-joven-con-su-hija-durante-un-operativo\/attachment\/susana-trimarco-2\/\" rel=\"attachment wp-att-12825\"><img data-recalc-dims=\"1\" loading=\"lazy\" decoding=\"async\" class=\"alignleft size-full wp-image-12825\" alt=\"susana trimarco\" src=\"https:\/\/i0.wp.com\/www.24baires.com\/wp-content\/uploads\/2013\/01\/susana-trimarco1.jpg?resize=320%2C192\" width=\"320\" height=\"192\" srcset=\"https:\/\/i0.wp.com\/www.24baires.com\/wp-content\/uploads\/2013\/01\/susana-trimarco1.jpg?w=320&amp;ssl=1 320w, https:\/\/i0.wp.com\/www.24baires.com\/wp-content\/uploads\/2013\/01\/susana-trimarco1.jpg?resize=300%2C180&amp;ssl=1 300w\" sizes=\"auto, (max-width: 320px) 100vw, 320px\" \/><\/a><strong>ENTRE R\u00cdOS &#8211;<\/strong> Susana Trimarco, madre de Marita Ver\u00f3n, particip\u00f3 de un operativo realizado en la localidad entrerriana de Crespo y dijo que en el lugar vio a una joven que era obligada a ejercer la prostituci\u00f3n y ten\u00eda un gran parecido f\u00edsico a su hija, pero luego comprob\u00f3 que no era ella.<!--more--><\/p>\n<p>El hecho sucedi\u00f3 durante un allanamiento realizado a principios de enero a partir de una denuncia recibida en la Fundaci\u00f3n Mar\u00eda de los Angeles que preside Trimarco.<\/p>\n<p>Los allanamientos se realizaron la primera semana de enero, pero la vinculaci\u00f3n con el caso Ver\u00f3n fue hecho p\u00fablico por Trimarco por primera vez en declaraciones a medios locales que se reproducen hoy.<\/p>\n<p>La mujer cont\u00f3 que al recibir el llamado, le pregunt\u00f3 a la denunciante si estaba dispuesta a declarar con su documento nacional de identidad.<\/p>\n<p>\u201cRecibo tantas falsas alarmas de an\u00f3nimos, que quiero que todo se haga como corresponde y se identifique a los denunciantes\u201d, manifest\u00f3.<\/p>\n<p>Junto a su hijo Horacio Ver\u00f3n viajaron a Crespo, en Entre R\u00edos, y all\u00ed, acompa\u00f1ados por un juez y personal de Gendarmer\u00eda Nacional, llegaron a los prost\u00edbulos indicados.<\/p>\n<p>La mujer que aseguraba haber visto a Marita se\u00f1al\u00f3 a una joven que era muy parecida f\u00edsicamente y Trimarco lleg\u00f3 a confundirla a la distancia.<\/p>\n<p>\u201cTen\u00eda la piel blanca como mi hija, no puedo explicar el parecido\u00bb, resalt\u00f3 Trimarco, y asegur\u00f3 que \u00abme temblaban las piernas cuando me acercaba\u00bb.<\/p>\n<p>Pero al verla desde cerca, Trimarco supo que no era su hija y sus esperanzas de diluyeron una vez m\u00e1s.<\/p>\n<p>Sin embargo, el operativo permiti\u00f3 rescatar a la joven y a otras personas que estaban en el lugar.<\/p>\n<p>\u201cEs incre\u00edble el nivel de prostituci\u00f3n que hemos visto, a pesar de que es una zona rural, ya que hay mujeres mayores y menores, travestis, todas siendo explotadas sexualmente\u00bb, indic\u00f3 Trimarco en declaraciones al diario La Gaceta de Tucum\u00e1n.<\/p>\n<p>\u00abHay mucho por hacer all\u00ed y por suerte la Justicia Federal ya est\u00e1 actuando en ese caso\u201d, coment\u00f3 la madre de Marita.<\/p>\n","protected":false},"excerpt":{"rendered":"<p>ENTRE R\u00cdOS &#8211; Susana Trimarco, madre de Marita Ver\u00f3n, particip\u00f3 de un operativo realizado en la localidad entrerriana de Crespo y dijo que en el lugar vio a una joven que era obligada a ejercer la prostituci\u00f3n y ten\u00eda un gran parecido f\u00edsico a su hija, pero luego comprob\u00f3 que no era ella.<\/p>\n","protected":false},"author":4,"featured_media":0,"comment_status":"open","ping_status":"open","sticky":false,"template":"","format":"standard","meta":{"_jetpack_newsletter_access":"","_jetpack_dont_email_post_to_subs":false,"_jetpack_newsletter_tier_id":0,"_jetpack_memberships_contains_paywalled_content":false,"_jetpack_memberships_contains_paid_content":false,"footnotes":""},"categories":[1],"tags":[],"class_list":["post-12823","post","type-post","status-publish","format-standard","hentry","category-sociedad"],"jetpack_featured_media_url":"","jetpack_shortlink":"https:\/\/wp.me\/p2JWE0-3kP","jetpack-related-posts":[{"id":13051,"url":"https:\/\/www.24baires.com\/?p=13051","url_meta":{"origin":12823,"position":0},"title":"Denuncian que amenazaron de muerte a Susana Trimarco por tel\u00e9fono","author":"Grupo Sierra","date":"21\/01\/2013","format":false,"excerpt":"La madre de Marita Ver\u00f3n, Susana Trimarco fue amenazada de muerte a trav\u00e9s de llamados\u00a0telef\u00f3nicos\u00a0an\u00f3nimos, seg\u00fan denunciaron hoy los abogados de la Fundaci\u00f3n Mar\u00eda de los \u00c1ngeles que vinculan el caso a una interna policial. Las amenazas fueron realizadas durante el fin de semana y se conocieron hoy a partir\u2026","rel":"","context":"En \u00abSociedad\u00bb","block_context":{"text":"Sociedad","link":"https:\/\/www.24baires.com\/?cat=1"},"img":{"alt_text":"trimarco susana","src":"https:\/\/i0.wp.com\/www.24baires.com\/wp-content\/uploads\/2013\/01\/trimarco-susana.jpg?resize=350%2C200","width":350,"height":200,"srcset":"https:\/\/i0.wp.com\/www.24baires.com\/wp-content\/uploads\/2013\/01\/trimarco-susana.jpg?resize=350%2C200 1x, https:\/\/i0.wp.com\/www.24baires.com\/wp-content\/uploads\/2013\/01\/trimarco-susana.jpg?resize=525%2C300 1.5x"},"classes":[]},{"id":51613,"url":"https:\/\/www.24baires.com\/?p=51613","url_meta":{"origin":12823,"position":1},"title":"Cotejan el ADN del ni\u00f1o se\u00f1alado como posible hijo de Marita Ver\u00f3n","author":"Grupo Sierra","date":"11\/08\/2014","format":false,"excerpt":"La Justicia cordobeza autoriz\u00f3 la medida luego de que Susana Trimarco, madre de la joven desaparecida, haya realizado una denuncia. El juez federal N\u00ba 2, Alejandro S\u00e1nchez Freytes, autoriz\u00f3 a \"realizar el cotejo gen\u00e9tico entre la muestra de ADN del menor con el material gen\u00e9tico de familiares directos de Mar\u00eda\u2026","rel":"","context":"En \u00abJUDICIALES\u00bb","block_context":{"text":"JUDICIALES","link":"https:\/\/www.24baires.com\/?cat=68"},"img":{"alt_text":"marita ver\u00f3n2","src":"https:\/\/i0.wp.com\/www.24baires.com\/wp-content\/uploads\/2013\/04\/marita-ver%C3%B3n2.jpg?resize=350%2C200","width":350,"height":200,"srcset":"https:\/\/i0.wp.com\/www.24baires.com\/wp-content\/uploads\/2013\/04\/marita-ver%C3%B3n2.jpg?resize=350%2C200 1x, https:\/\/i0.wp.com\/www.24baires.com\/wp-content\/uploads\/2013\/04\/marita-ver%C3%B3n2.jpg?resize=525%2C300 1.5x"},"classes":[]},{"id":13443,"url":"https:\/\/www.24baires.com\/?p=13443","url_meta":{"origin":12823,"position":2},"title":"Abal Medina reiter\u00f3 el genuino compromiso del Gobierno en la lucha contra la trata","author":"AF","date":"24\/01\/2013","format":false,"excerpt":"El jefe de Gabinete recibi\u00f3 este jueves en la Casa de Gobierno a Susana Trimarco y en ese marco reiter\u00f3 el \"irrenunciable compromiso del gobierno nacional en la lucha contra la trata de personas\". Durante la reuni\u00f3n con la madre de Marita Ver\u00f3n, el jefe de Gabinete reiter\u00f3 el \"irrenunciable\u2026","rel":"","context":"En \u00abSociedad\u00bb","block_context":{"text":"Sociedad","link":"https:\/\/www.24baires.com\/?cat=1"},"img":{"alt_text":"abal medina trimarco","src":"https:\/\/i0.wp.com\/www.24baires.com\/wp-content\/uploads\/2013\/01\/abal-medina-trimarco-300x200.jpg?resize=350%2C200","width":350,"height":200},"classes":[]},{"id":29816,"url":"https:\/\/www.24baires.com\/?p=29816","url_meta":{"origin":12823,"position":3},"title":"Alak y Trimarco firmaron un acuerdo de asistencia para v\u00edctimas de la trata","author":"AF","date":"09\/08\/2013","format":false,"excerpt":"El ministro de Justicia y Derechos Humanos, Julio Alak, suscribi\u00f3 un convenio de cooperaci\u00f3n con Susana Trimarco, madre de Marita Ver\u00f3n y titular de la instituci\u00f3n que trabaja en la prevenci\u00f3n, la protecci\u00f3n y la asistencia integral de las v\u00edctimas de ese delito. El ministro de Justicia y Derechos Humanos,\u2026","rel":"","context":"En \u00abSociedad\u00bb","block_context":{"text":"Sociedad","link":"https:\/\/www.24baires.com\/?cat=1"},"img":{"alt_text":"trimarco alak","src":"https:\/\/i0.wp.com\/www.24baires.com\/wp-content\/uploads\/2013\/08\/trimarco-alak-300x200.jpg?resize=350%2C200","width":350,"height":200},"classes":[]},{"id":21560,"url":"https:\/\/www.24baires.com\/?p=21560","url_meta":{"origin":12823,"position":4},"title":"Susana Trimarco ser\u00e1 homenajeada con el Doctorado \u00abHonoris Causa\u00bb","author":"Grupo Sierra","date":"21\/04\/2013","format":false,"excerpt":"El diploma ser\u00e1 otorgado por la UBA durante una ceremonia en la que Susana Trimarco dar\u00e1 un discurso referido a su labor contra la trata de personas. Asistir\u00e1n miembros de ONGs y destacadas personalidades de los \u00e1mbitos cultural, acad\u00e9mico y de los derechos humanos. La Universidad de Buenos Aires (UBA)\u2026","rel":"","context":"En \u00abSociedad\u00bb","block_context":{"text":"Sociedad","link":"https:\/\/www.24baires.com\/?cat=1"},"img":{"alt_text":"trimarco susana","src":"https:\/\/i0.wp.com\/www.24baires.com\/wp-content\/uploads\/2013\/01\/trimarco-susana.jpg?resize=350%2C200","width":350,"height":200,"srcset":"https:\/\/i0.wp.com\/www.24baires.com\/wp-content\/uploads\/2013\/01\/trimarco-susana.jpg?resize=350%2C200 1x, https:\/\/i0.wp.com\/www.24baires.com\/wp-content\/uploads\/2013\/01\/trimarco-susana.jpg?resize=525%2C300 1.5x"},"classes":[]},{"id":20061,"url":"https:\/\/www.24baires.com\/?p=20061","url_meta":{"origin":12823,"position":5},"title":"Once a\u00f1os sin Marita Ver\u00f3n: \u00abNo me van a parar hasta que la encuentre\u00bb, asegur\u00f3 Trimarco","author":"AF","date":"03\/04\/2013","format":false,"excerpt":"Familiares y amigos de Marita Ver\u00f3n, la joven que desapareci\u00f3 hace 11 a\u00f1os, contin\u00faan con la b\u00fasqueda que comenz\u00f3 el 3 de abril de 2002, d\u00eda en el que fue secuestrada. Adem\u00e1s, la comisi\u00f3n de Juicio Pol\u00edtico de la Legislatura decidir\u00e1 el futuro de los jueces que absolvieron a los\u2026","rel":"","context":"En \u00abMemoria\u00bb","block_context":{"text":"Memoria","link":"https:\/\/www.24baires.com\/?cat=50"},"img":{"alt_text":"susana trimarco","src":"https:\/\/i0.wp.com\/www.24baires.com\/wp-content\/uploads\/2013\/01\/susana-trimarco1-300x180.jpg?resize=350%2C200","width":350,"height":200},"classes":[]}],"jetpack_sharing_enabled":true,"jetpack_likes_enabled":true,"_links":{"self":[{"href":"https:\/\/www.24baires.com\/index.php?rest_route=\/wp\/v2\/posts\/12823","targetHints":{"allow":["GET"]}}],"collection":[{"href":"https:\/\/www.24baires.com\/index.php?rest_route=\/wp\/v2\/posts"}],"about":[{"href":"https:\/\/www.24baires.com\/index.php?rest_route=\/wp\/v2\/types\/post"}],"author":[{"embeddable":true,"href":"https:\/\/www.24baires.com\/index.php?rest_route=\/wp\/v2\/users\/4"}],"replies":[{"embeddable":true,"href":"https:\/\/www.24baires.com\/index.php?rest_route=%2Fwp%2Fv2%2Fcomments&post=12823"}],"version-history":[{"count":3,"href":"https:\/\/www.24baires.com\/index.php?rest_route=\/wp\/v2\/posts\/12823\/revisions"}],"predecessor-version":[{"id":12828,"href":"https:\/\/www.24baires.com\/index.php?rest_route=\/wp\/v2\/posts\/12823\/revisions\/12828"}],"wp:attachment":[{"href":"https:\/\/www.24baires.com\/index.php?rest_route=%2Fwp%2Fv2%2Fmedia&parent=12823"}],"wp:term":[{"taxonomy":"category","embeddable":true,"href":"https:\/\/www.24baires.com\/index.php?rest_route=%2Fwp%2Fv2%2Fcategories&post=12823"},{"taxonomy":"post_tag","embeddable":true,"href":"https:\/\/www.24baires.com\/index.php?rest_route=%2Fwp%2Fv2%2Ftags&post=12823"}],"curies":[{"name":"wp","href":"https:\/\/api.w.org\/{rel}","templated":true}]}}