{"id":12818,"date":"2013-01-19T15:20:57","date_gmt":"2013-01-19T18:20:57","guid":{"rendered":"http:\/\/www.24baires.com\/?p=12818"},"modified":"2013-01-19T16:33:17","modified_gmt":"2013-01-19T19:33:17","slug":"caso-ferreyra-nosotros-no-mandamos-a-matar-a-nadie","status":"publish","type":"post","link":"https:\/\/www.24baires.com\/?p=12818","title":{"rendered":"Caso Ferreyra: \u00abNosotros no mandamos a matar a nadie\u00bb"},"content":{"rendered":"<p><a href=\"http:\/\/www.24baires.com\/sociedad\/12818-caso-ferreyra-nosotros-no-mandamos-a-matar-a-nadie\/attachment\/mariano-ferreyra-marcha\/\" rel=\"attachment wp-att-12819\"><img data-recalc-dims=\"1\" loading=\"lazy\" decoding=\"async\" class=\"alignleft size-full wp-image-12819\" alt=\"mariano ferreyra marcha\" src=\"https:\/\/i0.wp.com\/www.24baires.com\/wp-content\/uploads\/2013\/01\/mariano-ferreyra-marcha.jpg?resize=300%2C168\" width=\"300\" height=\"168\" \/><\/a>El n\u00famero 2 de los Ferroviarios, Juan Carlos \u00abGallego\u00bb Fern\u00e1ndez, rechaz\u00f3 las acusaciones que se les imputa por el crimen del militante del Partido Obrero. <!--more--><br \/>\nJuan Carlos \u00abGallego\u00bb Fern\u00e1ndez, uno de los principales acusados del crimen de Mariano Ferreyra y entonces n\u00famero dos de la Uni\u00f3n Ferroviaria, dijo que desde la entidad gremial \u00abjam\u00e1s\u00bb le dijeron a nadie que ten\u00eda que \u00abmatar a alguien\u00bb y estim\u00f3 que pudo haber \u00abalg\u00fan infiltrado\u00bb en la protesta que termin\u00f3 con la muerte del joven.<\/p>\n<p>Al contestar preguntas del Tribunal sobre los motivos por los cuales mataron al militante del Partido Obrero Mariano Ferreyra el 20 de octubre de 2010 en Barracas, Fern\u00e1ndez dijo: \u00ablo que est\u00e1bamos seguros es que nosotros no mandamos a matar a nadie, no mandamos gente armada, no le dijimos a nadie que ten\u00eda que ir armado\u00bb, Adem\u00e1s, Fern\u00e1ndez calific\u00f3 de \u00abgente agresiva\u00bb a los militantes del Partido Obrero y tercerizados que se movilizaban en aquella oportunidad y que por ello \u00e9l tem\u00eda que alg\u00fan ferroviario fuese lastimado el d\u00eda de los hechos, cuando la organizaci\u00f3n hab\u00eda realizado un acto que inclu\u00eda el corte de v\u00edas a la altura de la estaci\u00f3n Avellaneda.<\/p>\n<p>\u00abNosotros no fuimos, no mandamos a matar a nadie, no se nos hubiera pasado por la cabeza, nadie se convierte en asesino a esta altura de mi vida, con 70 a\u00f1os, con esta carrera\u00bb, se defendi\u00f3 el acusado en la jornada en que acept\u00f3 preguntas de las partes.<\/p>\n<p>La afirmaci\u00f3n de Fern\u00e1ndez surgi\u00f3 a ra\u00edz de la pregunta del presidente del Tribunal, Horacio Dias, sobre si \u00e9l compart\u00eda la impresi\u00f3n que tuvo en su momento el subsecretario de Transporte Ferroviario Antonio Luna en cuanto a que el crimen de Ferreyra fue para da\u00f1ar la imagen del Gobierno nacional.<\/p>\n<p>\u00abLo que dice Luna es lo que piensa mucha gente\u00bb, asegur\u00f3 Fern\u00e1ndez, quien sostuvo que \u00abalguien con mucha mala fe dijo que era m\u00e1s f\u00e1cil cargarle el fardo a la Uni\u00f3n Ferroviaria; esto es una porquer\u00eda por lo que nos han hecho, y la verdad espero que alguien haga Justicia\u00bb.<\/p>\n<p>\u00abLo que estoy seguro que la UF no sali\u00f3 a decir que hay que matar a alguien para decir que \u00e9stos no vengan m\u00e1s\u00bb a cortar v\u00edas, agreg\u00f3 el acusado.<\/p>\n<p>Adem\u00e1s, critic\u00f3 la hip\u00f3tesis de la investigaci\u00f3n sobre que el crimen de Ferreyra fue cometido por parte de una organizaci\u00f3n criminal: \u00abes imposible que fuera organizado, se habla de un tirador de otro lado, nadie lo investig\u00f3, se habl\u00f3 de armas en un lugar de Constituci\u00f3n y tampoco se investig\u00f3\u00bb, a\u00f1adi\u00f3.<\/p>\n<p>\u00abNo s\u00e9 si hubo gente infiltrada, se ve en videos que hay gente que se va enganchando, podemos pensar cualquier cosa\u00bb, agreg\u00f3.<\/p>\n<p>Por ello, es que Fern\u00e1ndez carg\u00f3 con que la acusaci\u00f3n contra dirigentes del gremio y varios de sus integrantes es una \u00abpersecuci\u00f3n a ferroviarios a diestra y siniestra, hasta con quienes no hab\u00edan estado en el lugar\u00bb.<\/p>\n<p>El interrogatorio lo comenz\u00f3 la fiscal\u00eda preguntando qu\u00e9 hizo Fern\u00e1ndez la jornada del hecho, y \u00e9l explic\u00f3 que estuvo en una exposici\u00f3n que tuvo lugar en la sede del gremio, y que habl\u00f3 con el delegado Pablo D\u00edaz, uno de los acusados y quien estuvo presente en la escena del crimen, y con quien reconoci\u00f3 que habl\u00f3 por tel\u00e9fono y le dijo que se fueran del lugar de los hechos.<\/p>\n<p>Seg\u00fan justific\u00f3 Fern\u00e1ndez, el pedido para que se retirasen era por temor a que vayan a \u00ablastimar a alguno de los ferroviarios\u00bb y porque \u00absabemos que es gente agresiva\u00bb en referencia a militantes del Partido Obrero y tercerizados.<\/p>\n<p>\u00abLa gente no se quer\u00eda ir porque pensaban que iba a cortar las v\u00edas\u00bb explic\u00f3 Fern\u00e1ndez, quien justific\u00f3 que luego de una protesta a ra\u00edz de la cual se interrump\u00eda el servicio, los pasajeros agred\u00edan a los ferroviarios.<\/p>\n<p>Fern\u00e1ndez tambi\u00e9n record\u00f3 haber agregado de pu\u00f1o y letra la frase \u00abno ingresa\u00bb del expediente del acusado Cristian Favale quien pretend\u00eda entrar a trabajar en los ferrocarriles, al d\u00eda siguiente de los hechos y al ver en las noticias que \u00e9ste se hab\u00eda candidateado para trabajar en el rubro.<\/p>\n<p>No obstante, explic\u00f3 que el rechazo al ingreso ya hab\u00eda sido resuelto antes porque Favale no hab\u00eda superado el examen psicot\u00e9cnico.<\/p>\n<p>La ampliaci\u00f3n indagatoria de Fern\u00e1ndez se suma a la que ya brind\u00f3 en diciembre pasado ante el Tribunal 21, el cual investiga el crimen de Ferreyra.<\/p>\n<p>&nbsp;<\/p>\n<p>&nbsp;<\/p>\n<p>&nbsp;<\/p>\n<p>&nbsp;<\/p>\n<p>&nbsp;<\/p>\n<p>&nbsp;<\/p>\n<p>&nbsp;<\/p>\n<p>&nbsp;<\/p>\n<p>&nbsp;<\/p>\n<p>&nbsp;<\/p>\n<p>&nbsp;<\/p>\n<p>&nbsp;<\/p>\n<p>&nbsp;<\/p>\n<p>&nbsp;<\/p>\n<p>&nbsp;<\/p>\n<p>&nbsp;<\/p>\n<p>&nbsp;<\/p>\n","protected":false},"excerpt":{"rendered":"<p>El n\u00famero 2 de los Ferroviarios, Juan Carlos \u00abGallego\u00bb Fern\u00e1ndez, rechaz\u00f3 las acusaciones que se les imputa por el crimen del militante del Partido Obrero.<\/p>\n","protected":false},"author":4,"featured_media":0,"comment_status":"open","ping_status":"open","sticky":false,"template":"","format":"standard","meta":{"_jetpack_newsletter_access":"","_jetpack_dont_email_post_to_subs":false,"_jetpack_newsletter_tier_id":0,"_jetpack_memberships_contains_paywalled_content":false,"_jetpack_memberships_contains_paid_content":false,"footnotes":""},"categories":[1],"tags":[],"class_list":["post-12818","post","type-post","status-publish","format-standard","hentry","category-sociedad"],"jetpack_featured_media_url":"","jetpack_shortlink":"https:\/\/wp.me\/p2JWE0-3kK","jetpack-related-posts":[{"id":14435,"url":"https:\/\/www.24baires.com\/?p=14435","url_meta":{"origin":12818,"position":0},"title":"Har\u00e1n una inspecci\u00f3n ocular donde fue asesinado Mariano Ferreyra","author":"AF","date":"02\/02\/2013","format":false,"excerpt":"El tribunal Oral que juzga a los detenidos por el crimen del militante del Partido Obrero se trasladar\u00e1 el lunes al lugar de los hechos para realizar una inspecci\u00f3n ocular, cuando ya se transita la etapa final del juicio. Para el lunes a las 12 se paut\u00f3 el encuentro en\u2026","rel":"","context":"En \u00abMemoria\u00bb","block_context":{"text":"Memoria","link":"https:\/\/www.24baires.com\/?cat=50"},"img":{"alt_text":"","src":"","width":0,"height":0},"classes":[]},{"id":32760,"url":"https:\/\/www.24baires.com\/?p=32760","url_meta":{"origin":12818,"position":1},"title":"Casaci\u00f3n revisar\u00e1 las condenas a Pedraza por el caso Mariano Ferreyra","author":"AF","date":"30\/09\/2013","format":false,"excerpt":"La C\u00e1mara Federal de Casaci\u00f3n Penal rever\u00e1 las condenas otorgadas al ex titular de la Uni\u00f3n Ferroviaria, y har\u00e1 lo mismo con los detenidos por el crimen del joven militante del Partido Obrero. Esto se da luego de que las defensas presentar\u00e1n sus respectivas apelaciones contra el fallo del Tribunal\u2026","rel":"","context":"En \u00abJUDICIALES\u00bb","block_context":{"text":"JUDICIALES","link":"https:\/\/www.24baires.com\/?cat=68"},"img":{"alt_text":"","src":"","width":0,"height":0},"classes":[]},{"id":20269,"url":"https:\/\/www.24baires.com\/?p=20269","url_meta":{"origin":12818,"position":2},"title":"El 19 de abril se conocer\u00e1 el veredicto por el crimen de Mariano Ferreyra","author":"AF","date":"05\/04\/2013","format":false,"excerpt":"El tribunal que juzga el crimen del militante del PO dar\u00e1 a conocer el veredicto ese d\u00eda, luego de escuchar las \u00faltimas palabras de todos los procesados, entre ellos el ex titular de la Uni\u00f3n Ferroviaria Jos\u00e9 Pedraza. El anuncio fue hecho por el Tribunal Oral en lo Criminal 21\u2026","rel":"","context":"En \u00abSociedad\u00bb","block_context":{"text":"Sociedad","link":"https:\/\/www.24baires.com\/?cat=1"},"img":{"alt_text":"ferreyra mariano","src":"https:\/\/i0.wp.com\/www.24baires.com\/wp-content\/uploads\/2013\/01\/ferreyra-mariano.jpg?resize=350%2C200","width":350,"height":200},"classes":[]},{"id":29356,"url":"https:\/\/www.24baires.com\/?p=29356","url_meta":{"origin":12818,"position":3},"title":"Querellantes y condenados pidieron apelar el veredicto del caso Mariano Ferreyra","author":"AF","date":"01\/08\/2013","format":false,"excerpt":"La querella del Partido Obrero, el ex titular de la Uni\u00f3n Ferroviaria Jos\u00e9 Pedraza y los dem\u00e1s condenados por el crimen del militante apelaron las penas. Los jueces del tribunal que juzg\u00f3 el asesinato deber\u00e1n ahora resolver si les dan curso y abren el camino hacia la C\u00e1mara Federal de\u2026","rel":"","context":"En \u00abSociedad\u00bb","block_context":{"text":"Sociedad","link":"https:\/\/www.24baires.com\/?cat=1"},"img":{"alt_text":"ferreyra mariano","src":"https:\/\/i0.wp.com\/www.24baires.com\/wp-content\/uploads\/2013\/01\/ferreyra-mariano.jpg?resize=350%2C200","width":350,"height":200},"classes":[]},{"id":38961,"url":"https:\/\/www.24baires.com\/?p=38961","url_meta":{"origin":12818,"position":4},"title":"Mariano Ferreyra: Casaci\u00f3n revisa la condena a Pedraza","author":"GB","date":"21\/01\/2014","format":false,"excerpt":"Tras las apelaciones de las querellas, la fiscal\u00eda y las defensas, la C\u00e1mara Federal de Casaci\u00f3n Penal comenz\u00f3 a revisar la condena a 15 a\u00f1os de prisi\u00f3n dictada por el Tribunal Oral Criminal 21 contra el ex sindicalista ferroviario Jos\u00e9 Pedraza, por el asesinato del militante del Partido Obrero, Mariano\u2026","rel":"","context":"En \u00abJUDICIALES\u00bb","block_context":{"text":"JUDICIALES","link":"https:\/\/www.24baires.com\/?cat=68"},"img":{"alt_text":"","src":"","width":0,"height":0},"classes":[]},{"id":16790,"url":"https:\/\/www.24baires.com\/?p=16790","url_meta":{"origin":12818,"position":5},"title":"Aguardan que la fiscal\u00eda acompa\u00f1e el pedido de perpetua para Pedraza","author":"AF","date":"26\/02\/2013","format":false,"excerpt":"Los familiares de Mariano Ferreyra esperan que la fiscal\u00eda acompa\u00f1e en su alegato el pedido de perpetua para el ex titular de la Uni\u00f3n Ferroviaria. En la audiencia, la fiscal consider\u00f3 que Pedraza orden\u00f3 el ataque a los tercerizados. La fiscal Mar\u00eda Luz Jalbert asever\u00f3 hoy que el ex secretario\u2026","rel":"","context":"En \u00abSociedad\u00bb","block_context":{"text":"Sociedad","link":"https:\/\/www.24baires.com\/?cat=1"},"img":{"alt_text":"juicio m ferreyra","src":"https:\/\/i0.wp.com\/www.24baires.com\/wp-content\/uploads\/2013\/02\/juicio-m-ferreyra-300x200.jpg?resize=350%2C200","width":350,"height":200},"classes":[]}],"jetpack_sharing_enabled":true,"jetpack_likes_enabled":true,"_links":{"self":[{"href":"https:\/\/www.24baires.com\/index.php?rest_route=\/wp\/v2\/posts\/12818","targetHints":{"allow":["GET"]}}],"collection":[{"href":"https:\/\/www.24baires.com\/index.php?rest_route=\/wp\/v2\/posts"}],"about":[{"href":"https:\/\/www.24baires.com\/index.php?rest_route=\/wp\/v2\/types\/post"}],"author":[{"embeddable":true,"href":"https:\/\/www.24baires.com\/index.php?rest_route=\/wp\/v2\/users\/4"}],"replies":[{"embeddable":true,"href":"https:\/\/www.24baires.com\/index.php?rest_route=%2Fwp%2Fv2%2Fcomments&post=12818"}],"version-history":[{"count":2,"href":"https:\/\/www.24baires.com\/index.php?rest_route=\/wp\/v2\/posts\/12818\/revisions"}],"predecessor-version":[{"id":12821,"href":"https:\/\/www.24baires.com\/index.php?rest_route=\/wp\/v2\/posts\/12818\/revisions\/12821"}],"wp:attachment":[{"href":"https:\/\/www.24baires.com\/index.php?rest_route=%2Fwp%2Fv2%2Fmedia&parent=12818"}],"wp:term":[{"taxonomy":"category","embeddable":true,"href":"https:\/\/www.24baires.com\/index.php?rest_route=%2Fwp%2Fv2%2Fcategories&post=12818"},{"taxonomy":"post_tag","embeddable":true,"href":"https:\/\/www.24baires.com\/index.php?rest_route=%2Fwp%2Fv2%2Ftags&post=12818"}],"curies":[{"name":"wp","href":"https:\/\/api.w.org\/{rel}","templated":true}]}}