{"id":12808,"date":"2013-01-19T13:33:58","date_gmt":"2013-01-19T16:33:58","guid":{"rendered":"http:\/\/www.24baires.com\/?p=12808"},"modified":"2013-01-19T15:36:22","modified_gmt":"2013-01-19T18:36:22","slug":"baradel-aclaro-que-el-inicio-de-clases-depende-del-resultado-de-las-paritarias","status":"publish","type":"post","link":"https:\/\/www.24baires.com\/?p=12808","title":{"rendered":"Baradel aclar\u00f3 que el inicio de clases depender\u00e1 del resultado de las paritarias"},"content":{"rendered":"<p><a href=\"http:\/\/www.24baires.com\/provincia\/8572-docentes-reiteran-que-no-comenzaran-las-clases-tras-la-reunion-con-scioli\/attachment\/baradel-declaraciones\/\" rel=\"attachment wp-att-8577\"><img data-recalc-dims=\"1\" loading=\"lazy\" decoding=\"async\" class=\"aligncenter size-full wp-image-8577\" alt=\"baradel declaraciones\" src=\"https:\/\/i0.wp.com\/www.24baires.com\/wp-content\/uploads\/2012\/12\/baradel-declaraciones.jpg?resize=560%2C420\" width=\"560\" height=\"420\" srcset=\"https:\/\/i0.wp.com\/www.24baires.com\/wp-content\/uploads\/2012\/12\/baradel-declaraciones.jpg?w=560&amp;ssl=1 560w, https:\/\/i0.wp.com\/www.24baires.com\/wp-content\/uploads\/2012\/12\/baradel-declaraciones.jpg?resize=300%2C225&amp;ssl=1 300w\" sizes=\"auto, (max-width: 560px) 100vw, 560px\" \/><\/a>El jefe del Sindicato Unificado de Trabajadores de la Educaci\u00f3n de Buenos Aires (Suteba), Roberto Baradel, condicion\u00f3 el inicio de las clases el 25 de febrero al resultado de las negociaciones paritarias que se iniciar\u00e1n el 21 y 22 de enero.<!--more--><\/p>\n<p>\u00abSi los funcionarios entienden que tiene que haber una recomposici\u00f3n salarial que permita recuperar poder adquisitivo, mejorar la calidad del salario y hacer inversi\u00f3n en infraestructura y transporte escolar, no deber\u00eda haber problemas el 25\u00bb, afirm\u00f3 a radio Mitre.<\/p>\n<p>Baradel dijo que los gremios docentes \u00abno hemos plantado ni porcentajes ni montos\u00bb y van a comenzar a \u00abdiscutir el tema de la incorporaci\u00f3n al b\u00e1sico de la suma y al blanqueo, porque todav\u00eda hay sumas no remunerativas que no cobran los jubilados\u00bb.<\/p>\n<p>El docente dijo que \u00abel 21, 22 y 23 vamos a comenzar a discutir con una base que debe regir desde el 1 de enero\u00bb.<\/p>\n<p>Baradel consider\u00f3 que \u00abes un aspecto positivo que nos hayan convocado ahora\u00bb, aunque precis\u00f3 que \u00abse necesita saber cu\u00e1l va a ser el presupuesto que va a ejecutar la provincia\u00bb.<\/p>\n<p>Record\u00f3 que la semana anterior plantearon al ministro de Trabajo, Carlos Tomada, durante la visita del funcionario a CGT oficialista, de Hugo Yasky, la incidencia del m\u00ednimo no imponible del impuesto a las Ganancias.<\/p>\n<p>&nbsp;<\/p>\n<p>&nbsp;<\/p>\n<p>&nbsp;<\/p>\n<p>&nbsp;<\/p>\n<p>&nbsp;<\/p>\n<p>&nbsp;<\/p>\n<p>&nbsp;<\/p>\n<p>&nbsp;<\/p>\n<p>&nbsp;<\/p>\n<p>&nbsp;<\/p>\n<p>&nbsp;<\/p>\n<p>&nbsp;<\/p>\n<p>&nbsp;<\/p>\n<p>&nbsp;<\/p>\n<p>&nbsp;<\/p>\n<p>&nbsp;<\/p>\n<p>&nbsp;<\/p>\n<p>&nbsp;<\/p>\n<p>&nbsp;<\/p>\n<p>&nbsp;<\/p>\n<p>&nbsp;<\/p>\n<p>&nbsp;<\/p>\n<p>&nbsp;<\/p>\n<p>&nbsp;<\/p>\n<p>&nbsp;<\/p>\n<p>&nbsp;<\/p>\n<p>&nbsp;<\/p>\n<p>&nbsp;<\/p>\n<p>&nbsp;<\/p>\n","protected":false},"excerpt":{"rendered":"<p>El jefe del Sindicato Unificado de Trabajadores de la Educaci\u00f3n de Buenos Aires (Suteba), Roberto Baradel, condicion\u00f3 el inicio de las clases el 25 de febrero al resultado de las negociaciones paritarias que se iniciar\u00e1n el 21 y 22 de enero.<\/p>\n","protected":false},"author":4,"featured_media":0,"comment_status":"open","ping_status":"open","sticky":false,"template":"","format":"standard","meta":{"_jetpack_newsletter_access":"","_jetpack_dont_email_post_to_subs":false,"_jetpack_newsletter_tier_id":0,"_jetpack_memberships_contains_paywalled_content":false,"_jetpack_memberships_contains_paid_content":false,"footnotes":""},"categories":[1],"tags":[],"class_list":["post-12808","post","type-post","status-publish","format-standard","hentry","category-sociedad"],"jetpack_featured_media_url":"","jetpack_shortlink":"https:\/\/wp.me\/p2JWE0-3kA","jetpack-related-posts":[{"id":106233,"url":"https:\/\/www.24baires.com\/?p=106233","url_meta":{"origin":12808,"position":0},"title":"Baradel denuncia campa\u00f1a de fake news en su contra elaborada por Macri y Vidal","author":"AF","date":"07\/01\/2019","format":false,"excerpt":"El secretario General de Suteba acus\u00f3 al Presidente y a la Gobernadora de la Provincia de Buenos Aires como responsables del ataque que el docente padece en redes sociales a manos del troll center macrista. Bajo una violenta campa\u00f1a de noticias falsas, propiciadas desde un centenar de cuentas de trolls\u2026","rel":"","context":"En \u00abPol\u00edtica\u00bb","block_context":{"text":"Pol\u00edtica","link":"https:\/\/www.24baires.com\/?cat=51"},"img":{"alt_text":"","src":"https:\/\/i0.wp.com\/www.24baires.com\/wp-content\/uploads\/2018\/10\/baradel.jpg?resize=350%2C200","width":350,"height":200,"srcset":"https:\/\/i0.wp.com\/www.24baires.com\/wp-content\/uploads\/2018\/10\/baradel.jpg?resize=350%2C200 1x, https:\/\/i0.wp.com\/www.24baires.com\/wp-content\/uploads\/2018\/10\/baradel.jpg?resize=525%2C300 1.5x"},"classes":[]},{"id":78699,"url":"https:\/\/www.24baires.com\/?p=78699","url_meta":{"origin":12808,"position":1},"title":"Baradel: \u00abPor m\u00e1s que digan que no, las paritarias tienen un techo del 25%\u00bb","author":"GB","date":"08\/02\/2016","format":false,"excerpt":"El titular del Sindicato \u00danico de Trabajadores de la Educaci\u00f3n de la provincia de Buenos Aires (Sutecba), Roberto Baradel, opin\u00f3 que, m\u00e1s all\u00e1 de lo que diga el Gobierno nacional, s\u00ed habr\u00eda un techo a las paritarias y ser\u00eda del 25 por ciento de aumento. \"El 25 por ciento es\u2026","rel":"","context":"En \u00abPol\u00edtica\u00bb","block_context":{"text":"Pol\u00edtica","link":"https:\/\/www.24baires.com\/?cat=51"},"img":{"alt_text":"baradel","src":"https:\/\/i0.wp.com\/www.24baires.com\/wp-content\/uploads\/2012\/11\/baradel1-300x192.jpg?resize=350%2C200","width":350,"height":200},"classes":[]},{"id":100049,"url":"https:\/\/www.24baires.com\/?p=100049","url_meta":{"origin":12808,"position":2},"title":"Gremios docentes advierten que en estas condiciones \u201cno comenzar\u00e1n las clases\u201d","author":"GB","date":"19\/01\/2018","format":false,"excerpt":"As\u00ed lo asegur\u00f3 el secretario General de SUTEBA, quien envi\u00f3 un mensaje al Ejecutivo y ya puso los primeros requerimientos para que el ciclo lectivo inicie a tiempo. En medio del clima de tensi\u00f3n por el decreto de Mauricio Macri que elimina la paritaria nacional docente y quita injerencia a\u2026","rel":"","context":"En \u00abProvincia\u00bb","block_context":{"text":"Provincia","link":"https:\/\/www.24baires.com\/?cat=40"},"img":{"alt_text":"","src":"https:\/\/i0.wp.com\/www.24baires.com\/wp-content\/uploads\/2017\/03\/marcha-federal-docente.jpg?resize=350%2C200","width":350,"height":200,"srcset":"https:\/\/i0.wp.com\/www.24baires.com\/wp-content\/uploads\/2017\/03\/marcha-federal-docente.jpg?resize=350%2C200 1x, https:\/\/i0.wp.com\/www.24baires.com\/wp-content\/uploads\/2017\/03\/marcha-federal-docente.jpg?resize=525%2C300 1.5x"},"classes":[]},{"id":79202,"url":"https:\/\/www.24baires.com\/?p=79202","url_meta":{"origin":12808,"position":3},"title":"Baradel denunci\u00f3 amenazas contra su familia","author":"AF","date":"22\/02\/2016","format":false,"excerpt":"A s\u00f3lo una semana del inicio de clases, la paritaria docente se enrareci\u00f3 con un hecho ins\u00f3lito: uno de los dirigentes gremiales denunci\u00f3 que el fin de semana amenazaron a su familia para que acepte la oferta que present\u00f3 el Gobierno. Fue el secretario general de Suteba, Roberto Baradel, quien\u2026","rel":"","context":"En \u00abSociedad\u00bb","block_context":{"text":"Sociedad","link":"https:\/\/www.24baires.com\/?cat=1"},"img":{"alt_text":"baradel","src":"https:\/\/i0.wp.com\/www.24baires.com\/wp-content\/uploads\/2012\/11\/baradel1.jpg?resize=350%2C200","width":350,"height":200,"srcset":"https:\/\/i0.wp.com\/www.24baires.com\/wp-content\/uploads\/2012\/11\/baradel1.jpg?resize=350%2C200 1x, https:\/\/i0.wp.com\/www.24baires.com\/wp-content\/uploads\/2012\/11\/baradel1.jpg?resize=525%2C300 1.5x"},"classes":[]},{"id":100343,"url":"https:\/\/www.24baires.com\/?p=100343","url_meta":{"origin":12808,"position":4},"title":"Baradel: \u00abNo vamos a aceptar de ninguna manera un techo salarial\u00bb","author":"GB","date":"03\/02\/2018","format":false,"excerpt":"El titular de Suteba le reclam\u00f3 a Vidal que convoque a paritarias \"libres y sin techo\" y la acus\u00f3 de \"dilatar los plazos\". El titular del Sindicato Unificado de Trabajadores de la Educaci\u00f3n (Suteba), Roberto Baradel, advirti\u00f3 que los gremios docentes no aceptar\u00e1n el techo salarial de 15 por ciento\u2026","rel":"","context":"En \u00abPol\u00edtica\u00bb","block_context":{"text":"Pol\u00edtica","link":"https:\/\/www.24baires.com\/?cat=51"},"img":{"alt_text":"","src":"https:\/\/i0.wp.com\/www.24baires.com\/wp-content\/uploads\/2014\/03\/Baradel.jpg?resize=350%2C200","width":350,"height":200},"classes":[]},{"id":79360,"url":"https:\/\/www.24baires.com\/?p=79360","url_meta":{"origin":12808,"position":5},"title":"Baradel: \u00abEl viernes resolvemos si el pr\u00f3ximo lunes empiezan las clases\u00bb","author":"AF","date":"25\/02\/2016","format":false,"excerpt":"El secretario general de Suteba se\u00f1al\u00f3 que ese d\u00eda se realizar\u00e1 un congreso donde debatir\u00e1n el acta de la paritaria nacional y afirm\u00f3 que \u201csi se confirma la propuesta, en Naci\u00f3n estamos cerca de empezar las clases\u201d. El dirigente apunt\u00f3 que \u201chay 10 provincias con una perspectiva de conflicto\u201d y\u2026","rel":"","context":"En \u00abSociedad\u00bb","block_context":{"text":"Sociedad","link":"https:\/\/www.24baires.com\/?cat=1"},"img":{"alt_text":"baradel declaraciones","src":"https:\/\/i0.wp.com\/www.24baires.com\/wp-content\/uploads\/2012\/12\/baradel-declaraciones.jpg?resize=350%2C200","width":350,"height":200,"srcset":"https:\/\/i0.wp.com\/www.24baires.com\/wp-content\/uploads\/2012\/12\/baradel-declaraciones.jpg?resize=350%2C200 1x, https:\/\/i0.wp.com\/www.24baires.com\/wp-content\/uploads\/2012\/12\/baradel-declaraciones.jpg?resize=525%2C300 1.5x"},"classes":[]}],"jetpack_sharing_enabled":true,"jetpack_likes_enabled":true,"_links":{"self":[{"href":"https:\/\/www.24baires.com\/index.php?rest_route=\/wp\/v2\/posts\/12808","targetHints":{"allow":["GET"]}}],"collection":[{"href":"https:\/\/www.24baires.com\/index.php?rest_route=\/wp\/v2\/posts"}],"about":[{"href":"https:\/\/www.24baires.com\/index.php?rest_route=\/wp\/v2\/types\/post"}],"author":[{"embeddable":true,"href":"https:\/\/www.24baires.com\/index.php?rest_route=\/wp\/v2\/users\/4"}],"replies":[{"embeddable":true,"href":"https:\/\/www.24baires.com\/index.php?rest_route=%2Fwp%2Fv2%2Fcomments&post=12808"}],"version-history":[{"count":2,"href":"https:\/\/www.24baires.com\/index.php?rest_route=\/wp\/v2\/posts\/12808\/revisions"}],"predecessor-version":[{"id":12812,"href":"https:\/\/www.24baires.com\/index.php?rest_route=\/wp\/v2\/posts\/12808\/revisions\/12812"}],"wp:attachment":[{"href":"https:\/\/www.24baires.com\/index.php?rest_route=%2Fwp%2Fv2%2Fmedia&parent=12808"}],"wp:term":[{"taxonomy":"category","embeddable":true,"href":"https:\/\/www.24baires.com\/index.php?rest_route=%2Fwp%2Fv2%2Fcategories&post=12808"},{"taxonomy":"post_tag","embeddable":true,"href":"https:\/\/www.24baires.com\/index.php?rest_route=%2Fwp%2Fv2%2Ftags&post=12808"}],"curies":[{"name":"wp","href":"https:\/\/api.w.org\/{rel}","templated":true}]}}