{"id":12773,"date":"2013-01-19T11:38:19","date_gmt":"2013-01-19T14:38:19","guid":{"rendered":"http:\/\/www.24baires.com\/?p=12773"},"modified":"2013-01-20T11:59:47","modified_gmt":"2013-01-20T14:59:47","slug":"los-gremios-quieren-que-los-aumentos-rijan-desde-enero-y-el-gobierno-desde-marzo","status":"publish","type":"post","link":"https:\/\/www.24baires.com\/?p=12773","title":{"rendered":"Los gremios quieren que los aumentos rijan desde enero y el Gobierno desde marzo"},"content":{"rendered":"<p>Ninguna de las partes mostr\u00f3 todav\u00eda abiertamente las cartas. Pero han dejado trascender los trazos gruesos de sus objetivos en cuanto a la magnitud del aumento, pretensiones que ya anticipan una dura negociaci\u00f3n. Y ahora se sum\u00f3 otra \u201cdiferencia\u201d que profundizar\u00e1 la discusi\u00f3n en las paritarias de los docentes y los empleados de la Administraci\u00f3n Central de la Provincia, que tienen como eje los salarios: desde cu\u00e1ndo regir\u00e1 la mejora.<\/p>\n<p><!--more--><\/p>\n<p>Para encarar la segunda tanda de reuniones en el marco de esas negociaciones -previstas para el lunes, martes y mi\u00e9rcoles en el caso de los docentes, y el jueves para los estatales-, la Administraci\u00f3n ya defini\u00f3, en efecto, qu\u00e9 postura asumir\u00e1 en un factor clave de las discusiones, como es la entrada en vigencia de los aumentos salariales que se definan para este a\u00f1o. Y resolvi\u00f3 que su oferta sobre la mejora incluir\u00e1 que los incrementos rijan a partir del primero de marzo.<\/p>\n<p>Pero los gremios tambi\u00e9n definieron posici\u00f3n: tanto los docentes como el resto reclaman que los aumentos se paguen retroactivos al 1\u00ba de enero.<\/p>\n<p><strong>EL AUMENTO Y CUOTAS<\/strong><\/p>\n<p>De esta manera, se sumar\u00e1 otro elemento central a la pelea salarial en la Provincia.<\/p>\n<p>Mientras tanto, las partes siguen evaluando cu\u00e1les ser\u00e1n finalmente sus planteos sobre la magnitud del aumento de los sueldos para este a\u00f1o. Como se ha venido informando, hasta ahora las diferencias tienen al 20% como frontera: el gobierno de Scioli aspira a que los incrementos de los sueldos oscilen entre el 18% y ese \u201ctecho\u201d. Pero para las entidades sindicales, el 20% es el \u201cpiso\u201d, y tienen resuelto que pedir\u00e1n aumentos por encima de ese porcentaje, \u201ccercanos al 25%\u201d, seg\u00fan admiten en varios gremios.<\/p>\n<p>La otra pata de la discusi\u00f3n, tampoco formalizada pero ya conocida por trascendidos, pasar\u00e1 por \u201cla modalidad\u201d de pago del aumento. Adem\u00e1s de aspirar a que empiece a pagarse en marzo, el Gobierno buscar\u00e1 que el incremento se abone escalonadamente, mediante tres cuotas a lo largo del a\u00f1o. Los gremios reclamar\u00e1n, en cambio, que se liquide desde enero y \u201ctodo junto\u201d.<\/p>\n<p>&nbsp;<\/p>\n<p>&nbsp;<\/p>\n<p>&nbsp;<\/p>\n<p>&nbsp;<\/p>\n<p>&nbsp;<\/p>\n<p>&nbsp;<\/p>\n<p>&nbsp;<\/p>\n<p>&nbsp;<\/p>\n<p>&nbsp;<\/p>\n<p>&nbsp;<\/p>\n<p>&nbsp;<\/p>\n<p>&nbsp;<\/p>\n<p>&nbsp;<\/p>\n<p>&nbsp;<\/p>\n<p>&nbsp;<\/p>\n<p>&nbsp;<\/p>\n<p>&nbsp;<\/p>\n<p>&nbsp;<\/p>\n<p>&nbsp;<\/p>\n<p>&nbsp;<\/p>\n","protected":false},"excerpt":{"rendered":"<p>Ninguna de las partes mostr\u00f3 todav\u00eda abiertamente las cartas. Pero han dejado trascender los trazos gruesos de sus objetivos en cuanto a la magnitud del aumento, pretensiones que ya anticipan una dura negociaci\u00f3n. Y ahora se sum\u00f3 otra \u201cdiferencia\u201d que profundizar\u00e1 la discusi\u00f3n en las paritarias de los docentes y los empleados de la Administraci\u00f3n Central de la Provincia, que [&#8230;]<\/p>\n","protected":false},"author":4,"featured_media":0,"comment_status":"open","ping_status":"open","sticky":false,"template":"","format":"standard","meta":{"_jetpack_newsletter_access":"","_jetpack_dont_email_post_to_subs":false,"_jetpack_newsletter_tier_id":0,"_jetpack_memberships_contains_paywalled_content":false,"_jetpack_memberships_contains_paid_content":false,"footnotes":""},"categories":[1],"tags":[],"class_list":["post-12773","post","type-post","status-publish","format-standard","hentry","category-sociedad"],"jetpack_featured_media_url":"","jetpack_shortlink":"https:\/\/wp.me\/p2JWE0-3k1","jetpack-related-posts":[{"id":119674,"url":"https:\/\/www.24baires.com\/?p=119674","url_meta":{"origin":12773,"position":0},"title":"Docentes y estatales bonaerenses retoman la paritarias este jueves","author":"GB","date":"29\/12\/2022","format":false,"excerpt":"Los representantes gremiales volver\u00e1n a reunirse este jueves con el Gobierno de Kicillof para insistir con los pedidos de fin de a\u00f1o y para retomar la discusi\u00f3n paritaria. Los docentes y estatales bonaerenses volver\u00e1n a reunirse este jueves con el gobierno de Axel Kicillof para retomar la discusi\u00f3n salarial que\u2026","rel":"","context":"En \u00abProvincia\u00bb","block_context":{"text":"Provincia","link":"https:\/\/www.24baires.com\/?cat=40"},"img":{"alt_text":"","src":"https:\/\/i0.wp.com\/www.24baires.com\/wp-content\/uploads\/2022\/12\/docentes-y-estatales-bonaerenses.jpeg?resize=350%2C200","width":350,"height":200,"srcset":"https:\/\/i0.wp.com\/www.24baires.com\/wp-content\/uploads\/2022\/12\/docentes-y-estatales-bonaerenses.jpeg?resize=350%2C200 1x, https:\/\/i0.wp.com\/www.24baires.com\/wp-content\/uploads\/2022\/12\/docentes-y-estatales-bonaerenses.jpeg?resize=525%2C300 1.5x, https:\/\/i0.wp.com\/www.24baires.com\/wp-content\/uploads\/2022\/12\/docentes-y-estatales-bonaerenses.jpeg?resize=700%2C400 2x"},"classes":[]},{"id":78784,"url":"https:\/\/www.24baires.com\/?p=78784","url_meta":{"origin":12773,"position":1},"title":"Baradel pide revisar la paritaria salarial en \u00abmayo o junio\u00bb","author":"AF","date":"11\/02\/2016","format":false,"excerpt":"El secretario general del Suteba, Roberto Baradel, reclam\u00f3 este jueves que \"a partir de mayo o de junio\" se reabra la paritaria docente bonaerense, al advertir que \"una cosa es el aumento de precios que ya se ha dado y otra cosa es la inflaci\u00f3n futura\". En la previa de\u2026","rel":"","context":"En \u00abSociedad\u00bb","block_context":{"text":"Sociedad","link":"https:\/\/www.24baires.com\/?cat=1"},"img":{"alt_text":"baradel declaraciones","src":"https:\/\/i0.wp.com\/www.24baires.com\/wp-content\/uploads\/2012\/12\/baradel-declaraciones.jpg?resize=350%2C200","width":350,"height":200,"srcset":"https:\/\/i0.wp.com\/www.24baires.com\/wp-content\/uploads\/2012\/12\/baradel-declaraciones.jpg?resize=350%2C200 1x, https:\/\/i0.wp.com\/www.24baires.com\/wp-content\/uploads\/2012\/12\/baradel-declaraciones.jpg?resize=525%2C300 1.5x"},"classes":[]},{"id":61485,"url":"https:\/\/www.24baires.com\/?p=61485","url_meta":{"origin":12773,"position":2},"title":"Docentes rechazaron el 25% de aumento que ofreci\u00f3 la Provincia","author":"GB","date":"09\/02\/2015","format":false,"excerpt":"La administraci\u00f3n de Daniel Scioli ofreci\u00f3 un 25 por ciento de aumento para todo el a\u00f1o a los docentes de escuelas provinciales, que incluye el 8 ya otorgado, pagadero en tres cuotas. La oferta fue considerada escasa tanto por el Frente Gremial Docentes como por la Uni\u00f3n de Docentes Bonaerenses\u2026","rel":"","context":"En \u00abSociedad\u00bb","block_context":{"text":"Sociedad","link":"https:\/\/www.24baires.com\/?cat=1"},"img":{"alt_text":"scioli_docentes_270313_2_ef_70368","src":"https:\/\/i0.wp.com\/www.24baires.com\/wp-content\/uploads\/2013\/03\/scioli_docentes_270313_2_ef_70368.jpg?resize=350%2C200","width":350,"height":200,"srcset":"https:\/\/i0.wp.com\/www.24baires.com\/wp-content\/uploads\/2013\/03\/scioli_docentes_270313_2_ef_70368.jpg?resize=350%2C200 1x, https:\/\/i0.wp.com\/www.24baires.com\/wp-content\/uploads\/2013\/03\/scioli_docentes_270313_2_ef_70368.jpg?resize=525%2C300 1.5x"},"classes":[]},{"id":93264,"url":"https:\/\/www.24baires.com\/?p=93264","url_meta":{"origin":12773,"position":3},"title":"El Gobierno ratific\u00f3 que no convocar\u00e1 a paritaria nacional docente","author":"GB","date":"22\/03\/2017","format":false,"excerpt":"El jefe de Gabinete, Marcos Pe\u00f1a, sostuvo que el reclamo de los docentes \"disfraza una discusi\u00f3n pol\u00edtica\" y agreg\u00f3 que la negociaci\u00f3n salarial \"debe hacerse con los empleadores directos, que son las provincias\". El gobierno nacional ratific\u00f3 este mi\u00e9rcoles que no convocar\u00e1 a los docentes a la paritaria federal para\u2026","rel":"","context":"En \u00abPol\u00edtica\u00bb","block_context":{"text":"Pol\u00edtica","link":"https:\/\/www.24baires.com\/?cat=51"},"img":{"alt_text":"","src":"https:\/\/i0.wp.com\/www.24baires.com\/wp-content\/uploads\/2016\/08\/marcos-pe%C3%B1a-300x195.jpg?resize=350%2C200","width":350,"height":200},"classes":[]},{"id":40230,"url":"https:\/\/www.24baires.com\/?p=40230","url_meta":{"origin":12773,"position":4},"title":"El Gobierno Provincial recibe a los gremios pero no habr\u00e1 discusi\u00f3n salarial","author":"Grupo Sierra","date":"11\/02\/2014","format":false,"excerpt":"El Ministerio de Trabajo que encabeza Oscar Cuartango los convoc\u00f3 a una \"reuni\u00f3n t\u00e9cnica no salarial\". Ser\u00e1 este martes en el Ministerio de Trabajo. Los representantes docentes ser\u00e1n recibidos a las 11.00 mientras que los gremios estatales concretar\u00e1n el encuentro a las 16.00. Desde el Frente Gremial Docente hab\u00edan insinuado\u2026","rel":"","context":"En \u00abPol\u00edtica\u00bb","block_context":{"text":"Pol\u00edtica","link":"https:\/\/www.24baires.com\/?cat=51"},"img":{"alt_text":"","src":"","width":0,"height":0},"classes":[]},{"id":87038,"url":"https:\/\/www.24baires.com\/?p=87038","url_meta":{"origin":12773,"position":5},"title":"Docentes vuelven a parar este viernes","author":"AF","date":"01\/09\/2016","format":false,"excerpt":"En medio de un paro nacional que incluye una marcha a Plaza de Mayo, los docentes bonaerenses paralizar\u00e1n el viernes las clases en las escuelas p\u00fablicas y privadas, al tiempo que ya impulsan nuevas huelgas por 24 y 48 horas para realizar en septiembre. El Frente Gremial Docente (que lideran\u2026","rel":"","context":"En \u00abSociedad\u00bb","block_context":{"text":"Sociedad","link":"https:\/\/www.24baires.com\/?cat=1"},"img":{"alt_text":"aula vac\u00eda","src":"https:\/\/i0.wp.com\/www.24baires.com\/wp-content\/uploads\/2014\/03\/aula-vac%C3%ADa.jpg?resize=350%2C200","width":350,"height":200,"srcset":"https:\/\/i0.wp.com\/www.24baires.com\/wp-content\/uploads\/2014\/03\/aula-vac%C3%ADa.jpg?resize=350%2C200 1x, https:\/\/i0.wp.com\/www.24baires.com\/wp-content\/uploads\/2014\/03\/aula-vac%C3%ADa.jpg?resize=525%2C300 1.5x"},"classes":[]}],"jetpack_sharing_enabled":true,"jetpack_likes_enabled":true,"_links":{"self":[{"href":"https:\/\/www.24baires.com\/index.php?rest_route=\/wp\/v2\/posts\/12773","targetHints":{"allow":["GET"]}}],"collection":[{"href":"https:\/\/www.24baires.com\/index.php?rest_route=\/wp\/v2\/posts"}],"about":[{"href":"https:\/\/www.24baires.com\/index.php?rest_route=\/wp\/v2\/types\/post"}],"author":[{"embeddable":true,"href":"https:\/\/www.24baires.com\/index.php?rest_route=\/wp\/v2\/users\/4"}],"replies":[{"embeddable":true,"href":"https:\/\/www.24baires.com\/index.php?rest_route=%2Fwp%2Fv2%2Fcomments&post=12773"}],"version-history":[{"count":3,"href":"https:\/\/www.24baires.com\/index.php?rest_route=\/wp\/v2\/posts\/12773\/revisions"}],"predecessor-version":[{"id":12881,"href":"https:\/\/www.24baires.com\/index.php?rest_route=\/wp\/v2\/posts\/12773\/revisions\/12881"}],"wp:attachment":[{"href":"https:\/\/www.24baires.com\/index.php?rest_route=%2Fwp%2Fv2%2Fmedia&parent=12773"}],"wp:term":[{"taxonomy":"category","embeddable":true,"href":"https:\/\/www.24baires.com\/index.php?rest_route=%2Fwp%2Fv2%2Fcategories&post=12773"},{"taxonomy":"post_tag","embeddable":true,"href":"https:\/\/www.24baires.com\/index.php?rest_route=%2Fwp%2Fv2%2Ftags&post=12773"}],"curies":[{"name":"wp","href":"https:\/\/api.w.org\/{rel}","templated":true}]}}