{"id":12728,"date":"2013-01-18T17:20:58","date_gmt":"2013-01-18T20:20:58","guid":{"rendered":"http:\/\/www.24baires.com\/?p=12728"},"modified":"2013-01-18T17:21:04","modified_gmt":"2013-01-18T20:21:04","slug":"julio-grondona-responsabilizo-a-su-hijo-por-la-eliminacion-del-sub-20","status":"publish","type":"post","link":"https:\/\/www.24baires.com\/?p=12728","title":{"rendered":"Julio Grondona responsabiliz\u00f3 a su hijo por la eliminaci\u00f3n del Sub 20"},"content":{"rendered":"<p>El presidente de la Asociaci\u00f3n del F\u00fatbol Argentino manifest\u00f3 que su hijo, Humberto, \u00abtom\u00f3 la decisi\u00f3n de que Trobbiani est\u00e9 ah\u00ed y esto que pas\u00f3 es su responsabilidad\u00bb, tras la eliminaci\u00f3n en el Sudamericano Sub 20.<!--more--><br \/>\nJulio Grondona asegur\u00f3 hoy que \u00ablos j\u00f3venes tienen que empezar a tomar decisiones\u00bb porque ya se siente \u00abgrande\u00bb y que como su hijo Humberto fue \u00abel que eligi\u00f3 a Marcelo Trobbiani\u00bb al frente del seleccionado Sub 20, eliminado del Sudamericano, ahora \u00e9l deber\u00e1 resolver \u00absobre su continuidad\u00bb.<\/p>\n<p>\u00abYo ya estoy grande y los j\u00f3venes tienen que empezar a tomar decisiones. La juventud tiene que darse cuenta que la vejez no es para siempre\u00bb, declar\u00f3 el presidente de la Asociaci\u00f3n del F\u00fatbol Argentino (AFA), de 81 a\u00f1os.<\/p>\n<p>En ese sentido, Grondona no quiso explayarse sobre la actuaci\u00f3n del equipo juvenil en el Sudamericano de Mendoza y San Juan que qued\u00f3 al margen del Mundial de Turqu\u00eda en junio, y deleg\u00f3 la decisi\u00f3n al respecto de la continuidad del entrenador en su hijo Humberto, subdirector de seleccionados nacionales.<\/p>\n<p>\u00abMi hijo tom\u00f3 la decisi\u00f3n de que Trobbiani est\u00e9 ah\u00ed y esto que pas\u00f3 es su responsabilidad. Uno no puede estar en todo\u00bb, declar\u00f3 el titular del f\u00fatbol argentino.<\/p>\n<p>\u00abAhora no voy a hablar con \u00e9l (por Humberto), las decisiones son todas suyas. El tom\u00f3 decisiones en un principio y ahora va a tener que decidir nuevamente sobre la continuidad del entrenador\u00bb, cerr\u00f3.<\/p>\n<p>Argentina, pese a su triunfo de anoche ante Colombia por 3-2, no logr\u00f3 clasificarse entre los tres primeros del Grupo A (avanzaron Chile, Paraguay y los `cafeteros\u00b4) y por lo tanto qued\u00f3 al margen del hexagonal final que determinar\u00e1 a los cuatro equipos que tomar\u00e1n parte del Mundial de Turqu\u00eda en junio pr\u00f3ximo.<\/p>\n<p>&nbsp;<\/p>\n<p>&nbsp;<\/p>\n<p>&nbsp;<\/p>\n<p>&nbsp;<\/p>\n<p>&nbsp;<\/p>\n<p>&nbsp;<\/p>\n<p>&nbsp;<\/p>\n<p>&nbsp;<\/p>\n<p>&nbsp;<\/p>\n<p>&nbsp;<\/p>\n<p>&nbsp;<\/p>\n<p>&nbsp;<\/p>\n<p>&nbsp;<\/p>\n<p>&nbsp;<\/p>\n<p>&nbsp;<\/p>\n<p>&nbsp;<\/p>\n<p>&nbsp;<\/p>\n<p>&nbsp;<\/p>\n<p>&nbsp;<\/p>\n<p>&nbsp;<\/p>\n<p>&nbsp;<\/p>\n","protected":false},"excerpt":{"rendered":"<p>El presidente de la Asociaci\u00f3n del F\u00fatbol Argentino manifest\u00f3 que su hijo, Humberto, \u00abtom\u00f3 la decisi\u00f3n de que Trobbiani est\u00e9 ah\u00ed y esto que pas\u00f3 es su responsabilidad\u00bb, tras la eliminaci\u00f3n en el Sudamericano Sub 20.<\/p>\n","protected":false},"author":4,"featured_media":0,"comment_status":"open","ping_status":"open","sticky":false,"template":"","format":"standard","meta":{"_jetpack_newsletter_access":"","_jetpack_dont_email_post_to_subs":false,"_jetpack_newsletter_tier_id":0,"_jetpack_memberships_contains_paywalled_content":false,"_jetpack_memberships_contains_paid_content":false,"footnotes":""},"categories":[1],"tags":[],"class_list":["post-12728","post","type-post","status-publish","format-standard","hentry","category-sociedad"],"jetpack_featured_media_url":"","jetpack_shortlink":"https:\/\/wp.me\/p2JWE0-3ji","jetpack-related-posts":[{"id":50809,"url":"https:\/\/www.24baires.com\/?p=50809","url_meta":{"origin":12728,"position":0},"title":"Luego de una operaci\u00f3n card\u00edaca muri\u00f3 Julio Humberto Grondona","author":"Grupo Sierra","date":"30\/07\/2014","format":false,"excerpt":"El presidente de la AFA hab\u00eda sido internado esta madrugada en un sanatorio porte\u00f1o a causa de una afecci\u00f3n card\u00edaca que le produjo un aneurisma en la aorta. El presidente de la Asociaci\u00f3n del F\u00fatbol Argentino (AFA), Julio Humberto Grondona, falleci\u00f3 hoy a los 82 a\u00f1os a causa de una\u2026","rel":"","context":"En \u00abGeneral\u00bb","block_context":{"text":"General","link":"https:\/\/www.24baires.com\/?cat=67"},"img":{"alt_text":"grondona julio","src":"https:\/\/i0.wp.com\/www.24baires.com\/wp-content\/uploads\/2014\/07\/grondona-julio.jpg?resize=350%2C200","width":350,"height":200,"srcset":"https:\/\/i0.wp.com\/www.24baires.com\/wp-content\/uploads\/2014\/07\/grondona-julio.jpg?resize=350%2C200 1x, https:\/\/i0.wp.com\/www.24baires.com\/wp-content\/uploads\/2014\/07\/grondona-julio.jpg?resize=525%2C300 1.5x"},"classes":[]},{"id":13946,"url":"https:\/\/www.24baires.com\/?p=13946","url_meta":{"origin":12728,"position":1},"title":"Julio Grondona anticip\u00f3 que dejar\u00e1 la AFA en 2015","author":"AF","date":"29\/01\/2013","format":false,"excerpt":"Julio Humberto Grondona dejar\u00e1 el sill\u00f3n de la AFA a los 85 a\u00f1os. Seg\u00fan anunci\u00f3 \u00e9l mismo, al finalizar su mandato ya no volver\u00e1 a presentarse como candidato y le dejar\u00e1 el lugar a \u201cdirigentes j\u00f3venes\u201d. As\u00ed, el f\u00fatbol argentino cambiar\u00e1 de presidente luego de 36 a\u00f1os. \"Tengo un cargo\u2026","rel":"","context":"En \u00abSociedad\u00bb","block_context":{"text":"Sociedad","link":"https:\/\/www.24baires.com\/?cat=1"},"img":{"alt_text":"grondona julio","src":"https:\/\/i0.wp.com\/www.24baires.com\/wp-content\/uploads\/2013\/01\/grondona-julio.jpg?resize=350%2C200","width":350,"height":200},"classes":[]},{"id":50828,"url":"https:\/\/www.24baires.com\/?p=50828","url_meta":{"origin":12728,"position":2},"title":"La AFA suspendi\u00f3 la actividad del f\u00fatbol durante todo el fin de semana","author":"GB","date":"30\/07\/2014","format":false,"excerpt":"La AFA inform\u00f3 que, con motivo del duelo por el fallecimiento de su presidente Julio Grondona, no habr\u00e1 actividad futbol\u00edstica en el pa\u00eds. As\u00ed, el inicio de las competencias se posterga para la pr\u00f3xima semana. \"La Asociaci\u00f3n del F\u00fatbol Argentino cumple en informar que a ra\u00edz del fallecimiento del Presidente\u2026","rel":"","context":"En \u00abDeportes\u00bb","block_context":{"text":"Deportes","link":"https:\/\/www.24baires.com\/?cat=12"},"img":{"alt_text":"sede afa","src":"https:\/\/i0.wp.com\/www.24baires.com\/wp-content\/uploads\/2013\/06\/sede-afa.jpg?resize=350%2C200","width":350,"height":200,"srcset":"https:\/\/i0.wp.com\/www.24baires.com\/wp-content\/uploads\/2013\/06\/sede-afa.jpg?resize=350%2C200 1x, https:\/\/i0.wp.com\/www.24baires.com\/wp-content\/uploads\/2013\/06\/sede-afa.jpg?resize=525%2C300 1.5x"},"classes":[]},{"id":50862,"url":"https:\/\/www.24baires.com\/?p=50862","url_meta":{"origin":12728,"position":3},"title":"Bilardo dej\u00f3 su puesto porque no tiene \u00abganas de seguir\u00bb","author":"Grupo Sierra","date":"30\/07\/2014","format":false,"excerpt":"Lo asegur\u00f3 tras el fallecimiento de Julio Grondona, presidente de la AFA. El entrenador campe\u00f3n en M\u00e9xico 1986 y subcampe\u00f3n en Italia 1990 ocupaba el cargo de coordinador de selecciones nacionales. Carlos Salvador Bilardo, coordinador de los seleccionados nacionales de f\u00fatbol, confirm\u00f3 que abandonar\u00e1 el cargo, a ra\u00edz de la\u2026","rel":"","context":"En \u00abGeneral\u00bb","block_context":{"text":"General","link":"https:\/\/www.24baires.com\/?cat=67"},"img":{"alt_text":"CARLOS-BILARDO","src":"https:\/\/i0.wp.com\/www.24baires.com\/wp-content\/uploads\/2014\/07\/CARLOS-BILARDO.jpg?resize=350%2C200","width":350,"height":200,"srcset":"https:\/\/i0.wp.com\/www.24baires.com\/wp-content\/uploads\/2014\/07\/CARLOS-BILARDO.jpg?resize=350%2C200 1x, https:\/\/i0.wp.com\/www.24baires.com\/wp-content\/uploads\/2014\/07\/CARLOS-BILARDO.jpg?resize=525%2C300 1.5x"},"classes":[]},{"id":57691,"url":"https:\/\/www.24baires.com\/?p=57691","url_meta":{"origin":12728,"position":4},"title":"Aprobaron el torneo de 30 equipos con dos descensos","author":"Grupo Sierra","date":"25\/11\/2014","format":false,"excerpt":"El Comit\u00e9 Ejecutivo de la Asociaci\u00f3n del F\u00fatbol Argentino (AFA) aprob\u00f3 el campeonato de Primera Divisi\u00f3n 2015, que contar\u00e1 con la participaci\u00f3n de 30 equipos, a celebrase entre febrero y diciembre, que tendr\u00e1 un campe\u00f3n y dos descensos. El nuevo formato del torneo 2015 propuesto el pasado 4 de junio\u2026","rel":"","context":"En \u00abDeportes\u00bb","block_context":{"text":"Deportes","link":"https:\/\/www.24baires.com\/?cat=12"},"img":{"alt_text":"futbol-de-ascenso-1972510","src":"https:\/\/i0.wp.com\/www.24baires.com\/wp-content\/uploads\/2014\/11\/futbol-de-ascenso-1972510.jpg?resize=350%2C200","width":350,"height":200,"srcset":"https:\/\/i0.wp.com\/www.24baires.com\/wp-content\/uploads\/2014\/11\/futbol-de-ascenso-1972510.jpg?resize=350%2C200 1x, https:\/\/i0.wp.com\/www.24baires.com\/wp-content\/uploads\/2014\/11\/futbol-de-ascenso-1972510.jpg?resize=525%2C300 1.5x"},"classes":[]},{"id":57971,"url":"https:\/\/www.24baires.com\/?p=57971","url_meta":{"origin":12728,"position":5},"title":"Grondona tiene una calle en Sarand\u00ed","author":"Grupo Sierra","date":"01\/12\/2014","format":false,"excerpt":"Un tramo de Juan D\u00edaz de Sol\u00eds cambi\u00f3 su nombre por el del fallecido expresidente de la AFA. Julio Humberto Grondona, fallecido expresidente de la AFA y uno de los fundadores del club Arsenal, tiene a partir de este lunes su nombre en una calle de la localidad bonaerense de\u2026","rel":"","context":"En \u00abGeneral\u00bb","block_context":{"text":"General","link":"https:\/\/www.24baires.com\/?cat=67"},"img":{"alt_text":"grondona julio","src":"https:\/\/i0.wp.com\/www.24baires.com\/wp-content\/uploads\/2014\/07\/grondona-julio.jpg?resize=350%2C200","width":350,"height":200,"srcset":"https:\/\/i0.wp.com\/www.24baires.com\/wp-content\/uploads\/2014\/07\/grondona-julio.jpg?resize=350%2C200 1x, https:\/\/i0.wp.com\/www.24baires.com\/wp-content\/uploads\/2014\/07\/grondona-julio.jpg?resize=525%2C300 1.5x"},"classes":[]}],"jetpack_sharing_enabled":true,"jetpack_likes_enabled":true,"_links":{"self":[{"href":"https:\/\/www.24baires.com\/index.php?rest_route=\/wp\/v2\/posts\/12728","targetHints":{"allow":["GET"]}}],"collection":[{"href":"https:\/\/www.24baires.com\/index.php?rest_route=\/wp\/v2\/posts"}],"about":[{"href":"https:\/\/www.24baires.com\/index.php?rest_route=\/wp\/v2\/types\/post"}],"author":[{"embeddable":true,"href":"https:\/\/www.24baires.com\/index.php?rest_route=\/wp\/v2\/users\/4"}],"replies":[{"embeddable":true,"href":"https:\/\/www.24baires.com\/index.php?rest_route=%2Fwp%2Fv2%2Fcomments&post=12728"}],"version-history":[{"count":2,"href":"https:\/\/www.24baires.com\/index.php?rest_route=\/wp\/v2\/posts\/12728\/revisions"}],"predecessor-version":[{"id":12734,"href":"https:\/\/www.24baires.com\/index.php?rest_route=\/wp\/v2\/posts\/12728\/revisions\/12734"}],"wp:attachment":[{"href":"https:\/\/www.24baires.com\/index.php?rest_route=%2Fwp%2Fv2%2Fmedia&parent=12728"}],"wp:term":[{"taxonomy":"category","embeddable":true,"href":"https:\/\/www.24baires.com\/index.php?rest_route=%2Fwp%2Fv2%2Fcategories&post=12728"},{"taxonomy":"post_tag","embeddable":true,"href":"https:\/\/www.24baires.com\/index.php?rest_route=%2Fwp%2Fv2%2Ftags&post=12728"}],"curies":[{"name":"wp","href":"https:\/\/api.w.org\/{rel}","templated":true}]}}