{"id":12664,"date":"2013-01-18T11:27:48","date_gmt":"2013-01-18T14:27:48","guid":{"rendered":"http:\/\/www.24baires.com\/?p=12664"},"modified":"2013-01-19T11:51:41","modified_gmt":"2013-01-19T14:51:41","slug":"impulsan-una-ley-bonaerense-para-prohibir-los-prostibulos","status":"publish","type":"post","link":"https:\/\/www.24baires.com\/?p=12664","title":{"rendered":"Impulsan una Ley bonaerense para prohibir los prost\u00edbulos"},"content":{"rendered":"<p>El proyecto fue presentado el jueves pasado en la Legislatura de la provincia. Dispone adem\u00e1s la clausura de los locales preexistentes al momento en que entre en vigencia y endurece las penas previstas para quienes los regenteen.<!--more--><br \/>\nEl caso Marita Ver\u00f3n aceler\u00f3 la sanci\u00f3n de leyes contra los prost\u00edbulos en varias provincias. Ahora es el turno de Buenos Aires: desde la oposici\u00f3n impulsan un proyecto que proh\u00edbe este tipo de establecimientos y dispone arresto de hasta 60 d\u00edas para los propietarios.<br \/>\nEl proyecto de ley fue presentado ayer en la Legislatura bonaerense por el diputado del unibloque Alternativa Peronista, Ricardo Lissalde. El texto proh\u00edbe \u00abel funcionamiento, regenteo, sostenimiento, promoci\u00f3n, publicidad, administraci\u00f3n o explotaci\u00f3n bajo cualquier forma, modalidad o denominaci\u00f3n \u2013de manera ostensible o encubierta\u2013 de locales de alterne\u00bb. Por alterne se entiende a cualquier lugar de acceso p\u00fablico \u2013m\u00e1s conocidos como cabarets, whisker\u00edas o clubes nocturnos\u2013 donde se faciliten actos de prostituci\u00f3n u oferta sexual.<br \/>\nLa iniciativa dispone, adem\u00e1s, la inmediata clausura de los locales mencionados en la provincia a partir del momento en que entre en vigencia la ley. \u00abTras el fallo de Marita Ver\u00f3n, muchos intendentes bonaerenses tomaron la decisi\u00f3n de ordenar el cierre de los prost\u00edbulos en sus distritos. Se cerraron cientos de locales sin que hubiera una norma, s\u00f3lo por una decisi\u00f3n pol\u00edtica. Por eso pensamos que es necesario que Buenos Aires tenga una ley como tienen C\u00f3rdoba y otras provincias para poner blanco sobre negro en este tema\u00bb, explic\u00f3 Lissalde en di\u00e1logo con Tiempo Argentino.<br \/>\nEl 12 de diciembre, la C\u00e1mara Penal de Tucum\u00e1n absolvi\u00f3 a los 13 imputados por el secuestro y desaparici\u00f3n de Marita Ver\u00f3n por \u00abfalta de elementos probatorios\u00bb para demostrar que la joven tucumana fue secuestrada en abril de 2003 y obligada a ejercer la prostituci\u00f3n en cabarets de La Rioja. El caso conmocion\u00f3 y aceler\u00f3 la aprobaci\u00f3n de leyes en provincias como Entre R\u00edos y San Luis.<br \/>\nEl proyecto de Lissalde endurece las penas previstas en el C\u00f3digo de Faltas de la provincia para quienes regenteen los prost\u00edbulos. Adem\u00e1s de clausurar de manera definitiva el establecimiento, el texto prev\u00e9 arresto de hasta 60 d\u00edas \u00abno redimibles por multa\u00bb para los responsables. La normativa actual prev\u00e9 multas de hasta el 100% del sueldo mensual de un polic\u00eda, arresto y clausuras provisorias.<br \/>\nDe aprobarse la ley, se crear\u00e1 tambi\u00e9n una \u00abComisi\u00f3n Provincial de Lucha contra la Trata de Personas y de Contenci\u00f3n y Recuperaci\u00f3n de V\u00edctimas de la Explotaci\u00f3n Sexual\u00bb cuya integraci\u00f3n, funciones y atribuciones ser\u00e1n dispuestas por v\u00eda reglamentaria. Adem\u00e1s, la problem\u00e1tica de la trata de personas deber\u00e1 ser incorporada en la curr\u00edcula educativa para que el tema sea abordado en todas las escuelas de la provincia.<\/p>\n<p>&nbsp;<\/p>\n<p>&nbsp;<\/p>\n<p>&nbsp;<\/p>\n<p>&nbsp;<\/p>\n<p>&nbsp;<\/p>\n<p>&nbsp;<\/p>\n<p>&nbsp;<\/p>\n<p>&nbsp;<\/p>\n<p>&nbsp;<\/p>\n<p>&nbsp;<\/p>\n<p>&nbsp;<\/p>\n<p>&nbsp;<\/p>\n<p>&nbsp;<\/p>\n<p>&nbsp;<\/p>\n<p>&nbsp;<\/p>\n","protected":false},"excerpt":{"rendered":"<p>El proyecto fue presentado el jueves pasado en la Legislatura de la provincia. Dispone adem\u00e1s la clausura de los locales preexistentes al momento en que entre en vigencia y endurece las penas previstas para quienes los regenteen.<\/p>\n","protected":false},"author":4,"featured_media":0,"comment_status":"open","ping_status":"open","sticky":false,"template":"","format":"standard","meta":{"_jetpack_newsletter_access":"","_jetpack_dont_email_post_to_subs":false,"_jetpack_newsletter_tier_id":0,"_jetpack_memberships_contains_paywalled_content":false,"_jetpack_memberships_contains_paid_content":false,"footnotes":""},"categories":[1],"tags":[],"class_list":["post-12664","post","type-post","status-publish","format-standard","hentry","category-sociedad"],"jetpack_featured_media_url":"","jetpack_shortlink":"https:\/\/wp.me\/p2JWE0-3ig","jetpack-related-posts":[{"id":122828,"url":"https:\/\/www.24baires.com\/?p=122828","url_meta":{"origin":12664,"position":0},"title":"Senadores piden prohibir por Ley los veh\u00edculos motorizados en las playas de la Provincia","author":"GB","date":"21\/01\/2026","format":false,"excerpt":"Tras los recientes accidentes en Pinamar y Villa Gesell, la Legislatura activ\u00f3 el debate por el uso de veh\u00edculos en la arena. Un proyecto busca prohibir su circulaci\u00f3n para reforzar la seguridad y proteger el ambiente costero. Luego de la gran cantidad de accidentes e imprudencias durante esta temporada de\u2026","rel":"","context":"En \u00abProvincia\u00bb","block_context":{"text":"Provincia","link":"https:\/\/www.24baires.com\/?cat=40"},"img":{"alt_text":"","src":"https:\/\/i0.wp.com\/www.24baires.com\/wp-content\/uploads\/2026\/01\/cuatriciclo.jpg?resize=350%2C200","width":350,"height":200,"srcset":"https:\/\/i0.wp.com\/www.24baires.com\/wp-content\/uploads\/2026\/01\/cuatriciclo.jpg?resize=350%2C200 1x, https:\/\/i0.wp.com\/www.24baires.com\/wp-content\/uploads\/2026\/01\/cuatriciclo.jpg?resize=525%2C300 1.5x, https:\/\/i0.wp.com\/www.24baires.com\/wp-content\/uploads\/2026\/01\/cuatriciclo.jpg?resize=700%2C400 2x"},"classes":[]},{"id":107304,"url":"https:\/\/www.24baires.com\/?p=107304","url_meta":{"origin":12664,"position":1},"title":"El macrismo impulsa un proyecto para prohibir a \u00abtrapitos\u00bb y \u00ablimpiavidrios\u00bb","author":"GB","date":"21\/03\/2019","format":false,"excerpt":"La iniciativa prev\u00e9 penas de hasta 10 d\u00edas de arresto y multas de hasta 1000 pesos. Dos diputados bonaerenses de Cambiemos presentaron un proyecto para prohibir la actividad de los \"trapitos\" y \"limpiavidrios\" en la provincia de Buenos Aires. La iniciativa impulsada por Guillermo Castello y Mat\u00edas Ranzini, que modifica\u2026","rel":"","context":"En \u00abPol\u00edtica\u00bb","block_context":{"text":"Pol\u00edtica","link":"https:\/\/www.24baires.com\/?cat=51"},"img":{"alt_text":"","src":"https:\/\/i0.wp.com\/www.24baires.com\/wp-content\/uploads\/2014\/12\/trapito.jpg?resize=350%2C200","width":350,"height":200,"srcset":"https:\/\/i0.wp.com\/www.24baires.com\/wp-content\/uploads\/2014\/12\/trapito.jpg?resize=350%2C200 1x, https:\/\/i0.wp.com\/www.24baires.com\/wp-content\/uploads\/2014\/12\/trapito.jpg?resize=525%2C300 1.5x"},"classes":[]},{"id":111151,"url":"https:\/\/www.24baires.com\/?p=111151","url_meta":{"origin":12664,"position":2},"title":"Promulgan la ley \u00abantimotochorros\u00bb: cada municipio limitar\u00e1 zona de circulaci\u00f3n","author":"GB","date":"12\/07\/2019","format":false,"excerpt":"El Gobierno bonaerense promulg\u00f3 este viernes la ley que tiene como objetivo combatir el accionar delictivo de los denominados \"motochorros\" y que habilita a los municipios a fijar zonas y horarios en los que estar\u00e1 prohibida la circulaci\u00f3n de dos ocupantes en una moto. El proyecto permite a los municipios\u2026","rel":"","context":"En \u00abProvincia\u00bb","block_context":{"text":"Provincia","link":"https:\/\/www.24baires.com\/?cat=40"},"img":{"alt_text":"","src":"https:\/\/i0.wp.com\/www.24baires.com\/wp-content\/uploads\/2013\/02\/motochorro.jpg?resize=350%2C200","width":350,"height":200,"srcset":"https:\/\/i0.wp.com\/www.24baires.com\/wp-content\/uploads\/2013\/02\/motochorro.jpg?resize=350%2C200 1x, https:\/\/i0.wp.com\/www.24baires.com\/wp-content\/uploads\/2013\/02\/motochorro.jpg?resize=525%2C300 1.5x"},"classes":[]},{"id":105357,"url":"https:\/\/www.24baires.com\/?p=105357","url_meta":{"origin":12664,"position":3},"title":"Avanza una ley para prohibir que los circos usen animales como espect\u00e1culo","author":"GB","date":"09\/11\/2018","format":false,"excerpt":"El Senado bonaerense aprob\u00f3 y gir\u00f3 a Diputados un proyecto de ley que proh\u00edbe la actividad de circos y otros espect\u00e1culos que utilicen animales con fines de entretenimiento. El proyecto, presentado por el senador kirchnerista Gervasio Bozzano, dispone la prohibici\u00f3n de todo tipo de espect\u00e1culos que \"ofrezcan con fines comerciales,\u2026","rel":"","context":"En \u00abProvincia\u00bb","block_context":{"text":"Provincia","link":"https:\/\/www.24baires.com\/?cat=40"},"img":{"alt_text":"","src":"https:\/\/i0.wp.com\/www.24baires.com\/wp-content\/uploads\/2018\/11\/leon-300x200.jpg?resize=350%2C200","width":350,"height":200},"classes":[]},{"id":121538,"url":"https:\/\/www.24baires.com\/?p=121538","url_meta":{"origin":12664,"position":4},"title":"Presentan un proyecto para promover acuerdos intermunicipales","author":"GB","date":"13\/08\/2024","format":false,"excerpt":"La propuesta que ingres\u00f3 a la Legislatura busca impulsar la planificaci\u00f3n de pol\u00edticas p\u00fablicas cooperativas y fortalecer v\u00ednculos entre localidades cercanas, as\u00ed como disponer un Consejo Consultivo y un Fondo de Financiamiento com\u00fan. En las \u00faltimas horas ingres\u00f3 a la Legislatura bonaerense un proyecto de ley para promover la celebraci\u00f3n\u2026","rel":"","context":"En \u00abProvincia\u00bb","block_context":{"text":"Provincia","link":"https:\/\/www.24baires.com\/?cat=40"},"img":{"alt_text":"","src":"https:\/\/i0.wp.com\/www.24baires.com\/wp-content\/uploads\/2022\/12\/camara-diputados-bonaerensejpg.jpg?resize=350%2C200","width":350,"height":200,"srcset":"https:\/\/i0.wp.com\/www.24baires.com\/wp-content\/uploads\/2022\/12\/camara-diputados-bonaerensejpg.jpg?resize=350%2C200 1x, https:\/\/i0.wp.com\/www.24baires.com\/wp-content\/uploads\/2022\/12\/camara-diputados-bonaerensejpg.jpg?resize=525%2C300 1.5x, https:\/\/i0.wp.com\/www.24baires.com\/wp-content\/uploads\/2022\/12\/camara-diputados-bonaerensejpg.jpg?resize=700%2C400 2x"},"classes":[]},{"id":112280,"url":"https:\/\/www.24baires.com\/?p=112280","url_meta":{"origin":12664,"position":5},"title":"Buscan prohibir la denominaci\u00f3n \u00abconcurso de belleza\u00bb en provincia de Buenos Aires","author":"GB","date":"28\/09\/2019","format":false,"excerpt":"Un proyecto de ley presentado en la C\u00e1mara de Diputados bonaerense busca prohibir que los cert\u00e1menes para la elecci\u00f3n de representantes de fiestas regionales o zonales, que se desarrollen en territorio bonaerense, se denominen \u201cconcurso de belleza o elecci\u00f3n de la reina\u201d haciendo alusi\u00f3n a las caracter\u00edsticas f\u00edsicas de las\u2026","rel":"","context":"En \u00abProvincia\u00bb","block_context":{"text":"Provincia","link":"https:\/\/www.24baires.com\/?cat=40"},"img":{"alt_text":"","src":"https:\/\/i0.wp.com\/www.24baires.com\/wp-content\/uploads\/2014\/04\/concurso-belleza.jpg?resize=350%2C200","width":350,"height":200,"srcset":"https:\/\/i0.wp.com\/www.24baires.com\/wp-content\/uploads\/2014\/04\/concurso-belleza.jpg?resize=350%2C200 1x, https:\/\/i0.wp.com\/www.24baires.com\/wp-content\/uploads\/2014\/04\/concurso-belleza.jpg?resize=525%2C300 1.5x"},"classes":[]}],"jetpack_sharing_enabled":true,"jetpack_likes_enabled":true,"_links":{"self":[{"href":"https:\/\/www.24baires.com\/index.php?rest_route=\/wp\/v2\/posts\/12664","targetHints":{"allow":["GET"]}}],"collection":[{"href":"https:\/\/www.24baires.com\/index.php?rest_route=\/wp\/v2\/posts"}],"about":[{"href":"https:\/\/www.24baires.com\/index.php?rest_route=\/wp\/v2\/types\/post"}],"author":[{"embeddable":true,"href":"https:\/\/www.24baires.com\/index.php?rest_route=\/wp\/v2\/users\/4"}],"replies":[{"embeddable":true,"href":"https:\/\/www.24baires.com\/index.php?rest_route=%2Fwp%2Fv2%2Fcomments&post=12664"}],"version-history":[{"count":3,"href":"https:\/\/www.24baires.com\/index.php?rest_route=\/wp\/v2\/posts\/12664\/revisions"}],"predecessor-version":[{"id":12779,"href":"https:\/\/www.24baires.com\/index.php?rest_route=\/wp\/v2\/posts\/12664\/revisions\/12779"}],"wp:attachment":[{"href":"https:\/\/www.24baires.com\/index.php?rest_route=%2Fwp%2Fv2%2Fmedia&parent=12664"}],"wp:term":[{"taxonomy":"category","embeddable":true,"href":"https:\/\/www.24baires.com\/index.php?rest_route=%2Fwp%2Fv2%2Fcategories&post=12664"},{"taxonomy":"post_tag","embeddable":true,"href":"https:\/\/www.24baires.com\/index.php?rest_route=%2Fwp%2Fv2%2Ftags&post=12664"}],"curies":[{"name":"wp","href":"https:\/\/api.w.org\/{rel}","templated":true}]}}