{"id":12652,"date":"2013-01-18T10:00:06","date_gmt":"2013-01-18T13:00:06","guid":{"rendered":"http:\/\/www.24baires.com\/?p=12652"},"modified":"2013-01-18T10:57:23","modified_gmt":"2013-01-18T13:57:23","slug":"la-convencion-internacional-de-tatuajes-llega-a-la-costa-atlantica","status":"publish","type":"post","link":"https:\/\/www.24baires.com\/?p=12652","title":{"rendered":"La Convenci\u00f3n Internacional de Tatuajes llega a la Costa Atl\u00e1ntica"},"content":{"rendered":"<p><a href=\"http:\/\/www.24baires.com\/sociedad\/12652-la-convencion-internacional-de-tatuajes-llega-a-la-costa-atlantica\/attachment\/tatia\/\" rel=\"attachment wp-att-12653\"><img data-recalc-dims=\"1\" loading=\"lazy\" decoding=\"async\" class=\"alignleft size-full wp-image-12653\" alt=\"tatuador\" src=\"https:\/\/i0.wp.com\/www.24baires.com\/wp-content\/uploads\/2013\/01\/tatia.jpg?resize=300%2C200\" width=\"300\" height=\"200\" \/><\/a>Tatuadores de doce pa\u00edses participar\u00e1n este fin de semana del encuentro en el Torre\u00f3n del Monje en la ciudad de Mar del Plata.<!--more--><br \/>\nSu organizador, Sebasti\u00e1n Novera, mencion\u00f3 que ser\u00e1 un encuentro internacional de alto nivel a desarrollarse el viernes 18, s\u00e1bado 19 y domingo 20 desde las 13 horas a 1 de la madrugada. \u201cLos visitantes podr\u00e1n elegir el tatuador que quieran y realizarse su tatuaje\u201d, dijo.<\/p>\n<p>Tambi\u00e9n, remarc\u00f3 que se trata de \u201c80 tatuadores de muy buen nivel\u201d, entre los que se encuentra \u201cun japon\u00e9s que hace todo el estilo oriental, un irland\u00e9s y un polaco\u201d.<\/p>\n<p>El turista podr\u00e1 \u201cefectuarse su primer tatuaje, toda una manga y este a\u00f1o se nos ocurri\u00f3 que cuatro tatuadores realicen doce espaldas a la vez\u201d, manifest\u00f3 Novera.<\/p>\n<p>Por otra parte, el tatuador organizador del evento sostuvo que \u201cen los \u00faltimos diez a\u00f1os el tatuaje evolucion\u00f3 much\u00edsimo como cultura. Mucho tiempo atr\u00e1s quienes ten\u00edan un tatuaje era un ruso marinero o los presos\u201d.<\/p>\n<p>&nbsp;<\/p>\n<p>&nbsp;<\/p>\n<p>&nbsp;<\/p>\n<p>&nbsp;<\/p>\n<p>&nbsp;<\/p>\n<p>&nbsp;<\/p>\n<p>&nbsp;<\/p>\n<p>&nbsp;<\/p>\n<p>&nbsp;<\/p>\n<p>&nbsp;<\/p>\n<p>&nbsp;<\/p>\n<p>&nbsp;<\/p>\n<p>&nbsp;<\/p>\n<p>&nbsp;<\/p>\n<p>&nbsp;<\/p>\n<p>&nbsp;<\/p>\n<p>&nbsp;<\/p>\n<p>&nbsp;<\/p>\n<p>&nbsp;<\/p>\n<p>&nbsp;<\/p>\n<p>&nbsp;<\/p>\n<p>&nbsp;<\/p>\n<p>&nbsp;<\/p>\n","protected":false},"excerpt":{"rendered":"<p>Tatuadores de doce pa\u00edses participar\u00e1n este fin de semana del encuentro en el Torre\u00f3n del Monje en la ciudad de Mar del Plata.<\/p>\n","protected":false},"author":4,"featured_media":0,"comment_status":"open","ping_status":"open","sticky":false,"template":"","format":"standard","meta":{"_jetpack_newsletter_access":"","_jetpack_dont_email_post_to_subs":false,"_jetpack_newsletter_tier_id":0,"_jetpack_memberships_contains_paywalled_content":false,"_jetpack_memberships_contains_paid_content":false,"footnotes":""},"categories":[1],"tags":[],"class_list":["post-12652","post","type-post","status-publish","format-standard","hentry","category-sociedad"],"jetpack_featured_media_url":"","jetpack_shortlink":"https:\/\/wp.me\/p2JWE0-3i4","jetpack-related-posts":[{"id":33796,"url":"https:\/\/www.24baires.com\/?p=33796","url_meta":{"origin":12652,"position":0},"title":"Se realiza en La Plata la tercera Convenci\u00f3n Internacional de Tatuajes","author":"AF","date":"19\/10\/2013","format":false,"excerpt":"El evento organizado por la secretar\u00eda de Cultura de La Plata es reconocido en todo el mundo, asegur\u00f3 Juan Bonaro. Organizada por la secretar\u00eda de Cultura de la Municipalidad de La Plata se realiza en el Pasaje Dardo Rocha la tercera Convenci\u00f3n Internacional de Tatuajes. Juan Bonaro explic\u00f3 a Radio\u2026","rel":"","context":"En \u00abLocales\u00bb","block_context":{"text":"Locales","link":"https:\/\/www.24baires.com\/?cat=38"},"img":{"alt_text":"tattoo","src":"https:\/\/i0.wp.com\/www.24baires.com\/wp-content\/uploads\/2013\/10\/tattoo.jpg?resize=350%2C200","width":350,"height":200},"classes":[]},{"id":12860,"url":"https:\/\/www.24baires.com\/?p=12860","url_meta":{"origin":12652,"position":1},"title":"En la Convenci\u00f3n del Tatuaje cientos de visitantes se llevaron un recuerdo en la piel","author":"Grupo Sierra","date":"19\/01\/2013","format":false,"excerpt":"MAR DEL PLATA .- Decenas de turistas aprovecharon la tercera edici\u00f3n de la Convenci\u00f3n de Tatuaje, que re\u00fane a m\u00e1s de 80 tatuadores de todo el mundo, para llevarse la piel sellada de arte mientras que otros tantos disfrutaron del recorrido por los stands de ese extravagante mundo en donde\u2026","rel":"","context":"En \u00abSociedad\u00bb","block_context":{"text":"Sociedad","link":"https:\/\/www.24baires.com\/?cat=1"},"img":{"alt_text":"tatuajes_convencion_190113_2_ef_54900","src":"https:\/\/i0.wp.com\/www.24baires.com\/wp-content\/uploads\/2013\/01\/tatuajes_convencion_190113_2_ef_54900.jpg?resize=350%2C200","width":350,"height":200,"srcset":"https:\/\/i0.wp.com\/www.24baires.com\/wp-content\/uploads\/2013\/01\/tatuajes_convencion_190113_2_ef_54900.jpg?resize=350%2C200 1x, https:\/\/i0.wp.com\/www.24baires.com\/wp-content\/uploads\/2013\/01\/tatuajes_convencion_190113_2_ef_54900.jpg?resize=525%2C300 1.5x"},"classes":[]},{"id":102100,"url":"https:\/\/www.24baires.com\/?p=102100","url_meta":{"origin":12652,"position":2},"title":"El juez Otranto espi\u00f3 al hermano de Santiago Maldonado","author":"AF","date":"11\/05\/2018","format":false,"excerpt":"El juez federal Guido Otranto, el primero que tuvo a su cargo la investigaci\u00f3n de la desaparici\u00f3n de Santiago Maldonado, realiz\u00f3 escuchas ilegales de los tel\u00e9fonos del hermano del tatuador y otro de sus allegados. Las intervenciones concluyeron cuando qued\u00f3 al frente del expediente el juez Gustavo Lleral, quien hoy\u2026","rel":"","context":"En \u00abJUDICIALES\u00bb","block_context":{"text":"JUDICIALES","link":"https:\/\/www.24baires.com\/?cat=68"},"img":{"alt_text":"","src":"https:\/\/i0.wp.com\/www.24baires.com\/wp-content\/uploads\/2017\/10\/maldonado-sergio.jpg?resize=350%2C200","width":350,"height":200,"srcset":"https:\/\/i0.wp.com\/www.24baires.com\/wp-content\/uploads\/2017\/10\/maldonado-sergio.jpg?resize=350%2C200 1x, https:\/\/i0.wp.com\/www.24baires.com\/wp-content\/uploads\/2017\/10\/maldonado-sergio.jpg?resize=525%2C300 1.5x"},"classes":[]},{"id":98964,"url":"https:\/\/www.24baires.com\/?p=98964","url_meta":{"origin":12652,"position":3},"title":"Hubo sorpresa y dolor en el velatorio de Santiago por el asesinato del mapuche","author":"Grupo Sierra","date":"26\/11\/2017","format":false,"excerpt":"La novedad alter\u00f3 el clima del velatorio y reedit\u00f3 algunas sensaciones que sobrevolaron con el caso Maldonado. \u201cNo lo creo \u00bfEs una joda?\u201d La joven mendocina que hab\u00eda colgado una bandera mapuche en la esquina de la cocher\u00eda donde velaban a Santiago Maldonado, en esta ciudad, no sal\u00eda de su\u2026","rel":"","context":"En \u00abSociedad\u00bb","block_context":{"text":"Sociedad","link":"https:\/\/www.24baires.com\/?cat=1"},"img":{"alt_text":"","src":"https:\/\/i0.wp.com\/www.24baires.com\/wp-content\/uploads\/2017\/11\/maldonado-25-mayo.jpg?resize=350%2C200","width":350,"height":200,"srcset":"https:\/\/i0.wp.com\/www.24baires.com\/wp-content\/uploads\/2017\/11\/maldonado-25-mayo.jpg?resize=350%2C200 1x, https:\/\/i0.wp.com\/www.24baires.com\/wp-content\/uploads\/2017\/11\/maldonado-25-mayo.jpg?resize=525%2C300 1.5x"},"classes":[]},{"id":97988,"url":"https:\/\/www.24baires.com\/?p=97988","url_meta":{"origin":12652,"position":4},"title":"\u00abEs agotador tener que salir a desmentir todo el tiempo\u00bb","author":"AF","date":"10\/10\/2017","format":false,"excerpt":"Andrea Antico, esposa de Sergio Maldonado, arremeti\u00f3 contra el periodismo y los trolls de redes sociales que atacan a la familia e insisti\u00f3 en aclarar que la mochila y el celular del joven que entregaron ayer a la Justicia \"no eran los que portaba en el momento de su desaparici\u00f3n\".\u2026","rel":"","context":"En \u00abSociedad\u00bb","block_context":{"text":"Sociedad","link":"https:\/\/www.24baires.com\/?cat=1"},"img":{"alt_text":"","src":"https:\/\/i0.wp.com\/www.24baires.com\/wp-content\/uploads\/2017\/09\/mapuches-santiago.jpg?resize=350%2C200","width":350,"height":200,"srcset":"https:\/\/i0.wp.com\/www.24baires.com\/wp-content\/uploads\/2017\/09\/mapuches-santiago.jpg?resize=350%2C200 1x, https:\/\/i0.wp.com\/www.24baires.com\/wp-content\/uploads\/2017\/09\/mapuches-santiago.jpg?resize=525%2C300 1.5x"},"classes":[]},{"id":18320,"url":"https:\/\/www.24baires.com\/?p=18320","url_meta":{"origin":12652,"position":5},"title":"Crimen de Jun\u00edn: Un tatuaje complica al asesino de Karen","author":"Grupo Sierra","date":"13\/03\/2013","format":false,"excerpt":"Un tatuaje que el imputado Juan Carlos Ledesma tiene en su mano derecha y es similar al captado en la mano del asesino de Karen Campos por una c\u00e1mara del kiosco, podr\u00eda confirmar que el joven detenido ayer en la provincia de San Luis fue el autor material del crimen.\u2026","rel":"","context":"En \u00abPoliciales\u00bb","block_context":{"text":"Policiales","link":"https:\/\/www.24baires.com\/?cat=49"},"img":{"alt_text":"karen junin","src":"https:\/\/i0.wp.com\/www.24baires.com\/wp-content\/uploads\/2013\/03\/karen-junin-300x180.jpg?resize=350%2C200","width":350,"height":200},"classes":[]}],"jetpack_sharing_enabled":true,"jetpack_likes_enabled":true,"_links":{"self":[{"href":"https:\/\/www.24baires.com\/index.php?rest_route=\/wp\/v2\/posts\/12652","targetHints":{"allow":["GET"]}}],"collection":[{"href":"https:\/\/www.24baires.com\/index.php?rest_route=\/wp\/v2\/posts"}],"about":[{"href":"https:\/\/www.24baires.com\/index.php?rest_route=\/wp\/v2\/types\/post"}],"author":[{"embeddable":true,"href":"https:\/\/www.24baires.com\/index.php?rest_route=\/wp\/v2\/users\/4"}],"replies":[{"embeddable":true,"href":"https:\/\/www.24baires.com\/index.php?rest_route=%2Fwp%2Fv2%2Fcomments&post=12652"}],"version-history":[{"count":2,"href":"https:\/\/www.24baires.com\/index.php?rest_route=\/wp\/v2\/posts\/12652\/revisions"}],"predecessor-version":[{"id":12655,"href":"https:\/\/www.24baires.com\/index.php?rest_route=\/wp\/v2\/posts\/12652\/revisions\/12655"}],"wp:attachment":[{"href":"https:\/\/www.24baires.com\/index.php?rest_route=%2Fwp%2Fv2%2Fmedia&parent=12652"}],"wp:term":[{"taxonomy":"category","embeddable":true,"href":"https:\/\/www.24baires.com\/index.php?rest_route=%2Fwp%2Fv2%2Fcategories&post=12652"},{"taxonomy":"post_tag","embeddable":true,"href":"https:\/\/www.24baires.com\/index.php?rest_route=%2Fwp%2Fv2%2Ftags&post=12652"}],"curies":[{"name":"wp","href":"https:\/\/api.w.org\/{rel}","templated":true}]}}