{"id":12583,"date":"2013-01-17T16:30:30","date_gmt":"2013-01-17T19:30:30","guid":{"rendered":"http:\/\/www.24baires.com\/?p=12583"},"modified":"2013-01-17T16:30:38","modified_gmt":"2013-01-17T19:30:38","slug":"hackers-de-anonymous-intervinieron-la-web-del-indec","status":"publish","type":"post","link":"https:\/\/www.24baires.com\/?p=12583","title":{"rendered":"Hackers de Anonymous intervinieron la web del INDEC"},"content":{"rendered":"<p><a href=\"http:\/\/www.24baires.com\/?attachment_id=12584\" rel=\"attachment wp-att-12584\"><img data-recalc-dims=\"1\" loading=\"lazy\" decoding=\"async\" class=\"alignleft size-full wp-image-12584\" alt=\"anonymous\" src=\"https:\/\/i0.wp.com\/www.24baires.com\/wp-content\/uploads\/2013\/01\/anonymous.jpg?resize=225%2C225\" width=\"225\" height=\"225\" srcset=\"https:\/\/i0.wp.com\/www.24baires.com\/wp-content\/uploads\/2013\/01\/anonymous.jpg?w=225&amp;ssl=1 225w, https:\/\/i0.wp.com\/www.24baires.com\/wp-content\/uploads\/2013\/01\/anonymous.jpg?resize=150%2C150&amp;ssl=1 150w, https:\/\/i0.wp.com\/www.24baires.com\/wp-content\/uploads\/2013\/01\/anonymous.jpg?resize=120%2C120&amp;ssl=1 120w\" sizes=\"auto, (max-width: 225px) 100vw, 225px\" \/><\/a>El grupo de activistas inform\u00e1ticos hacke\u00f3 el sitio web del Instituto Nacional de Estad\u00edsticas y Censos, lo que constituye el primer ataque del a\u00f1o. Anonymous ya se hab\u00eda arremetido contra \u00e9l la p\u00e1gina del organismo en dos oportunidades durante los \u00faltimos meses de 2012. <!--more--><\/p>\n<p>En la cuenta de twitter de Anonymous se lee: \u201cLlevamos 3 hs con http:\/\/www.indec.gov.ar bajo control la regresaremos cuando entiendan que Basta de mentiras. FIRE FIRE\u201d.<\/p>\n<p>No es el primer hacke\u00f3 que llevan a cabo los activistas a sitios gubernamentales, ya lo hicieron los de los ministerios de Econom\u00eda y Defensa.<\/p>\n<p>&nbsp;<\/p>\n<p>&nbsp;<\/p>\n<p>&nbsp;<\/p>\n<p>&nbsp;<\/p>\n<p>&nbsp;<\/p>\n<p>&nbsp;<\/p>\n<p>&nbsp;<\/p>\n<p>&nbsp;<\/p>\n<p>&nbsp;<\/p>\n<p>&nbsp;<\/p>\n<p>&nbsp;<\/p>\n<p>&nbsp;<\/p>\n<p>&nbsp;<\/p>\n<p>&nbsp;<\/p>\n<p>&nbsp;<\/p>\n<p>&nbsp;<\/p>\n<p>&nbsp;<\/p>\n<p>&nbsp;<\/p>\n<p>&nbsp;<\/p>\n<p>&nbsp;<\/p>\n<p>&nbsp;<\/p>\n","protected":false},"excerpt":{"rendered":"<p>El grupo de activistas inform\u00e1ticos hacke\u00f3 el sitio web del Instituto Nacional de Estad\u00edsticas y Censos, lo que constituye el primer ataque del a\u00f1o. Anonymous ya se hab\u00eda arremetido contra \u00e9l la p\u00e1gina del organismo en dos oportunidades durante los \u00faltimos meses de 2012.<\/p>\n","protected":false},"author":4,"featured_media":0,"comment_status":"open","ping_status":"open","sticky":false,"template":"","format":"standard","meta":{"_jetpack_newsletter_access":"","_jetpack_dont_email_post_to_subs":false,"_jetpack_newsletter_tier_id":0,"_jetpack_memberships_contains_paywalled_content":false,"_jetpack_memberships_contains_paid_content":false,"footnotes":""},"categories":[1],"tags":[],"class_list":["post-12583","post","type-post","status-publish","format-standard","hentry","category-sociedad"],"jetpack_featured_media_url":"","jetpack_shortlink":"https:\/\/wp.me\/p2JWE0-3gX","jetpack-related-posts":[{"id":21990,"url":"https:\/\/www.24baires.com\/?p=21990","url_meta":{"origin":12583,"position":0},"title":"Twitter trabaja en un sistema de dos contrase\u00f1as para evitar hackeos","author":"AF","date":"26\/04\/2013","format":false,"excerpt":"Despu\u00e9s de que la cuenta de la agencia de noticias AP se sumara a la lista de usuarios hackeados, se supo que la red social de microblogging est\u00e1 trabajando en un mecanismo para aumentar la seguridad de la plataforma. Twitter est\u00e1 avanzando en la implementaci\u00f3n de un nuevo sistema de\u2026","rel":"","context":"En \u00abTecnolog\u00eda\u00bb","block_context":{"text":"Tecnolog\u00eda","link":"https:\/\/www.24baires.com\/?cat=46"},"img":{"alt_text":"twitter","src":"https:\/\/i0.wp.com\/www.24baires.com\/wp-content\/uploads\/2012\/12\/twitter-300x200.jpg?resize=350%2C200","width":350,"height":200},"classes":[]},{"id":30456,"url":"https:\/\/www.24baires.com\/?p=30456","url_meta":{"origin":12583,"position":1},"title":"Confirmaron oficialmente el hackeo a cuentas y p\u00e1ginas del gobierno","author":"Grupo Sierra","date":"19\/08\/2013","format":false,"excerpt":"La Secretar\u00eda de Comunicaci\u00f3n P\u00fablica denunci\u00f3 esta noche que fueron atacadas la cuenta oficial de twitter de la Casa Rosada y la p\u00e1gina web de la presidenta Cristina Fern\u00e1ndez de Kirchner, motivo por el cual ma\u00f1ana se har\u00e1 la denuncia judicial correspondiente. \"El domingo 18 de agosto el sitio personal\u2026","rel":"","context":"En \u00abPol\u00edtica\u00bb","block_context":{"text":"Pol\u00edtica","link":"https:\/\/www.24baires.com\/?cat=51"},"img":{"alt_text":"","src":"","width":0,"height":0},"classes":[]},{"id":91940,"url":"https:\/\/www.24baires.com\/?p=91940","url_meta":{"origin":12583,"position":2},"title":"El Gobierno cree que no hubo \u00abuna intencionalidad especial\u00bb en el hackeo a Bullrich","author":"AF","date":"27\/01\/2017","format":false,"excerpt":"El ministro del Interior, Rogelio Frigerio, igualmente aclar\u00f3 que el Gobierno esperar\u00e1 \"a que termine la investigaci\u00f3n\" del hackeo a la cuenta de la red social. El ministro del Interior, Rogelio Frigerio, dijo hoy \"no\" asignarle \"una intencionalidad especial\" al hackeo sufrido ayer por la cuenta en la red social\u2026","rel":"","context":"En \u00abPol\u00edtica\u00bb","block_context":{"text":"Pol\u00edtica","link":"https:\/\/www.24baires.com\/?cat=51"},"img":{"alt_text":"","src":"https:\/\/i0.wp.com\/www.24baires.com\/wp-content\/uploads\/2015\/12\/bullrich-conferencia.jpg?resize=350%2C200","width":350,"height":200,"srcset":"https:\/\/i0.wp.com\/www.24baires.com\/wp-content\/uploads\/2015\/12\/bullrich-conferencia.jpg?resize=350%2C200 1x, https:\/\/i0.wp.com\/www.24baires.com\/wp-content\/uploads\/2015\/12\/bullrich-conferencia.jpg?resize=525%2C300 1.5x"},"classes":[]},{"id":94482,"url":"https:\/\/www.24baires.com\/?p=94482","url_meta":{"origin":12583,"position":3},"title":"Ciberataque masivo afect\u00f3 a instituciones estatales y privadas de todo el mundo","author":"GB","date":"12\/05\/2017","format":false,"excerpt":"Un hackeo \"de dimensi\u00f3n nunca antes vista\" logr\u00f3 este viernes bloquear el acceso a los sistemas inform\u00e1ticos de instituciones estatales de 74 pa\u00edses. Se detectaron m\u00e1s de 45.000 ciberataques. que a\u00fan contin\u00faan, afect\u00f3 este viernes a empresas y organismos de m\u00e1s de 74 pa\u00edses, seg\u00fan precis\u00f3 una firma de seguridad\u2026","rel":"","context":"En \u00abSociedad\u00bb","block_context":{"text":"Sociedad","link":"https:\/\/www.24baires.com\/?cat=1"},"img":{"alt_text":"","src":"https:\/\/i0.wp.com\/www.24baires.com\/wp-content\/uploads\/2017\/05\/haker.jpg?resize=350%2C200","width":350,"height":200,"srcset":"https:\/\/i0.wp.com\/www.24baires.com\/wp-content\/uploads\/2017\/05\/haker.jpg?resize=350%2C200 1x, https:\/\/i0.wp.com\/www.24baires.com\/wp-content\/uploads\/2017\/05\/haker.jpg?resize=525%2C300 1.5x"},"classes":[]},{"id":92456,"url":"https:\/\/www.24baires.com\/?p=92456","url_meta":{"origin":12583,"position":4},"title":"Dos detenidos por el hackeo a la cuenta de Twitter de la ministra Bullrich","author":"GB","date":"16\/02\/2017","format":false,"excerpt":"La identidad de los arrestados no fue revelada, pero trascendi\u00f3 que uno de ellos es conocido como \"ni\u00f1o orsino\". El acceso pudo ser posible a trav\u00e9s de un e-mail de una cuenta falsa de la embajada de Bolivia en ese pa\u00eds. La Justicia detuvo a dos personas acusadas de haber\u2026","rel":"","context":"En \u00abPol\u00edtica\u00bb","block_context":{"text":"Pol\u00edtica","link":"https:\/\/www.24baires.com\/?cat=51"},"img":{"alt_text":"","src":"https:\/\/i0.wp.com\/www.24baires.com\/wp-content\/uploads\/2013\/04\/bullrich-patricia-300x225.jpg?resize=350%2C200","width":350,"height":200},"classes":[]},{"id":47399,"url":"https:\/\/www.24baires.com\/?p=47399","url_meta":{"origin":12583,"position":5},"title":"Aseguran que el 70% de los adolescentes reconoce a Internet como un lugar de riesgo","author":"Grupo Sierra","date":"04\/06\/2014","format":false,"excerpt":"Los datos surgen del programa Con Vos en la Web, de la Direcci\u00f3n Nacional de Protecci\u00f3n de Datos Personales del Ministerio de Justicia de la Naci\u00f3n. En cambio, el 30% de los chicos entre 11 y 18 a\u00f1os no observan riesgos en el uso de la navegaci\u00f3n. Entre el 70\u2026","rel":"","context":"En \u00abSociedad\u00bb","block_context":{"text":"Sociedad","link":"https:\/\/www.24baires.com\/?cat=1"},"img":{"alt_text":"internet","src":"https:\/\/i0.wp.com\/www.24baires.com\/wp-content\/uploads\/2014\/02\/internet.jpg?resize=350%2C200","width":350,"height":200,"srcset":"https:\/\/i0.wp.com\/www.24baires.com\/wp-content\/uploads\/2014\/02\/internet.jpg?resize=350%2C200 1x, https:\/\/i0.wp.com\/www.24baires.com\/wp-content\/uploads\/2014\/02\/internet.jpg?resize=525%2C300 1.5x"},"classes":[]}],"jetpack_sharing_enabled":true,"jetpack_likes_enabled":true,"_links":{"self":[{"href":"https:\/\/www.24baires.com\/index.php?rest_route=\/wp\/v2\/posts\/12583","targetHints":{"allow":["GET"]}}],"collection":[{"href":"https:\/\/www.24baires.com\/index.php?rest_route=\/wp\/v2\/posts"}],"about":[{"href":"https:\/\/www.24baires.com\/index.php?rest_route=\/wp\/v2\/types\/post"}],"author":[{"embeddable":true,"href":"https:\/\/www.24baires.com\/index.php?rest_route=\/wp\/v2\/users\/4"}],"replies":[{"embeddable":true,"href":"https:\/\/www.24baires.com\/index.php?rest_route=%2Fwp%2Fv2%2Fcomments&post=12583"}],"version-history":[{"count":3,"href":"https:\/\/www.24baires.com\/index.php?rest_route=\/wp\/v2\/posts\/12583\/revisions"}],"predecessor-version":[{"id":12586,"href":"https:\/\/www.24baires.com\/index.php?rest_route=\/wp\/v2\/posts\/12583\/revisions\/12586"}],"wp:attachment":[{"href":"https:\/\/www.24baires.com\/index.php?rest_route=%2Fwp%2Fv2%2Fmedia&parent=12583"}],"wp:term":[{"taxonomy":"category","embeddable":true,"href":"https:\/\/www.24baires.com\/index.php?rest_route=%2Fwp%2Fv2%2Fcategories&post=12583"},{"taxonomy":"post_tag","embeddable":true,"href":"https:\/\/www.24baires.com\/index.php?rest_route=%2Fwp%2Fv2%2Ftags&post=12583"}],"curies":[{"name":"wp","href":"https:\/\/api.w.org\/{rel}","templated":true}]}}