{"id":12576,"date":"2013-01-17T16:00:33","date_gmt":"2013-01-17T19:00:33","guid":{"rendered":"http:\/\/www.24baires.com\/?p=12576"},"modified":"2013-01-17T16:21:33","modified_gmt":"2013-01-17T19:21:33","slug":"la-camara-nacional-aprobo-un-nuevo-protocolo-de-relevamiento-de-unidades-carcelarias","status":"publish","type":"post","link":"https:\/\/www.24baires.com\/?p=12576","title":{"rendered":"La C\u00e1mara Nacional aprob\u00f3 nuevo protocolo de relevamiento de unidades carcelarias"},"content":{"rendered":"<p>Fue en un acuerdo general, realizado en diciembre pasado. El documento cumple con est\u00e1ndares nacionales e internacionales vigentes y, adem\u00e1s, cuenta con una gu\u00eda de capacitaci\u00f3n para personal que acompa\u00f1a a magistrados y funcionarios en las visitas.<!--more--><br \/>\nEn el Acuerdo General llevado a cabo el pasado 7 de diciembre, los miembros de la C\u00e1mara aprobaron por unanimidad el nuevo Protocolo de Relevamiento de las Unidades Carcelarias en cumplimiento de los est\u00e1ndares nacionales e internacionales vigentes, y con el fin de optimizar el sistema aplicado en la actualidad.<br \/>\nEl protocolo, adem\u00e1s de establecer un nuevo cronograma de visitas de c\u00e1rceles, cuenta con una gu\u00eda de capacitaci\u00f3n y actuaci\u00f3n del personal que acompa\u00f1a a los magistrados y funcionarios en las visitas, en la que se establece las normas de conductas que deben observarse en el recorrido y los conocimientos necesarios para analizar objetiva e imparcialmente las condiciones de vida intramuros.<br \/>\nAdem\u00e1s, se incorpor\u00f3 una gu\u00eda de relevamiento que dispone una metodolog\u00eda con criterios claros de objetivos y formato para proveer uniformidad y eficacia en la recolecci\u00f3n de datos, y que permitir\u00e1 una mayor eficacia en la evaluaci\u00f3n.<br \/>\nEl Protocolo completo podr\u00e1 ser consultado en www.pjn.gov.ar ingresando en \u201cFueros nacionales\u201d, \u201cJusticia Nac. en lo Crim y Correccional\u201d, \u201cDep. Presidencia\u201d, \u201cPros. Asist. Social\u201d.<\/p>\n<p>&nbsp;<\/p>\n<p>&nbsp;<\/p>\n<p>&nbsp;<\/p>\n<p>&nbsp;<\/p>\n<p>&nbsp;<\/p>\n<p>&nbsp;<\/p>\n<p>&nbsp;<\/p>\n<p>&nbsp;<\/p>\n<p>&nbsp;<\/p>\n<p>&nbsp;<\/p>\n<p>&nbsp;<\/p>\n<p>&nbsp;<\/p>\n<p>&nbsp;<\/p>\n<p>&nbsp;<\/p>\n<p>&nbsp;<\/p>\n<p>&nbsp;<\/p>\n<p>&nbsp;<\/p>\n","protected":false},"excerpt":{"rendered":"<p>Fue en un acuerdo general, realizado en diciembre pasado. El documento cumple con est\u00e1ndares nacionales e internacionales vigentes y, adem\u00e1s, cuenta con una gu\u00eda de capacitaci\u00f3n para personal que acompa\u00f1a a magistrados y funcionarios en las visitas.<\/p>\n","protected":false},"author":4,"featured_media":0,"comment_status":"open","ping_status":"open","sticky":false,"template":"","format":"standard","meta":{"_jetpack_newsletter_access":"","_jetpack_dont_email_post_to_subs":false,"_jetpack_newsletter_tier_id":0,"_jetpack_memberships_contains_paywalled_content":false,"_jetpack_memberships_contains_paid_content":false,"footnotes":""},"categories":[1],"tags":[],"class_list":["post-12576","post","type-post","status-publish","format-standard","hentry","category-sociedad"],"jetpack_featured_media_url":"","jetpack_shortlink":"https:\/\/wp.me\/p2JWE0-3gQ","jetpack-related-posts":[{"id":24469,"url":"https:\/\/www.24baires.com\/?p=24469","url_meta":{"origin":12576,"position":0},"title":"La polic\u00eda y fuerzas de seguridad ya tienen un protocolo para casos de femicidio","author":"Grupo Sierra","date":"27\/05\/2013","format":false,"excerpt":"La gu\u00eda tiene como objetivo \"institucionalizar est\u00e1ndares m\u00ednimos de actuaci\u00f3n para el lugar del hallazgo basados en las t\u00e9cnicas generales e internacionales de la criminal\u00edstica y la medicina legal\u201d. A fines del a\u00f1o pasado, se incluyeron en la Constituci\u00f3n los homicidios por razones de g\u00e9nero. El protocolo de actuaci\u00f3n de\u2026","rel":"","context":"En \u00abSociedad\u00bb","block_context":{"text":"Sociedad","link":"https:\/\/www.24baires.com\/?cat=1"},"img":{"alt_text":"violencia de g\u00e9nero","src":"https:\/\/i0.wp.com\/www.24baires.com\/wp-content\/uploads\/2013\/01\/violencia-de-g%C3%A9nero.jpg?resize=350%2C200","width":350,"height":200},"classes":[]},{"id":115730,"url":"https:\/\/www.24baires.com\/?p=115730","url_meta":{"origin":12576,"position":1},"title":"El Senado aprob\u00f3 la Ley de donaci\u00f3n de plasma","author":"GB","date":"24\/07\/2020","format":false,"excerpt":"El proyecto de M\u00e1ximo Kirchner logr\u00f3 amplio apoyo en la c\u00e1mara alta nacional, por lo que se crear\u00e1, entre otras herramientas, el Registro Nacional de pacientes recuperados de COVID-19 donantes de plasma El Senado convirti\u00f3 hoy en ley el proyecto que dispone crear una campa\u00f1a nacional para la promoci\u00f3n de\u2026","rel":"","context":"En \u00abPol\u00edtica\u00bb","block_context":{"text":"Pol\u00edtica","link":"https:\/\/www.24baires.com\/?cat=51"},"img":{"alt_text":"","src":"https:\/\/i0.wp.com\/www.24baires.com\/wp-content\/uploads\/2020\/06\/senado.jpg?resize=350%2C200","width":350,"height":200,"srcset":"https:\/\/i0.wp.com\/www.24baires.com\/wp-content\/uploads\/2020\/06\/senado.jpg?resize=350%2C200 1x, https:\/\/i0.wp.com\/www.24baires.com\/wp-content\/uploads\/2020\/06\/senado.jpg?resize=525%2C300 1.5x"},"classes":[]},{"id":117995,"url":"https:\/\/www.24baires.com\/?p=117995","url_meta":{"origin":12576,"position":2},"title":"Ya se puede consultar el padr\u00f3n electoral","author":"GB","date":"13\/08\/2021","format":false,"excerpt":"La C\u00e1mara Nacional Electoral ya habilit\u00f3 el padr\u00f3n electoral para consultar los lugares de votaci\u00f3n. La C\u00e1mara Nacional Electoral habilit\u00f3 este viernes el padr\u00f3n definitivo para las elecciones 2021, advirtiendo que \"es de suma importancia\" que la ciudadan\u00eda \"haga las consultas pertinentes\". Debido al protocolo sanitario para evitar contagios de\u2026","rel":"","context":"En \u00abPol\u00edtica\u00bb","block_context":{"text":"Pol\u00edtica","link":"https:\/\/www.24baires.com\/?cat=51"},"img":{"alt_text":"","src":"https:\/\/i0.wp.com\/www.24baires.com\/wp-content\/uploads\/2015\/10\/urnas.jpg?resize=350%2C200","width":350,"height":200,"srcset":"https:\/\/i0.wp.com\/www.24baires.com\/wp-content\/uploads\/2015\/10\/urnas.jpg?resize=350%2C200 1x, https:\/\/i0.wp.com\/www.24baires.com\/wp-content\/uploads\/2015\/10\/urnas.jpg?resize=525%2C300 1.5x"},"classes":[]},{"id":106258,"url":"https:\/\/www.24baires.com\/?p=106258","url_meta":{"origin":12576,"position":3},"title":"La Justicia ratific\u00f3 las pol\u00edticas represivas de Bullrich y Macri","author":"AF","date":"08\/01\/2019","format":false,"excerpt":"Un magistrado de Jun\u00edn rechaz\u00f3 un amparo presentado contra el nuevo protocolo del Ministerio de Seguridad respecto del uso de armas de fuego por parte de las fuerzas. El juez federal de Jun\u00edn, H\u00e9ctor Pedro Plou, ratific\u00f3 de un plumazo al flamante protocolo creado por el gobierno nacional para el\u2026","rel":"","context":"En \u00abSociedad\u00bb","block_context":{"text":"Sociedad","link":"https:\/\/www.24baires.com\/?cat=1"},"img":{"alt_text":"","src":"https:\/\/i0.wp.com\/www.24baires.com\/wp-content\/uploads\/2018\/08\/bullrich-macri.jpg?resize=350%2C200","width":350,"height":200,"srcset":"https:\/\/i0.wp.com\/www.24baires.com\/wp-content\/uploads\/2018\/08\/bullrich-macri.jpg?resize=350%2C200 1x, https:\/\/i0.wp.com\/www.24baires.com\/wp-content\/uploads\/2018\/08\/bullrich-macri.jpg?resize=525%2C300 1.5x"},"classes":[]},{"id":116590,"url":"https:\/\/www.24baires.com\/?p=116590","url_meta":{"origin":12576,"position":4},"title":"El gobierno desactiva el conflicto en la c\u00e1rceles autorizando las visitas presenciales","author":"GB","date":"02\/11\/2020","format":false,"excerpt":"Familiares y allegados de los presos bonaerenses podr\u00e1n volver a ingresar a los penales a partir del 14 de noviembre, aunque bajo estrictos protocolos de seguridad sanitaria. Tras las protestas de los internos en varias unidades del Servicio Penitenciario Bonaerense, el gobierno decidi\u00f3 autorizar las visitas presenciales a partir del\u2026","rel":"","context":"En \u00abProvincia\u00bb","block_context":{"text":"Provincia","link":"https:\/\/www.24baires.com\/?cat=40"},"img":{"alt_text":"","src":"https:\/\/i0.wp.com\/www.24baires.com\/wp-content\/uploads\/2019\/11\/carcel.jpeg?resize=350%2C200","width":350,"height":200,"srcset":"https:\/\/i0.wp.com\/www.24baires.com\/wp-content\/uploads\/2019\/11\/carcel.jpeg?resize=350%2C200 1x, https:\/\/i0.wp.com\/www.24baires.com\/wp-content\/uploads\/2019\/11\/carcel.jpeg?resize=525%2C300 1.5x"},"classes":[]},{"id":114958,"url":"https:\/\/www.24baires.com\/?p=114958","url_meta":{"origin":12576,"position":5},"title":"Presentan el protocolo de recomendaciones para la construcci\u00f3n bonaerense","author":"GB","date":"08\/05\/2020","format":false,"excerpt":"El documento fue elaborado por la Uni\u00f3n Obrera de la Construcci\u00f3n de la Rep\u00fablica Argentina (Uocra) y la C\u00e1mara Argentina de la Construcci\u00f3n (Camarco) y presentado ante esa cartera. A trav\u00e9s del Bolet\u00edn Oficial, el Gobierno bonaerense aprob\u00f3 el \"Protocolo de Recomendaciones Pr\u00e1cticas para la Industria de la Construcci\u00f3n\", aplicable\u2026","rel":"","context":"En \u00abPol\u00edtica\u00bb","block_context":{"text":"Pol\u00edtica","link":"https:\/\/www.24baires.com\/?cat=51"},"img":{"alt_text":"","src":"https:\/\/i0.wp.com\/www.24baires.com\/wp-content\/uploads\/2019\/01\/construcci%C3%B3n.png?resize=350%2C200","width":350,"height":200,"srcset":"https:\/\/i0.wp.com\/www.24baires.com\/wp-content\/uploads\/2019\/01\/construcci%C3%B3n.png?resize=350%2C200 1x, https:\/\/i0.wp.com\/www.24baires.com\/wp-content\/uploads\/2019\/01\/construcci%C3%B3n.png?resize=525%2C300 1.5x"},"classes":[]}],"jetpack_sharing_enabled":true,"jetpack_likes_enabled":true,"_links":{"self":[{"href":"https:\/\/www.24baires.com\/index.php?rest_route=\/wp\/v2\/posts\/12576","targetHints":{"allow":["GET"]}}],"collection":[{"href":"https:\/\/www.24baires.com\/index.php?rest_route=\/wp\/v2\/posts"}],"about":[{"href":"https:\/\/www.24baires.com\/index.php?rest_route=\/wp\/v2\/types\/post"}],"author":[{"embeddable":true,"href":"https:\/\/www.24baires.com\/index.php?rest_route=\/wp\/v2\/users\/4"}],"replies":[{"embeddable":true,"href":"https:\/\/www.24baires.com\/index.php?rest_route=%2Fwp%2Fv2%2Fcomments&post=12576"}],"version-history":[{"count":3,"href":"https:\/\/www.24baires.com\/index.php?rest_route=\/wp\/v2\/posts\/12576\/revisions"}],"predecessor-version":[{"id":12578,"href":"https:\/\/www.24baires.com\/index.php?rest_route=\/wp\/v2\/posts\/12576\/revisions\/12578"}],"wp:attachment":[{"href":"https:\/\/www.24baires.com\/index.php?rest_route=%2Fwp%2Fv2%2Fmedia&parent=12576"}],"wp:term":[{"taxonomy":"category","embeddable":true,"href":"https:\/\/www.24baires.com\/index.php?rest_route=%2Fwp%2Fv2%2Fcategories&post=12576"},{"taxonomy":"post_tag","embeddable":true,"href":"https:\/\/www.24baires.com\/index.php?rest_route=%2Fwp%2Fv2%2Ftags&post=12576"}],"curies":[{"name":"wp","href":"https:\/\/api.w.org\/{rel}","templated":true}]}}