{"id":12569,"date":"2013-01-17T15:36:23","date_gmt":"2013-01-17T18:36:23","guid":{"rendered":"http:\/\/www.24baires.com\/?p=12569"},"modified":"2013-01-17T15:38:12","modified_gmt":"2013-01-17T18:38:12","slug":"hermano-de-jugador-asesinado-se-puso-al-frente-de-la-lucha-contra-el-abuso-policial","status":"publish","type":"post","link":"https:\/\/www.24baires.com\/?p=12569","title":{"rendered":"Hermano de futbolista asesinado se puso al frente de la lucha contra el abuso policial"},"content":{"rendered":"<p><a href=\"http:\/\/www.24baires.com\/sociedad\/12569-hermano-de-jugador-asesinado-se-puso-al-frente-de-la-lucha-contra-el-abuso-policial\/attachment\/lautaro-bugatto\/\" rel=\"attachment wp-att-12570\"><img data-recalc-dims=\"1\" loading=\"lazy\" decoding=\"async\" class=\"alignleft size-full wp-image-12570\" alt=\"lautaro bugatto\" src=\"https:\/\/i0.wp.com\/www.24baires.com\/wp-content\/uploads\/2013\/01\/lautaro-bugatto.jpg?resize=265%2C199\" width=\"265\" height=\"199\" \/><\/a>El hermano de Lautaro Bugatto, el futbolista de Banfield asesinado en mayo del a\u00f1o pasado por el polic\u00eda de la Bonaerense David Ram\u00f3n Ben\u00edtez, en la puerta de su casa de Burzaco, al frente de la movilizaci\u00f3n contra los actos de violencia institucional.<!--more--><br \/>\nAcompa\u00f1a en la coordinaci\u00f3n de esa iniciativa a Daniel Ghirlado. La movilizaci\u00f3n se propone generar recursos para visibilizar casos en los que la polic\u00eda comete excesos o criminaliza a ciudadanos vulnerables. La campa\u00f1a contra la violencia institucional de Lomas de Zamora sugiere la creaci\u00f3n de espacios genuinos de acci\u00f3n coordinada.<\/p>\n<p>La idea consiste en crear mecanismos de cooperaci\u00f3n entre organizaciones sociales, ciudadanos y las diferentes \u00e1reas de los municipios, para instalar el tema y buscar instancias de prevenci\u00f3n y castigo, sobre todo en \u00e1reas y sectores sociales m\u00e1s vulnerables.<\/p>\n<p>Por una decisi\u00f3n de la Sala II de la C\u00e1mara de Apelaciones y Garant\u00edas de Lomas de Zamora, el asesino de Lautaro fue excarcelado en noviembre \u00faltimo.<br \/>\nGhiraldo dialog\u00f3 con AgePeBa y explic\u00f3 que el primer objetivo de la campa\u00f1a es organizar mediante talleres, actividades y difusi\u00f3n la visibilizaci\u00f3n de un problema que, como el de la violencia ilegal ejercida por polic\u00edas, est\u00e1 \u201clegitimada\u201d por el discurso que principalmente divulgan los medios masivos de comunicaci\u00f3n.<\/p>\n<p>\u201cMientras m\u00e1s p\u00fablicos se hagan los abusos policiales menos lugar van a tener para la impunidad\u201d, consider\u00f3 Ghiraldo.<\/p>\n<p>Mediante talleres de formaci\u00f3n de promotores barriales, el trabajo de abogados y militantes de organizaciones sociales, la campa\u00f1a propone dar la discusi\u00f3n del tema e instalarlo, y generar una l\u00ednea homog\u00e9nea de acci\u00f3n.<\/p>\n<p>\u201cLa Polic\u00eda est\u00e1 organizada y a veces utiliza esa organizaci\u00f3n de mala manera, entonces ante un caso de violencia institucional nosotros proponemos una organizaci\u00f3n popular real y con herramientas genuinas para contrarrestar esa situaci\u00f3n\u201d, sostuvo Ghiraldo.<\/p>\n<p>Tambi\u00e9n estim\u00f3 que la inseguridad que generan las agencias policiales es \u201cmulticausal\u201d, porque \u201cpor un lado vienen de una cultura violenta, por otro el rol de los medios de comunicaci\u00f3n que difunden un discurso que avala la mano dura y la demagogia punitiva, y por \u00faltimo porque no hay una decisi\u00f3n pol\u00edtica real para terminar con esta situaci\u00f3n en la provincia de Buenos Aires\u201d.<\/p>\n<p>\u201cLa cultura violenta de la polic\u00eda es una herencia de los momentos mas oscuros de nuestro pa\u00eds y hay toda una idiosincrasia que jam\u00e1s se modific\u00f3. La polic\u00eda termino convirti\u00e9ndose en una corporaci\u00f3n, avalada por la pr\u00e1ctica de los medios concentrados\u201d, a\u00f1adi\u00f3<\/p>\n<p>Por eso, abund\u00f3 Ghiraldo, \u201clo primero que nos planteamos es darle la discusi\u00f3n al discurso dominante respecto a la inseguridad, pues es justamente sobre ese discurso que se posa el accionar abusivo de la polic\u00eda, porque toda practica social se ampara en discursos legitimadores de las mismas\u201d.<\/p>\n<p>La campa\u00f1a comenz\u00f3 a desplegarse en barriadas, hospitales y diversos centros comunitarios de lomas de Zamora. Ya se dictaron cinco talleres especializados con abordajes sociales y jur\u00eddicos.<\/p>\n<p>&nbsp;<\/p>\n<p>&nbsp;<\/p>\n<p>&nbsp;<\/p>\n<p>&nbsp;<\/p>\n<p>&nbsp;<\/p>\n<p>&nbsp;<\/p>\n<p>&nbsp;<\/p>\n<p>&nbsp;<\/p>\n<p>&nbsp;<\/p>\n<p>&nbsp;<\/p>\n<p>&nbsp;<\/p>\n<p>&nbsp;<\/p>\n<p>&nbsp;<\/p>\n<p>&nbsp;<\/p>\n<p>&nbsp;<\/p>\n<p>&nbsp;<\/p>\n<p>&nbsp;<\/p>\n<p>&nbsp;<\/p>\n","protected":false},"excerpt":{"rendered":"<p>El hermano de Lautaro Bugatto, el futbolista de Banfield asesinado en mayo del a\u00f1o pasado por el polic\u00eda de la Bonaerense David Ram\u00f3n Ben\u00edtez, en la puerta de su casa de Burzaco, al frente de la movilizaci\u00f3n contra los actos de violencia institucional.<\/p>\n","protected":false},"author":4,"featured_media":0,"comment_status":"open","ping_status":"open","sticky":false,"template":"","format":"standard","meta":{"_jetpack_newsletter_access":"","_jetpack_dont_email_post_to_subs":false,"_jetpack_newsletter_tier_id":0,"_jetpack_memberships_contains_paywalled_content":false,"_jetpack_memberships_contains_paid_content":false,"footnotes":""},"categories":[1],"tags":[],"class_list":["post-12569","post","type-post","status-publish","format-standard","hentry","category-sociedad"],"jetpack_featured_media_url":"","jetpack_shortlink":"https:\/\/wp.me\/p2JWE0-3gJ","jetpack-related-posts":[{"id":23031,"url":"https:\/\/www.24baires.com\/?p=23031","url_meta":{"origin":12569,"position":0},"title":"Un listado de las v\u00edctimas del gatillo f\u00e1cil ser\u00e1 colocada frente a la ex ESMA","author":"Grupo Sierra","date":"08\/05\/2013","format":false,"excerpt":"El Ente P\u00fablico Espacio para la Memoria instalar\u00e1 en el frente del predio de la ex ESMA el listado completo de las v\u00edctimas de violencia institucional desde 1983 hasta la actualidad, en el marco del D\u00eda Nacional de dicha lucha. La actividad contar\u00e1 con la presencia de diputados, organizaciones sociales\u2026","rel":"","context":"En \u00abSociedad\u00bb","block_context":{"text":"Sociedad","link":"https:\/\/www.24baires.com\/?cat=1"},"img":{"alt_text":"","src":"","width":0,"height":0},"classes":[]},{"id":119242,"url":"https:\/\/www.24baires.com\/?p=119242","url_meta":{"origin":12569,"position":1},"title":"Cristina denunci\u00f3 la represi\u00f3n de la Polic\u00eda porte\u00f1a frente a su casa","author":"AF","date":"22\/08\/2022","format":false,"excerpt":"Mientras miles de militantes se acercaron a la casa de Cristina Kirchner para brindale su apoyo -tras el pedido de condena del fiscal Diego Luciani- y otros pocos tambi\u00e9n se agruparon en el cruce de las calles de Juncal y Uruguay pero para insultar a la vicepresidenta, la Polic\u00eda de\u2026","rel":"","context":"En \u00abSociedad\u00bb","block_context":{"text":"Sociedad","link":"https:\/\/www.24baires.com\/?cat=1"},"img":{"alt_text":"","src":"https:\/\/i0.wp.com\/www.24baires.com\/wp-content\/uploads\/2022\/08\/apoyo-cfk.jpeg?resize=350%2C200","width":350,"height":200,"srcset":"https:\/\/i0.wp.com\/www.24baires.com\/wp-content\/uploads\/2022\/08\/apoyo-cfk.jpeg?resize=350%2C200 1x, https:\/\/i0.wp.com\/www.24baires.com\/wp-content\/uploads\/2022\/08\/apoyo-cfk.jpeg?resize=525%2C300 1.5x, https:\/\/i0.wp.com\/www.24baires.com\/wp-content\/uploads\/2022\/08\/apoyo-cfk.jpeg?resize=700%2C400 2x"},"classes":[]},{"id":105599,"url":"https:\/\/www.24baires.com\/?p=105599","url_meta":{"origin":12569,"position":2},"title":"Se denuncian 20 casos de violencia institucional por d\u00eda en la provincia","author":"GB","date":"26\/11\/2018","format":false,"excerpt":"En el primer semestre de 2018 se produjeron 3.553 casos de violencia institucional en la provincia. Es decir que ocurrieron unos 20 hechos por d\u00eda, que van desde vejaciones, abusos de autoridad, amenazas, hasta muertes violentas. Los datos fueron revelados por la Procuraci\u00f3n General de la provincia, que reconoci\u00f3 la\u2026","rel":"","context":"En \u00abProvincia\u00bb","block_context":{"text":"Provincia","link":"https:\/\/www.24baires.com\/?cat=40"},"img":{"alt_text":"","src":"https:\/\/i0.wp.com\/www.24baires.com\/wp-content\/uploads\/2018\/11\/echeverr%C3%ADa-300x155.jpg?resize=350%2C200","width":350,"height":200},"classes":[]},{"id":54421,"url":"https:\/\/www.24baires.com\/?p=54421","url_meta":{"origin":12569,"position":3},"title":"Denuncian violencia contra testigos del caso Luciano Arruga","author":"GB","date":"28\/09\/2014","format":false,"excerpt":"El diputado nacional del Frente para la Victoria Miguel Funes present\u00f3 un proyecto de declaraci\u00f3n en repudio a los actos de violencia por parte de la polic\u00eda bonaerense contra tres j\u00f3venes de Lomas del Mirador, dos de ellos testigos del caso Luciano Arruga, desaparecido en enero del 2009. El proyecto\u2026","rel":"","context":"En \u00abSociedad\u00bb","block_context":{"text":"Sociedad","link":"https:\/\/www.24baires.com\/?cat=1"},"img":{"alt_text":"arruga Luciano","src":"https:\/\/i0.wp.com\/www.24baires.com\/wp-content\/uploads\/2012\/12\/arruga-Luciano.jpg?resize=350%2C200","width":350,"height":200,"srcset":"https:\/\/i0.wp.com\/www.24baires.com\/wp-content\/uploads\/2012\/12\/arruga-Luciano.jpg?resize=350%2C200 1x, https:\/\/i0.wp.com\/www.24baires.com\/wp-content\/uploads\/2012\/12\/arruga-Luciano.jpg?resize=525%2C300 1.5x"},"classes":[]},{"id":104491,"url":"https:\/\/www.24baires.com\/?p=104491","url_meta":{"origin":12569,"position":4},"title":"Mar del Plata: polic\u00eda tortur\u00f3 a un ni\u00f1o discapacitado","author":"AF","date":"15\/09\/2018","format":false,"excerpt":"La Comisi\u00f3n por la Memoria repudi\u00f3 el hecho: un oficial de polic\u00eda golpe\u00f3 y ahorc\u00f3 a Mat\u00edas, de 9 a\u00f1os. El chico estaba jugando con su hermano y un arma de juguete. La Comisi\u00f3n por la Memoria (CPM) repudi\u00f3 el violento ataque sufrido el jueves por Mat\u00edas (un ni\u00f1o de\u2026","rel":"","context":"En \u00abSociedad\u00bb","block_context":{"text":"Sociedad","link":"https:\/\/www.24baires.com\/?cat=1"},"img":{"alt_text":"","src":"https:\/\/i0.wp.com\/www.24baires.com\/wp-content\/uploads\/2018\/09\/patrullero.jpg?resize=350%2C200","width":350,"height":200,"srcset":"https:\/\/i0.wp.com\/www.24baires.com\/wp-content\/uploads\/2018\/09\/patrullero.jpg?resize=350%2C200 1x, https:\/\/i0.wp.com\/www.24baires.com\/wp-content\/uploads\/2018\/09\/patrullero.jpg?resize=525%2C300 1.5x"},"classes":[]},{"id":116218,"url":"https:\/\/www.24baires.com\/?p=116218","url_meta":{"origin":12569,"position":5},"title":"Boxeador mat\u00f3 a golpes a su novia embarazada","author":"AF","date":"14\/09\/2020","format":false,"excerpt":"Micaela Zalazar, de 28 a\u00f1os, era madre de dos chicos. Ya hab\u00eda denunciado a su pareja en dos ocasiones por violencia de g\u00e9nero. El hombre qued\u00f3 detenido. Otro brutal femicidio ocurri\u00f3 en las \u00faltimas horas en la localidad bonaerense de 9 de Julio. Una mujer de 28 a\u00f1os que estaba\u2026","rel":"","context":"En \u00abSociedad\u00bb","block_context":{"text":"Sociedad","link":"https:\/\/www.24baires.com\/?cat=1"},"img":{"alt_text":"","src":"https:\/\/i0.wp.com\/www.24baires.com\/wp-content\/uploads\/2020\/09\/0038051892-300x225.jpg?resize=350%2C200","width":350,"height":200},"classes":[]}],"jetpack_sharing_enabled":true,"jetpack_likes_enabled":true,"_links":{"self":[{"href":"https:\/\/www.24baires.com\/index.php?rest_route=\/wp\/v2\/posts\/12569","targetHints":{"allow":["GET"]}}],"collection":[{"href":"https:\/\/www.24baires.com\/index.php?rest_route=\/wp\/v2\/posts"}],"about":[{"href":"https:\/\/www.24baires.com\/index.php?rest_route=\/wp\/v2\/types\/post"}],"author":[{"embeddable":true,"href":"https:\/\/www.24baires.com\/index.php?rest_route=\/wp\/v2\/users\/4"}],"replies":[{"embeddable":true,"href":"https:\/\/www.24baires.com\/index.php?rest_route=%2Fwp%2Fv2%2Fcomments&post=12569"}],"version-history":[{"count":4,"href":"https:\/\/www.24baires.com\/index.php?rest_route=\/wp\/v2\/posts\/12569\/revisions"}],"predecessor-version":[{"id":12575,"href":"https:\/\/www.24baires.com\/index.php?rest_route=\/wp\/v2\/posts\/12569\/revisions\/12575"}],"wp:attachment":[{"href":"https:\/\/www.24baires.com\/index.php?rest_route=%2Fwp%2Fv2%2Fmedia&parent=12569"}],"wp:term":[{"taxonomy":"category","embeddable":true,"href":"https:\/\/www.24baires.com\/index.php?rest_route=%2Fwp%2Fv2%2Fcategories&post=12569"},{"taxonomy":"post_tag","embeddable":true,"href":"https:\/\/www.24baires.com\/index.php?rest_route=%2Fwp%2Fv2%2Ftags&post=12569"}],"curies":[{"name":"wp","href":"https:\/\/api.w.org\/{rel}","templated":true}]}}