{"id":12553,"date":"2013-01-17T08:45:52","date_gmt":"2013-01-17T11:45:52","guid":{"rendered":"http:\/\/www.24baires.com\/?p=12553"},"modified":"2013-01-17T12:38:55","modified_gmt":"2013-01-17T15:38:55","slug":"se-levanto-el-paro-de-trenes-previsto-para-el-martes-22","status":"publish","type":"post","link":"https:\/\/www.24baires.com\/?p=12553","title":{"rendered":"Se levant\u00f3 el paro de trenes previsto para el martes 22"},"content":{"rendered":"<p><a href=\"http:\/\/www.24baires.com\/sociedad\/12553-se-levanto-el-paro-de-trenes-previsto-para-el-martes-22\/attachment\/la-trochita\/\" rel=\"attachment wp-att-12554\"><img data-recalc-dims=\"1\" loading=\"lazy\" decoding=\"async\" class=\"aligncenter size-full wp-image-12554\" alt=\"la trochita\" src=\"https:\/\/i0.wp.com\/www.24baires.com\/wp-content\/uploads\/2013\/01\/la-trochita.jpg?resize=560%2C376\" width=\"560\" height=\"376\" srcset=\"https:\/\/i0.wp.com\/www.24baires.com\/wp-content\/uploads\/2013\/01\/la-trochita.jpg?w=560&amp;ssl=1 560w, https:\/\/i0.wp.com\/www.24baires.com\/wp-content\/uploads\/2013\/01\/la-trochita.jpg?resize=300%2C201&amp;ssl=1 300w\" sizes=\"auto, (max-width: 560px) 100vw, 560px\" \/><\/a>Tras reunirse en Casa de Gobierno con Florencio Randazzo,\u00a0 la Fraternidad y la Uni\u00f3n Ferroviaria levantaron el paro nacional de 24 horas que se iba a realizar el martes 22, en apoyo a las demandas laborales de los trabajadores ferroviarios del servicio conocido como \u00abLa Trochita\u00bb en Chubut.\u00a0<!--more--><\/p>\n<p>As\u00ed lo inform\u00f3 un vocero del Ministerio del Interior y de Transporte, tras un encuentro que el titular de esa cartera mantuvo con los titulares de la Fraternidad, Omar Maturano, y de la Uni\u00f3n Ferroviaria, Sergio Sesio.<\/p>\n<p>Tras anunciarse el paro a principios de esta semana, el gobierno de Chubut neg\u00f3 impulsar el cierre del Viejo Expreso Patag\u00f3nico, al tiempo que aclar\u00f3 que los trabajadores despedidos a fines del a\u00f1o \u00faltimo \u00abfueron reincorporados\u00bb.<\/p>\n<p>&nbsp;<\/p>\n<p>&nbsp;<\/p>\n<p>&nbsp;<\/p>\n<p>&nbsp;<\/p>\n<p>&nbsp;<\/p>\n<p>&nbsp;<\/p>\n<p>&nbsp;<\/p>\n<p>&nbsp;<\/p>\n<p>&nbsp;<\/p>\n<p>&nbsp;<\/p>\n<p>&nbsp;<\/p>\n<p>&nbsp;<\/p>\n<p>&nbsp;<\/p>\n<p>&nbsp;<\/p>\n<p>&nbsp;<\/p>\n<p>&nbsp;<\/p>\n<p>&nbsp;<\/p>\n<p>&nbsp;<\/p>\n","protected":false},"excerpt":{"rendered":"<p>Tras reunirse en Casa de Gobierno con Florencio Randazzo,\u00a0 la Fraternidad y la Uni\u00f3n Ferroviaria levantaron el paro nacional de 24 horas que se iba a realizar el martes 22, en apoyo a las demandas laborales de los trabajadores ferroviarios del servicio conocido como \u00abLa Trochita\u00bb en Chubut.\u00a0<\/p>\n","protected":false},"author":4,"featured_media":0,"comment_status":"open","ping_status":"open","sticky":false,"template":"","format":"standard","meta":{"_jetpack_newsletter_access":"","_jetpack_dont_email_post_to_subs":false,"_jetpack_newsletter_tier_id":0,"_jetpack_memberships_contains_paywalled_content":false,"_jetpack_memberships_contains_paid_content":false,"footnotes":""},"categories":[1],"tags":[],"class_list":["post-12553","post","type-post","status-publish","format-standard","hentry","category-sociedad"],"jetpack_featured_media_url":"","jetpack_shortlink":"https:\/\/wp.me\/p2JWE0-3gt","jetpack-related-posts":[{"id":12436,"url":"https:\/\/www.24baires.com\/?p=12436","url_meta":{"origin":12553,"position":0},"title":"Paro nacional de trenes por un conflicto en \u00abLa Trochita\u00bb","author":"Grupo Sierra","date":"16\/01\/2013","format":false,"excerpt":"Trabajadores de La Uni\u00f3n Ferroviaria y La Fraternidad denunciaron que fueron cesanteados seis compa\u00f1eros de \"La Trochita\" en la provincia de Chubut y anunciaron un paro nacional para el martes pr\u00f3ximo en todos los servicios de carga y de pasajeros del pa\u00eds. Seg\u00fan inform\u00f3 el vocero de La Fraternidad, Horacio\u2026","rel":"","context":"En \u00abSociedad\u00bb","block_context":{"text":"Sociedad","link":"https:\/\/www.24baires.com\/?cat=1"},"img":{"alt_text":"","src":"","width":0,"height":0},"classes":[]},{"id":104731,"url":"https:\/\/www.24baires.com\/?p=104731","url_meta":{"origin":12553,"position":1},"title":"Gremios ferroviarios levantaron el paro que hab\u00edan anunciado","author":"GB","date":"02\/10\/2018","format":false,"excerpt":"Las cuatro entidades que representan a los trabajadores ferroviarios llegaron a un acuerdo salarial con el Gobierno y dejaron sin efecto una medida de fuerza planteada para ma\u00f1ana, martes 2 de octubre. A contrarreloj, el Gobierno nacional logr\u00f3 acordar con los cuatro gremios que representan a los trabajadores ferroviarios y\u2026","rel":"","context":"En \u00abSociedad\u00bb","block_context":{"text":"Sociedad","link":"https:\/\/www.24baires.com\/?cat=1"},"img":{"alt_text":"","src":"https:\/\/i0.wp.com\/www.24baires.com\/wp-content\/uploads\/2018\/09\/trenes.jpg?resize=350%2C200","width":350,"height":200,"srcset":"https:\/\/i0.wp.com\/www.24baires.com\/wp-content\/uploads\/2018\/09\/trenes.jpg?resize=350%2C200 1x, https:\/\/i0.wp.com\/www.24baires.com\/wp-content\/uploads\/2018\/09\/trenes.jpg?resize=525%2C300 1.5x"},"classes":[]},{"id":104671,"url":"https:\/\/www.24baires.com\/?p=104671","url_meta":{"origin":12553,"position":2},"title":"Anuncian un paro total de trenes para el pr\u00f3ximo martes","author":"GB","date":"27\/09\/2018","format":false,"excerpt":"Tras el paro general de transporte de este martes, los gremios anunciaron una nueva medida de fuerza que afectar\u00e1 a todas las l\u00edneas de trenes. Reclaman la reapertura de paritarias. Los cuatro sindicatos ferroviarios anunciaron este mi\u00e9rcoles la realizaci\u00f3n de un paro por 24 horas para el pr\u00f3ximo martes 2\u2026","rel":"","context":"En \u00abSociedad\u00bb","block_context":{"text":"Sociedad","link":"https:\/\/www.24baires.com\/?cat=1"},"img":{"alt_text":"","src":"https:\/\/i0.wp.com\/www.24baires.com\/wp-content\/uploads\/2018\/09\/trenes.jpg?resize=350%2C200","width":350,"height":200,"srcset":"https:\/\/i0.wp.com\/www.24baires.com\/wp-content\/uploads\/2018\/09\/trenes.jpg?resize=350%2C200 1x, https:\/\/i0.wp.com\/www.24baires.com\/wp-content\/uploads\/2018\/09\/trenes.jpg?resize=525%2C300 1.5x"},"classes":[]},{"id":102928,"url":"https:\/\/www.24baires.com\/?p=102928","url_meta":{"origin":12553,"position":3},"title":"A pesar de las presiones del Gobierno, UTA y ferroviarios confirmaron que no se bajan del paro","author":"GB","date":"22\/06\/2018","format":false,"excerpt":"Desde el oficialismo tentaron a uno de los sindicatos con la adjudicaci\u00f3n de un predio, sin embargo todos aseguraron que el lunes la adhesi\u00f3n del transporte ser\u00e1 total. Todos los detalles. El paro nacional convocado por la CGT para el pr\u00f3ximo lunes ser\u00e1 total. Tanto la UTA, el gremio que\u2026","rel":"","context":"En \u00abPol\u00edtica\u00bb","block_context":{"text":"Pol\u00edtica","link":"https:\/\/www.24baires.com\/?cat=51"},"img":{"alt_text":"","src":"https:\/\/i0.wp.com\/www.24baires.com\/wp-content\/uploads\/2017\/06\/ferovaires-tren.jpg?resize=350%2C200","width":350,"height":200,"srcset":"https:\/\/i0.wp.com\/www.24baires.com\/wp-content\/uploads\/2017\/06\/ferovaires-tren.jpg?resize=350%2C200 1x, https:\/\/i0.wp.com\/www.24baires.com\/wp-content\/uploads\/2017\/06\/ferovaires-tren.jpg?resize=525%2C300 1.5x"},"classes":[]},{"id":65147,"url":"https:\/\/www.24baires.com\/?p=65147","url_meta":{"origin":12553,"position":4},"title":"Castelar: tras la condena del motorman, anuncian una \u00abmega denuncia\u00bb contra ferroviarios","author":"AF","date":"30\/04\/2015","format":false,"excerpt":"El abogado Gregorio Dalb\u00f3n, querellante en la causa por la que ayer se conden\u00f3 a cuatro a\u00f1os y tres meses de prisi\u00f3n al conductor que en 2013 choc\u00f3 contra una formaci\u00f3n estacionada en Castelar, adelant\u00f3 hoy que realizar\u00e1 una \"mega denuncia\" contra los gremios La Fraternidad y Uni\u00f3n Ferroviaria, a\u2026","rel":"","context":"En \u00abJUDICIALES\u00bb","block_context":{"text":"JUDICIALES","link":"https:\/\/www.24baires.com\/?cat=68"},"img":{"alt_text":"trenes castelar","src":"https:\/\/i0.wp.com\/www.24baires.com\/wp-content\/uploads\/2013\/09\/trenes-castelar-300x200.jpg?resize=350%2C200","width":350,"height":200},"classes":[]},{"id":71093,"url":"https:\/\/www.24baires.com\/?p=71093","url_meta":{"origin":12553,"position":5},"title":"El pr\u00f3ximo mi\u00e9rcoles habr\u00e1 paro de trenes","author":"AF","date":"24\/08\/2015","format":false,"excerpt":"El sindicato de conductores de trenes La Fraternidad ratific\u00f3 a las 18.30 el paro nacional de actividades por 24 horas para este mi\u00e9rcoles agosto, tras fracasar las negociaciones paritarias con funcionarios del Ministerio de Trabajo y la Secretar\u00eda de Transporte. El titular del gremio, Omar Maturano, se\u00f1al\u00f3 a la agencia\u2026","rel":"","context":"En \u00abSociedad\u00bb","block_context":{"text":"Sociedad","link":"https:\/\/www.24baires.com\/?cat=1"},"img":{"alt_text":"Tren Roca Quilmes","src":"https:\/\/i0.wp.com\/www.24baires.com\/wp-content\/uploads\/2013\/02\/Tren-Roca-Quilmes-300x225.jpg?resize=350%2C200","width":350,"height":200},"classes":[]}],"jetpack_sharing_enabled":true,"jetpack_likes_enabled":true,"_links":{"self":[{"href":"https:\/\/www.24baires.com\/index.php?rest_route=\/wp\/v2\/posts\/12553","targetHints":{"allow":["GET"]}}],"collection":[{"href":"https:\/\/www.24baires.com\/index.php?rest_route=\/wp\/v2\/posts"}],"about":[{"href":"https:\/\/www.24baires.com\/index.php?rest_route=\/wp\/v2\/types\/post"}],"author":[{"embeddable":true,"href":"https:\/\/www.24baires.com\/index.php?rest_route=\/wp\/v2\/users\/4"}],"replies":[{"embeddable":true,"href":"https:\/\/www.24baires.com\/index.php?rest_route=%2Fwp%2Fv2%2Fcomments&post=12553"}],"version-history":[{"count":3,"href":"https:\/\/www.24baires.com\/index.php?rest_route=\/wp\/v2\/posts\/12553\/revisions"}],"predecessor-version":[{"id":12557,"href":"https:\/\/www.24baires.com\/index.php?rest_route=\/wp\/v2\/posts\/12553\/revisions\/12557"}],"wp:attachment":[{"href":"https:\/\/www.24baires.com\/index.php?rest_route=%2Fwp%2Fv2%2Fmedia&parent=12553"}],"wp:term":[{"taxonomy":"category","embeddable":true,"href":"https:\/\/www.24baires.com\/index.php?rest_route=%2Fwp%2Fv2%2Fcategories&post=12553"},{"taxonomy":"post_tag","embeddable":true,"href":"https:\/\/www.24baires.com\/index.php?rest_route=%2Fwp%2Fv2%2Ftags&post=12553"}],"curies":[{"name":"wp","href":"https:\/\/api.w.org\/{rel}","templated":true}]}}