{"id":12544,"date":"2013-01-17T12:11:21","date_gmt":"2013-01-17T15:11:21","guid":{"rendered":"http:\/\/www.24baires.com\/?p=12544"},"modified":"2013-01-18T13:17:20","modified_gmt":"2013-01-18T16:17:20","slug":"la-presidenta-de-gira-reitero-el-reclamo-por-malvinas-y-agradecio-el-apoyo-de-indonesia","status":"publish","type":"post","link":"https:\/\/www.24baires.com\/?p=12544","title":{"rendered":"La Presidenta de gira reiter\u00f3 el reclamo por Malvinas y agradeci\u00f3 el apoyo de Indonesia"},"content":{"rendered":"<p style=\"text-align: left;\"><a href=\"http:\/\/www.24baires.com\/sociedad\/12544-la-presidenta-de-gira-reitero-el-reclamo-por-malvinas-y-agradecio-el-apoyo-de-indonesia\/attachment\/cristina-indonesia\/\" rel=\"attachment wp-att-12545\"><img data-recalc-dims=\"1\" loading=\"lazy\" decoding=\"async\" class=\"aligncenter  wp-image-12545\" alt=\"cristina indonesia\" src=\"https:\/\/i0.wp.com\/www.24baires.com\/wp-content\/uploads\/2013\/01\/cristina-indonesia.jpg?resize=560%2C340\" width=\"560\" height=\"340\" \/><\/a>La presidenta Cristina Fern\u00e1ndez de Kirchner agradeci\u00f3 \u00abel apoyo permanente\u00bb brindado por la Rep\u00fablica de Indonesia a la \u00abcausa Malvinas\u00bb, y asegur\u00f3 que Argentina \u00absolamente pide que el Reino Unido respete la resoluci\u00f3n de Naciones Unidas\u00bb.<!--more--><br \/>\n\u00abQuiero agradecer a Indonesia y su gente el apoyo permanente en la causa Malvinas\u00bb, dijo la Presidenta a su par indonesio, Susilo Yudhoyono, durante el mensaje que brind\u00f3 al finalizar la reuni\u00f3n privada que mantuvieron ambos mandatarios en el Credential Hall del Palacio de Gobierno.<\/p>\n<p>La mandataria agreg\u00f3 que Argentina \u00abs\u00f3lo le pide al Reino Unido que respete las resoluciones de Naciones Unidas\u00bb que exhortan a ambos pa\u00edses a dialogar sobre la cuesti\u00f3n de la soberan\u00eda de las Islas.<\/p>\n<p>\u00abNo pretendemos imponer ning\u00fan criterio, sino simplemente comenzar a cumplir las reglas de juego vigentes, que son respetar las resoluciones de Naciones Unidas\u00bb, dijo Cristina Fern\u00e1ndez tras el encuentro que comparti\u00f3 con el presidente indonesio, en el marco de su gira asi\u00e1tica.<br \/>\nAll\u00ed, la Presidenta consider\u00f3 \u00ababsolutamente inequitativo e injusto\u00bb el trato que se le da a las resoluciones de la ONU cuando son a favor de un pa\u00eds que es una potencia y el que se le da cuando son favorables a un pa\u00eds en v\u00edas de desarrollo.<\/p>\n<p>\u00abCuando una resoluci\u00f3n favorece a una gran potencia o a un pa\u00eds desarrollado tiene que ser respetada por todos los pa\u00edses, pero cuando es a favor de pa\u00edses que no son los protagonistas, se la ignora ol\u00edmpicamente, se la viola sistem\u00e1ticamente y se la somete a provocaciones constantes como estamos siendo sometidos nosotros por parte del Reino Unido\u00bb, sostuvo Cristina e hizo referencia a la ONU, la Organizaci\u00f3n Mundial de Comercio (OMC) y otros organismos.<\/p>\n<p>En este marco, la mandataria reafirm\u00f3 que \u00abMalvinas no es solamente una causa nacional\u00bb sino \u00abuna causa global\u00bb porque la relaci\u00f3n de fuerzas para imponer colonialismos \u00abes un m\u00e9todo del siglo pasado que no dio resultados a la humanidad\u00bb.<\/p>\n<p>En ese punto, la Presidenta destac\u00f3 la necesidad de \u00abreformular las reglas de juego en los organismos multilaterales\u00bb que, seg\u00fan dijo, es un reclamo que comparten Argentina e Indonesia.<\/p>\n","protected":false},"excerpt":{"rendered":"<p>La presidenta Cristina Fern\u00e1ndez de Kirchner agradeci\u00f3 \u00abel apoyo permanente\u00bb brindado por la Rep\u00fablica de Indonesia a la \u00abcausa Malvinas\u00bb, y asegur\u00f3 que Argentina \u00absolamente pide que el Reino Unido respete la resoluci\u00f3n de Naciones Unidas\u00bb.<\/p>\n","protected":false},"author":4,"featured_media":0,"comment_status":"open","ping_status":"open","sticky":false,"template":"","format":"standard","meta":{"_jetpack_newsletter_access":"","_jetpack_dont_email_post_to_subs":false,"_jetpack_newsletter_tier_id":0,"_jetpack_memberships_contains_paywalled_content":false,"_jetpack_memberships_contains_paid_content":false,"footnotes":""},"categories":[1],"tags":[],"class_list":["post-12544","post","type-post","status-publish","format-standard","hentry","category-sociedad"],"jetpack_featured_media_url":"","jetpack_shortlink":"https:\/\/wp.me\/p2JWE0-3gk","jetpack-related-posts":[{"id":119690,"url":"https:\/\/www.24baires.com\/?p=119690","url_meta":{"origin":12544,"position":0},"title":"Fern\u00e1ndez asegur\u00f3 que la usurpaci\u00f3n de Malvinas \u00abdeber\u00eda avergonzar a todo el mundo\u00bb","author":"AF","date":"03\/01\/2023","format":false,"excerpt":"El Presidente encabez\u00f3 la inauguraci\u00f3n, junto al ministro de Defensa, Jorge Taiana, de un monumento conmemorativo de las Malvinas construido por el Astillero Tandanor frente al Edificio Libertador. El presidente Alberto Fern\u00e1ndez advirti\u00f3 hoy que la usurpaci\u00f3n de las Islas Malvinas por parte del Reino Unido \"deber\u00eda avergonzar a todo\u2026","rel":"","context":"En \u00abSociedad\u00bb","block_context":{"text":"Sociedad","link":"https:\/\/www.24baires.com\/?cat=1"},"img":{"alt_text":"","src":"https:\/\/i0.wp.com\/www.24baires.com\/wp-content\/uploads\/2023\/01\/malvinas.jpg?resize=350%2C200","width":350,"height":200,"srcset":"https:\/\/i0.wp.com\/www.24baires.com\/wp-content\/uploads\/2023\/01\/malvinas.jpg?resize=350%2C200 1x, https:\/\/i0.wp.com\/www.24baires.com\/wp-content\/uploads\/2023\/01\/malvinas.jpg?resize=525%2C300 1.5x, https:\/\/i0.wp.com\/www.24baires.com\/wp-content\/uploads\/2023\/01\/malvinas.jpg?resize=700%2C400 2x"},"classes":[]},{"id":12682,"url":"https:\/\/www.24baires.com\/?p=12682","url_meta":{"origin":12544,"position":1},"title":"Cristina ya est\u00e1 en Vietnam y el s\u00e1bado comenzar\u00e1 su actividad oficial","author":"AF","date":"18\/01\/2013","format":false,"excerpt":"La Presidenta iniciar\u00e1 este pr\u00f3ximo s\u00e1bado su actividad visitando los m\u00edticos t\u00faneles de Cu Chi, para luego mantener un encuentro con el presidente del Comit\u00e9 Popular, Le Hoang Quan, en el Palacio de la Reunificaci\u00f3n. La Presidenta arrib\u00f3 poco antes de las 17 (7 hora en Argentina) al aeropuerto internacional\u2026","rel":"","context":"En \u00abPol\u00edtica\u00bb","block_context":{"text":"Pol\u00edtica","link":"https:\/\/www.24baires.com\/?cat=51"},"img":{"alt_text":"cristina en vietnam","src":"https:\/\/i0.wp.com\/www.24baires.com\/wp-content\/uploads\/2013\/01\/cristina-en-vietnam.jpg?resize=350%2C200","width":350,"height":200,"srcset":"https:\/\/i0.wp.com\/www.24baires.com\/wp-content\/uploads\/2013\/01\/cristina-en-vietnam.jpg?resize=350%2C200 1x, https:\/\/i0.wp.com\/www.24baires.com\/wp-content\/uploads\/2013\/01\/cristina-en-vietnam.jpg?resize=525%2C300 1.5x"},"classes":[]},{"id":118428,"url":"https:\/\/www.24baires.com\/?p=118428","url_meta":{"origin":12544,"position":2},"title":"\u00abSomos parte de una Patria Grande, aunque muchos quieran dividirnos y someternos\u00bb","author":"AF","date":"07\/01\/2022","format":false,"excerpt":"El presidente manifest\u00f3 sentirse \"honrado por el reconocimiento al pa\u00eds\", que pas\u00f3 a presidir el organismo, y destac\u00f3 que la Celac \u201cno naci\u00f3 para oponerse a nadie\u201d. Adem\u00e1s, agradeci\u00f3 a los pa\u00edses miembros el apoyo a las negociaciones que mantiene la Argentina con el FMI y por el reclamo de\u2026","rel":"","context":"En \u00abPol\u00edtica\u00bb","block_context":{"text":"Pol\u00edtica","link":"https:\/\/www.24baires.com\/?cat=51"},"img":{"alt_text":"","src":"https:\/\/i0.wp.com\/www.24baires.com\/wp-content\/uploads\/2022\/01\/61d884c42a49f_900.jpg?resize=350%2C200","width":350,"height":200,"srcset":"https:\/\/i0.wp.com\/www.24baires.com\/wp-content\/uploads\/2022\/01\/61d884c42a49f_900.jpg?resize=350%2C200 1x, https:\/\/i0.wp.com\/www.24baires.com\/wp-content\/uploads\/2022\/01\/61d884c42a49f_900.jpg?resize=525%2C300 1.5x"},"classes":[]},{"id":119005,"url":"https:\/\/www.24baires.com\/?p=119005","url_meta":{"origin":12544,"position":3},"title":"Cafiero pidi\u00f3 al Reino Unido retomar las negociaciones por la soberan\u00eda sobre Malvinas","author":"AF","date":"23\/06\/2022","format":false,"excerpt":"Durante su exposici\u00f3n en la Sesi\u00f3n Especial del Comit\u00e9 de Descolonizaci\u00f3n de la Organizaci\u00f3n de las Naciones Unidas, el Canciller le dijo adem\u00e1s que \"es momento\" de que \"deje en las p\u00e1ginas de la historia su ejercicio de potencia colonial\". El canciller Santiago Cafiero pidi\u00f3 que el Reino Unido \"no\u2026","rel":"","context":"En \u00abInternacionales\u00bb","block_context":{"text":"Internacionales","link":"https:\/\/www.24baires.com\/?cat=73"},"img":{"alt_text":"","src":"https:\/\/i0.wp.com\/www.24baires.com\/wp-content\/uploads\/2022\/06\/cafiero.jpg?resize=350%2C200","width":350,"height":200,"srcset":"https:\/\/i0.wp.com\/www.24baires.com\/wp-content\/uploads\/2022\/06\/cafiero.jpg?resize=350%2C200 1x, https:\/\/i0.wp.com\/www.24baires.com\/wp-content\/uploads\/2022\/06\/cafiero.jpg?resize=525%2C300 1.5x, https:\/\/i0.wp.com\/www.24baires.com\/wp-content\/uploads\/2022\/06\/cafiero.jpg?resize=700%2C400 2x"},"classes":[]},{"id":112214,"url":"https:\/\/www.24baires.com\/?p=112214","url_meta":{"origin":12544,"position":4},"title":"Denuncian a Macri y a varios ministros por \u00abtraici\u00f3n a la patria\u00bb","author":"GB","date":"24\/09\/2019","format":false,"excerpt":"Es por la entrega de la Soberan\u00eda Argentina al Reino Unido en relaci\u00f3n a la explotaci\u00f3n de recursos naturales, gas hidrocarburos y la libre navegaci\u00f3n del espacio a\u00e9reo. El presidente Mauricio Macri, el ministro de Transporte Guillermo Dietrich, el ministro de Energ\u00eda Gustavo Lopetegui y el canciller Jorge Faurie fueron\u2026","rel":"","context":"En \u00abPol\u00edtica\u00bb","block_context":{"text":"Pol\u00edtica","link":"https:\/\/www.24baires.com\/?cat=51"},"img":{"alt_text":"","src":"https:\/\/i0.wp.com\/www.24baires.com\/wp-content\/uploads\/2019\/09\/Macri-y-ministros.jpg?resize=350%2C200","width":350,"height":200,"srcset":"https:\/\/i0.wp.com\/www.24baires.com\/wp-content\/uploads\/2019\/09\/Macri-y-ministros.jpg?resize=350%2C200 1x, https:\/\/i0.wp.com\/www.24baires.com\/wp-content\/uploads\/2019\/09\/Macri-y-ministros.jpg?resize=525%2C300 1.5x"},"classes":[]},{"id":117331,"url":"https:\/\/www.24baires.com\/?p=117331","url_meta":{"origin":12544,"position":5},"title":"Argentina y Reino Unido acordaron nuevas identificaciones a soldados ca\u00eddos en Malvinas","author":"GB","date":"19\/03\/2021","format":false,"excerpt":"El acuerdo consistir\u00e1 en la exhumaci\u00f3n de restos humanos pertenecientes a varios individuos colocados en una sola sepultura conocida como C1.10. En v\u00edsperas de un nuevo aniversario del inicio de la Guerra de Malvinas, los gobiernos de Argentina y el Reino Unido firmaron un nuevo acuerdo para identificar restos de\u2026","rel":"","context":"En \u00abSociedad\u00bb","block_context":{"text":"Sociedad","link":"https:\/\/www.24baires.com\/?cat=1"},"img":{"alt_text":"","src":"https:\/\/i0.wp.com\/www.24baires.com\/wp-content\/uploads\/2016\/12\/cementerio-malvinas.jpg?resize=350%2C200","width":350,"height":200,"srcset":"https:\/\/i0.wp.com\/www.24baires.com\/wp-content\/uploads\/2016\/12\/cementerio-malvinas.jpg?resize=350%2C200 1x, https:\/\/i0.wp.com\/www.24baires.com\/wp-content\/uploads\/2016\/12\/cementerio-malvinas.jpg?resize=525%2C300 1.5x"},"classes":[]}],"jetpack_sharing_enabled":true,"jetpack_likes_enabled":true,"_links":{"self":[{"href":"https:\/\/www.24baires.com\/index.php?rest_route=\/wp\/v2\/posts\/12544","targetHints":{"allow":["GET"]}}],"collection":[{"href":"https:\/\/www.24baires.com\/index.php?rest_route=\/wp\/v2\/posts"}],"about":[{"href":"https:\/\/www.24baires.com\/index.php?rest_route=\/wp\/v2\/types\/post"}],"author":[{"embeddable":true,"href":"https:\/\/www.24baires.com\/index.php?rest_route=\/wp\/v2\/users\/4"}],"replies":[{"embeddable":true,"href":"https:\/\/www.24baires.com\/index.php?rest_route=%2Fwp%2Fv2%2Fcomments&post=12544"}],"version-history":[{"count":3,"href":"https:\/\/www.24baires.com\/index.php?rest_route=\/wp\/v2\/posts\/12544\/revisions"}],"predecessor-version":[{"id":12679,"href":"https:\/\/www.24baires.com\/index.php?rest_route=\/wp\/v2\/posts\/12544\/revisions\/12679"}],"wp:attachment":[{"href":"https:\/\/www.24baires.com\/index.php?rest_route=%2Fwp%2Fv2%2Fmedia&parent=12544"}],"wp:term":[{"taxonomy":"category","embeddable":true,"href":"https:\/\/www.24baires.com\/index.php?rest_route=%2Fwp%2Fv2%2Fcategories&post=12544"},{"taxonomy":"post_tag","embeddable":true,"href":"https:\/\/www.24baires.com\/index.php?rest_route=%2Fwp%2Fv2%2Ftags&post=12544"}],"curies":[{"name":"wp","href":"https:\/\/api.w.org\/{rel}","templated":true}]}}