{"id":1254,"date":"2012-10-06T20:25:55","date_gmt":"2012-10-06T23:25:55","guid":{"rendered":"http:\/\/www.24baires.com\/?p=1254"},"modified":"2012-10-07T17:10:50","modified_gmt":"2012-10-07T20:10:50","slug":"para-mi-es-un-orgullo-ser-sucio-feo-y-malo-para-clarin","status":"publish","type":"post","link":"https:\/\/www.24baires.com\/?p=1254","title":{"rendered":"\u00abPara m\u00ed es un orgullo ser sucio, feo y malo para Clar\u00edn\u00bb"},"content":{"rendered":"<p style=\"text-align: center;\"><img data-recalc-dims=\"1\" loading=\"lazy\" decoding=\"async\" class=\"size-full wp-image-81 aligncenter\" title=\"sabbatella\" src=\"https:\/\/i0.wp.com\/www.24baires.com\/wp-content\/uploads\/2012\/09\/sabbatella.jpg?resize=560%2C335\" alt=\"\" width=\"560\" height=\"335\" srcset=\"https:\/\/i0.wp.com\/www.24baires.com\/wp-content\/uploads\/2012\/09\/sabbatella.jpg?w=560&amp;ssl=1 560w, https:\/\/i0.wp.com\/www.24baires.com\/wp-content\/uploads\/2012\/09\/sabbatella.jpg?resize=300%2C179&amp;ssl=1 300w\" sizes=\"auto, (max-width: 560px) 100vw, 560px\" \/><\/p>\n<p>El titular de la Autoridad Federal de Servicios de Comunicaci\u00f3n Audiovisual, Mart\u00edn Sabbatella, afirmo que fue convocado para \u201chacer cumplir la ley\u201d y que \u201csi no hay una adecuaci\u00f3n voluntaria luego del 7 de diciembre, se deber\u00e1n licitar las licencias que excedan lo que la ley permite, garantizando las fuentes de trabajo en la transici\u00f3n\u201d.<!--more--><\/p>\n<p>En di\u00e1logo con el programa Animal Pol\u00edtico, en AM 750, el funcionario se refiri\u00f3 a las cr\u00edticas que comenz\u00f3 a percibir por parte del diario Clar\u00edn: \u201cSi ser sucio, feo y malo es ser parte del proyecto nacional y democr\u00e1tico, para nosotros es un orgullo ser feo sucio y malo\u201d.<\/p>\n<p>\u201cAntes me premiaban por mi transparencia durante mi gesti\u00f3n como intendente de Mor\u00f3n. Ya no te premian porque se empezaron a preocupar cuando tocas los intereses de ellos mismos. Adem\u00e1s de preocuparnos por la calidad institucional, otro eje de nuestro espacio es la construcci\u00f3n de una patria justa\u201d, agreg\u00f3.<\/p>\n","protected":false},"excerpt":{"rendered":"<p>El titular de la Autoridad Federal de Servicios de Comunicaci\u00f3n Audiovisual, Mart\u00edn Sabbatella, afirmo que fue convocado para \u201chacer cumplir la ley\u201d y que \u201csi no hay una adecuaci\u00f3n voluntaria luego del 7 de diciembre, se deber\u00e1n licitar las licencias que excedan lo que la ley permite, garantizando las fuentes de trabajo en la transici\u00f3n\u201d.<\/p>\n","protected":false},"author":4,"featured_media":0,"comment_status":"open","ping_status":"open","sticky":false,"template":"","format":"standard","meta":{"_jetpack_newsletter_access":"","_jetpack_dont_email_post_to_subs":false,"_jetpack_newsletter_tier_id":0,"_jetpack_memberships_contains_paywalled_content":false,"_jetpack_memberships_contains_paid_content":false,"footnotes":""},"categories":[51],"tags":[],"class_list":["post-1254","post","type-post","status-publish","format-standard","hentry","category-politica"],"jetpack_featured_media_url":"","jetpack_shortlink":"https:\/\/wp.me\/p2JWE0-ke","jetpack-related-posts":[{"id":55249,"url":"https:\/\/www.24baires.com\/?p=55249","url_meta":{"origin":1254,"position":0},"title":"Lanata enojado, Clar\u00edn y la obediencia debida","author":"AF","date":"12\/10\/2014","format":false,"excerpt":"Se enoj\u00f3 Lanata. Suena el alerta en el Monopolio, sus empleados acuden raudos a los tel\u00e9fonos para contactar al periodista indignado y disculparse. Es que saben del esfuerzo que est\u00e1 haciendo Jorge desde hace a\u00f1os en su programa en Radio Mitre, aquella que \u00e9l mismo dijo que hab\u00eda sido adquirida\u2026","rel":"","context":"En \u00abOpini\u00f3n\u00bb","block_context":{"text":"Opini\u00f3n","link":"https:\/\/www.24baires.com\/?cat=64"},"img":{"alt_text":"lanata","src":"https:\/\/i0.wp.com\/www.24baires.com\/wp-content\/uploads\/2013\/07\/lanata.jpg?resize=350%2C200","width":350,"height":200,"srcset":"https:\/\/i0.wp.com\/www.24baires.com\/wp-content\/uploads\/2013\/07\/lanata.jpg?resize=350%2C200 1x, https:\/\/i0.wp.com\/www.24baires.com\/wp-content\/uploads\/2013\/07\/lanata.jpg?resize=525%2C300 1.5x"},"classes":[]},{"id":62586,"url":"https:\/\/www.24baires.com\/?p=62586","url_meta":{"origin":1254,"position":1},"title":"Repudian los estados de Facebook: \u00abMe siento gorda\u00bb y \u00abMe siento fea\u00bb","author":"Grupo Sierra","date":"03\/03\/2015","format":false,"excerpt":"\"Todos los d\u00edas trato de hablarme a m\u00ed misma para recordarme lo importante que soy. Por eso, cuando veo en Facebook el emotic\u00f3n de 'sentirse gordo' o 'feo', es como si me empujara otra vez a volver a pensar que ser gorda es algo malo. Gorda no es un sentimiento.\u2026","rel":"","context":"En \u00abSociedad\u00bb","block_context":{"text":"Sociedad","link":"https:\/\/www.24baires.com\/?cat=1"},"img":{"alt_text":"bulimia","src":"https:\/\/i0.wp.com\/www.24baires.com\/wp-content\/uploads\/2013\/11\/bulimia.jpg?resize=350%2C200","width":350,"height":200,"srcset":"https:\/\/i0.wp.com\/www.24baires.com\/wp-content\/uploads\/2013\/11\/bulimia.jpg?resize=350%2C200 1x, https:\/\/i0.wp.com\/www.24baires.com\/wp-content\/uploads\/2013\/11\/bulimia.jpg?resize=525%2C300 1.5x"},"classes":[]},{"id":100503,"url":"https:\/\/www.24baires.com\/?p=100503","url_meta":{"origin":1254,"position":2},"title":"Plaini: \u00abEl Gobierno quiere sindicatos d\u00e9biles\u00bb","author":"AF","date":"13\/02\/2018","format":false,"excerpt":"El titular del Sindicato de Canillitas afirm\u00f3 que hay funcionarios nacionales que est\u00e1n presionando a gremialistas para que no participen en la movilizaci\u00f3n convocada por Camioneros para el 21 de febrero. \"La actitud antisindical de este Gobierno qued\u00f3 clara desde el primer d\u00eda de su asunci\u00f3n\", subray\u00f3. El secretario general\u2026","rel":"","context":"En \u00abSociedad\u00bb","block_context":{"text":"Sociedad","link":"https:\/\/www.24baires.com\/?cat=1"},"img":{"alt_text":"","src":"https:\/\/i0.wp.com\/www.24baires.com\/wp-content\/uploads\/2016\/05\/plaini.jpg?resize=350%2C200","width":350,"height":200,"srcset":"https:\/\/i0.wp.com\/www.24baires.com\/wp-content\/uploads\/2016\/05\/plaini.jpg?resize=350%2C200 1x, https:\/\/i0.wp.com\/www.24baires.com\/wp-content\/uploads\/2016\/05\/plaini.jpg?resize=525%2C300 1.5x"},"classes":[]},{"id":37451,"url":"https:\/\/www.24baires.com\/?p=37451","url_meta":{"origin":1254,"position":3},"title":"A los 97, falleci\u00f3 Tangalanga","author":"Grupo Sierra","date":"26\/12\/2013","format":false,"excerpt":"Julio Victorio De Rissio, mejor conocido como el Doctor Tangalanga, entra\u00f1able personaje que causara las delicias de miles de personas con sus grabaciones de llamadas telef\u00f3nicas en broma, falleci\u00f3 a los 97 a\u00f1os. El popular personaje estaba internado en el Sanatorio Otamendi, seg\u00fan informa Ciudad.com, desde ayer, y falleci\u00f3 en\u2026","rel":"","context":"En \u00abSociedad\u00bb","block_context":{"text":"Sociedad","link":"https:\/\/www.24baires.com\/?cat=1"},"img":{"alt_text":"DOCTOR-TANGALANGA_CLAIMA20110416_0212_19","src":"https:\/\/i0.wp.com\/www.24baires.com\/wp-content\/uploads\/2013\/12\/DOCTOR-TANGALANGA_CLAIMA20110416_0212_19.jpg?resize=350%2C200","width":350,"height":200},"classes":[]},{"id":111167,"url":"https:\/\/www.24baires.com\/?p=111167","url_meta":{"origin":1254,"position":4},"title":"Cristina sobre la campa\u00f1a del gobierno: \u00abHicieron lo contrario a lo que prometieron\u00bb","author":"AF","date":"13\/07\/2019","format":false,"excerpt":"La precandidata a vicepresidenta del Frente de Todos present\u00f3 su libro en R\u00edo Gallegos y cuestion\u00f3 la violencia que de lanza desde el oficialismo: \"Es un discurso violento, que genera violencia\". Cristina Kirchner present\u00f3 su libro \"Sinceramente\" en Santa Cruz. La candidata a vicepresidenta del Frente de Todos protagoniz\u00f3 el\u2026","rel":"","context":"En \u00abPol\u00edtica\u00bb","block_context":{"text":"Pol\u00edtica","link":"https:\/\/www.24baires.com\/?cat=51"},"img":{"alt_text":"","src":"https:\/\/i0.wp.com\/www.24baires.com\/wp-content\/uploads\/2019\/05\/cristina-sinceramente.jpeg?resize=350%2C200","width":350,"height":200,"srcset":"https:\/\/i0.wp.com\/www.24baires.com\/wp-content\/uploads\/2019\/05\/cristina-sinceramente.jpeg?resize=350%2C200 1x, https:\/\/i0.wp.com\/www.24baires.com\/wp-content\/uploads\/2019\/05\/cristina-sinceramente.jpeg?resize=525%2C300 1.5x"},"classes":[]},{"id":33878,"url":"https:\/\/www.24baires.com\/?p=33878","url_meta":{"origin":1254,"position":5},"title":"Massismo y pasado, sin\u00f3nimos del presente","author":"AF","date":"21\/10\/2013","format":false,"excerpt":"Sergio Massa tiene unos conceptos muy interesantes sobre el pasado y, por ende, sobre el presente y el futuro. Son interesantes y novedosos, porque son un tanto extra\u00f1os, de hecho hasta llaman la atenci\u00f3n por su singularidad. En cualquier diccionario, o en Google, una de las acepciones de \u2018pasado\u2019 es\u2026","rel":"","context":"En \u00abOpini\u00f3n\u00bb","block_context":{"text":"Opini\u00f3n","link":"https:\/\/www.24baires.com\/?cat=64"},"img":{"alt_text":"massa","src":"https:\/\/i0.wp.com\/www.24baires.com\/wp-content\/uploads\/2013\/10\/massa.jpg?resize=350%2C200","width":350,"height":200,"srcset":"https:\/\/i0.wp.com\/www.24baires.com\/wp-content\/uploads\/2013\/10\/massa.jpg?resize=350%2C200 1x, https:\/\/i0.wp.com\/www.24baires.com\/wp-content\/uploads\/2013\/10\/massa.jpg?resize=525%2C300 1.5x"},"classes":[]}],"jetpack_sharing_enabled":true,"jetpack_likes_enabled":true,"_links":{"self":[{"href":"https:\/\/www.24baires.com\/index.php?rest_route=\/wp\/v2\/posts\/1254","targetHints":{"allow":["GET"]}}],"collection":[{"href":"https:\/\/www.24baires.com\/index.php?rest_route=\/wp\/v2\/posts"}],"about":[{"href":"https:\/\/www.24baires.com\/index.php?rest_route=\/wp\/v2\/types\/post"}],"author":[{"embeddable":true,"href":"https:\/\/www.24baires.com\/index.php?rest_route=\/wp\/v2\/users\/4"}],"replies":[{"embeddable":true,"href":"https:\/\/www.24baires.com\/index.php?rest_route=%2Fwp%2Fv2%2Fcomments&post=1254"}],"version-history":[{"count":0,"href":"https:\/\/www.24baires.com\/index.php?rest_route=\/wp\/v2\/posts\/1254\/revisions"}],"wp:attachment":[{"href":"https:\/\/www.24baires.com\/index.php?rest_route=%2Fwp%2Fv2%2Fmedia&parent=1254"}],"wp:term":[{"taxonomy":"category","embeddable":true,"href":"https:\/\/www.24baires.com\/index.php?rest_route=%2Fwp%2Fv2%2Fcategories&post=1254"},{"taxonomy":"post_tag","embeddable":true,"href":"https:\/\/www.24baires.com\/index.php?rest_route=%2Fwp%2Fv2%2Ftags&post=1254"}],"curies":[{"name":"wp","href":"https:\/\/api.w.org\/{rel}","templated":true}]}}