{"id":12521,"date":"2013-01-17T10:00:48","date_gmt":"2013-01-17T13:00:48","guid":{"rendered":"http:\/\/www.24baires.com\/?p=12521"},"modified":"2013-01-17T10:21:46","modified_gmt":"2013-01-17T13:21:46","slug":"guardavidas-de-pinamar-confirmaron-el-paro-para-el-proximo-sabado-19","status":"publish","type":"post","link":"https:\/\/www.24baires.com\/?p=12521","title":{"rendered":"Guardavidas de Pinamar confirmaron el paro para el pr\u00f3ximo s\u00e1bado 19"},"content":{"rendered":"<p><a href=\"http:\/\/www.24baires.com\/sociedad\/12521-guardavidas-de-pinamar-confirmaron-el-paro-para-el-proximo-sabado-19\/attachment\/guardavidas-de-paro\/\" rel=\"attachment wp-att-12522\"><img data-recalc-dims=\"1\" loading=\"lazy\" decoding=\"async\" class=\"alignleft size-medium wp-image-12522\" alt=\"guardavidas de paro\" src=\"https:\/\/i0.wp.com\/www.24baires.com\/wp-content\/uploads\/2013\/01\/guardavidas-de-paro.jpg?resize=300%2C221\" width=\"300\" height=\"221\" srcset=\"https:\/\/i0.wp.com\/www.24baires.com\/wp-content\/uploads\/2013\/01\/guardavidas-de-paro.jpg?resize=300%2C221&amp;ssl=1 300w, https:\/\/i0.wp.com\/www.24baires.com\/wp-content\/uploads\/2013\/01\/guardavidas-de-paro.jpg?w=321&amp;ssl=1 321w\" sizes=\"auto, (max-width: 300px) 100vw, 300px\" \/><\/a>Este s\u00e1bado 19 de enero, los guardavidad de Pinamar realizar\u00e1n un paro de actividades. El reclamo es por el cumplimiento de las normas laborales que rigen en la actividad y denuncian tambi\u00e9n que la mayor\u00eda de los puestos no cuentan con los elementos de seguridad m\u00ednimos e indispensables.<!--more--><br \/>\nLos guardavidas de Pinamar realizar\u00e1n un paro total de actividades el pr\u00f3ximo s\u00e1bado 19 de enero para reclamar el cumplimiento de las normas laborales que rigen la actividad.<br \/>\nLa medida de fuerza fue anunciada por la Asociaci\u00f3n de Guardavidas de Pinamar que denuncian que \u201cpersiste desde hace a\u00f1os un grave incumplimiento de las normas de guardavidas por parte de los balnearios y paradores\u201d.<br \/>\nAdem\u00e1s destacan que hay \u201cm\u00e1s de 20 balnearios sin guardavidas y que el 80 por ciento de los puestos no cuentan con los elementos de seguridad m\u00ednimos y obligatorios generando un perjuicio directo a los trabajadores y un peligro para la seguridad de la comunidad\u201d.<br \/>\nEntre esos reclamos est\u00e1n pidiendo aumento salarial, el pago de sueldos atrasados y mal liquidados, eliminaci\u00f3n de contratos ilegales, entre otros puntos.<br \/>\nDesde la Asociaci\u00f3n denunciaron que \u201clas autoridades municipales contin\u00faan con la caprichosa y arbitraria negativa a negociar paritarias hoy y postergarlas hasta despu\u00e9s de la temporada\u201d y que \u201cla \u00fanica propuesta que recibimos es un salario inferior al ya vigente\u201d y manifestaron que hacen \u201cresponsables de esta situaci\u00f3n, como lo que pueda ocurrir, a los empresarios ocupantes del frente mar\u00edtimo de Pinamar\u201d como tambi\u00e9n pidieron \u201ccomprensi\u00f3n de la poblaci\u00f3n ya que esta medida es para mejorar la seguridad de todos\u201d.<\/p>\n<p>&nbsp;<\/p>\n<p>&nbsp;<\/p>\n<p>&nbsp;<\/p>\n<p>&nbsp;<\/p>\n<p>&nbsp;<\/p>\n<p>&nbsp;<\/p>\n<p>&nbsp;<\/p>\n<p>&nbsp;<\/p>\n<p>&nbsp;<\/p>\n<p>&nbsp;<\/p>\n<p>&nbsp;<\/p>\n<p>&nbsp;<\/p>\n<p>&nbsp;<\/p>\n<p>&nbsp;<\/p>\n<p>&nbsp;<\/p>\n<p>&nbsp;<\/p>\n","protected":false},"excerpt":{"rendered":"<p>Este s\u00e1bado 19 de enero, los guardavidad de Pinamar realizar\u00e1n un paro de actividades. El reclamo es por el cumplimiento de las normas laborales que rigen en la actividad y denuncian tambi\u00e9n que la mayor\u00eda de los puestos no cuentan con los elementos de seguridad m\u00ednimos e indispensables.<\/p>\n","protected":false},"author":4,"featured_media":0,"comment_status":"open","ping_status":"open","sticky":false,"template":"","format":"standard","meta":{"_jetpack_newsletter_access":"","_jetpack_dont_email_post_to_subs":false,"_jetpack_newsletter_tier_id":0,"_jetpack_memberships_contains_paywalled_content":false,"_jetpack_memberships_contains_paid_content":false,"footnotes":""},"categories":[1],"tags":[],"class_list":["post-12521","post","type-post","status-publish","format-standard","hentry","category-sociedad"],"jetpack_featured_media_url":"","jetpack_shortlink":"https:\/\/wp.me\/p2JWE0-3fX","jetpack-related-posts":[{"id":38366,"url":"https:\/\/www.24baires.com\/?p=38366","url_meta":{"origin":12521,"position":0},"title":"Domingo sin guardavidas en Pinamar","author":"GB","date":"12\/01\/2014","format":false,"excerpt":"Los trabajadores denuncian \"grave incumplimiento\" de las normas laborales. Advierten que faltan elementos de trabajo. Destacan que la falta de estos objetos genera gran peligro para toda la comunidad. Ponen en manifiesto que en 20 balnearios del distrito \"no hay guardavidas\". La Asociaci\u00f3n de Guardavidas de Pinamar anunci\u00f3 que este\u2026","rel":"","context":"En \u00abLocales\u00bb","block_context":{"text":"Locales","link":"https:\/\/www.24baires.com\/?cat=38"},"img":{"alt_text":"","src":"","width":0,"height":0},"classes":[]},{"id":12216,"url":"https:\/\/www.24baires.com\/?p=12216","url_meta":{"origin":12521,"position":1},"title":"En Pinamar los guardavidas ya decidieron volver a parar el s\u00e1bado pr\u00f3ximo","author":"AF","date":"15\/01\/2013","format":false,"excerpt":"La Asociaci\u00f3n de Guardavidas de Pinamar (AGP) volver\u00e1 a realizar un cese total de actividades el s\u00e1bado 19, para reclamar que se resuelva la situaci\u00f3n de los m\u00e1s de \u201c20 balnearios sin guardavidas\u201d, y para pedir que las paritarias se realicen antes de que finalice la temporada. En un comunicado\u2026","rel":"","context":"En \u00abSociedad\u00bb","block_context":{"text":"Sociedad","link":"https:\/\/www.24baires.com\/?cat=1"},"img":{"alt_text":"","src":"","width":0,"height":0},"classes":[]},{"id":38313,"url":"https:\/\/www.24baires.com\/?p=38313","url_meta":{"origin":12521,"position":2},"title":"Pinamar: conciliaci\u00f3n obligatoria en el conflicto de los guardavidas","author":"Grupo Sierra","date":"11\/01\/2014","format":false,"excerpt":"El ministerio de Trabajo de la provincia de Buenos Aires lo dict\u00f3 en la puja que se mantiene entre la Asociaci\u00f3n de Guardavidas del partido de Pinamar, la asociaci\u00f3n de Concesionarios de Unidades Tur\u00edsticas Fiscales del partido de Pinamar y la Municipalidad de Pinamar. El encuentro se realiz\u00f3 en la\u2026","rel":"","context":"En \u00abLocales\u00bb","block_context":{"text":"Locales","link":"https:\/\/www.24baires.com\/?cat=38"},"img":{"alt_text":"","src":"","width":0,"height":0},"classes":[]},{"id":113974,"url":"https:\/\/www.24baires.com\/?p=113974","url_meta":{"origin":12521,"position":3},"title":"Guardavidas de Pinamar paran este viernes","author":"AF","date":"30\/01\/2020","format":false,"excerpt":"La Asociaci\u00f3n de Guardavidas asegur\u00f3 que cobran el mismo sueldo de diciembre de 2018. Reclaman adem\u00e1s que se cumpla con las dotaciones m\u00ednimas de personal para esta \u00e9poca de fuerte afluencia de turistas. La temporada en la Costa Atl\u00e1ntica es de las mejores en muchos a\u00f1os sin embargo ello no\u2026","rel":"","context":"En \u00abLocales\u00bb","block_context":{"text":"Locales","link":"https:\/\/www.24baires.com\/?cat=38"},"img":{"alt_text":"","src":"https:\/\/i0.wp.com\/www.24baires.com\/wp-content\/uploads\/2016\/01\/guardavidas.jpg?resize=350%2C200","width":350,"height":200,"srcset":"https:\/\/i0.wp.com\/www.24baires.com\/wp-content\/uploads\/2016\/01\/guardavidas.jpg?resize=350%2C200 1x, https:\/\/i0.wp.com\/www.24baires.com\/wp-content\/uploads\/2016\/01\/guardavidas.jpg?resize=525%2C300 1.5x"},"classes":[]},{"id":11850,"url":"https:\/\/www.24baires.com\/?p=11850","url_meta":{"origin":12521,"position":4},"title":"Guardavidas de Pinamar advierten que seguir\u00e1n parando de no mejorarse su situaci\u00f3n","author":"AF","date":"11\/01\/2013","format":false,"excerpt":"Las playas de Pinamar estuvieron el \u00faltimo jueves sin guardacostas por un conflicto gremial que podr\u00eda agravarse, haciendo peligrar la temporada en esa localidad balnearia. El secretario adjunto de la Asociaci\u00f3n de Guardavidas de Pinamar (AGP), Fernando Espinach, explic\u00f3 los motivos por los que llevan adelante las protestas, que incluyen\u2026","rel":"","context":"En \u00abSociedad\u00bb","block_context":{"text":"Sociedad","link":"https:\/\/www.24baires.com\/?cat=1"},"img":{"alt_text":"","src":"","width":0,"height":0},"classes":[]},{"id":78169,"url":"https:\/\/www.24baires.com\/?p=78169","url_meta":{"origin":12521,"position":5},"title":"Guardavidas de Pinamar parar\u00e1n este jueves reclamando subas salariales","author":"AF","date":"27\/01\/2016","format":false,"excerpt":"La Asociaci\u00f3n de Guardavidas de Pinamar anunci\u00f3 un paro de actividades para el jueves en reclamo de un aumento salarial y recomend\u00f3 a los turistas \"no meterse al mar\" mientras dure la huelga. La entidad convoc\u00f3 a sumarse a la medida de fuerza a \"todos los trabajadores afectados por la\u2026","rel":"","context":"En \u00abSociedad\u00bb","block_context":{"text":"Sociedad","link":"https:\/\/www.24baires.com\/?cat=1"},"img":{"alt_text":"guardavidas","src":"https:\/\/i0.wp.com\/www.24baires.com\/wp-content\/uploads\/2016\/01\/guardavidas.jpg?resize=350%2C200","width":350,"height":200,"srcset":"https:\/\/i0.wp.com\/www.24baires.com\/wp-content\/uploads\/2016\/01\/guardavidas.jpg?resize=350%2C200 1x, https:\/\/i0.wp.com\/www.24baires.com\/wp-content\/uploads\/2016\/01\/guardavidas.jpg?resize=525%2C300 1.5x"},"classes":[]}],"jetpack_sharing_enabled":true,"jetpack_likes_enabled":true,"_links":{"self":[{"href":"https:\/\/www.24baires.com\/index.php?rest_route=\/wp\/v2\/posts\/12521","targetHints":{"allow":["GET"]}}],"collection":[{"href":"https:\/\/www.24baires.com\/index.php?rest_route=\/wp\/v2\/posts"}],"about":[{"href":"https:\/\/www.24baires.com\/index.php?rest_route=\/wp\/v2\/types\/post"}],"author":[{"embeddable":true,"href":"https:\/\/www.24baires.com\/index.php?rest_route=\/wp\/v2\/users\/4"}],"replies":[{"embeddable":true,"href":"https:\/\/www.24baires.com\/index.php?rest_route=%2Fwp%2Fv2%2Fcomments&post=12521"}],"version-history":[{"count":3,"href":"https:\/\/www.24baires.com\/index.php?rest_route=\/wp\/v2\/posts\/12521\/revisions"}],"predecessor-version":[{"id":12525,"href":"https:\/\/www.24baires.com\/index.php?rest_route=\/wp\/v2\/posts\/12521\/revisions\/12525"}],"wp:attachment":[{"href":"https:\/\/www.24baires.com\/index.php?rest_route=%2Fwp%2Fv2%2Fmedia&parent=12521"}],"wp:term":[{"taxonomy":"category","embeddable":true,"href":"https:\/\/www.24baires.com\/index.php?rest_route=%2Fwp%2Fv2%2Fcategories&post=12521"},{"taxonomy":"post_tag","embeddable":true,"href":"https:\/\/www.24baires.com\/index.php?rest_route=%2Fwp%2Fv2%2Ftags&post=12521"}],"curies":[{"name":"wp","href":"https:\/\/api.w.org\/{rel}","templated":true}]}}