{"id":1251,"date":"2012-10-06T20:15:48","date_gmt":"2012-10-06T23:15:48","guid":{"rendered":"http:\/\/www.24baires.com\/?p=1251"},"modified":"2012-10-06T20:15:48","modified_gmt":"2012-10-06T23:15:48","slug":"lanzan-el-canal-digital-abierto-de-la-unlp-con-un-programa-de-produccion-propia","status":"publish","type":"post","link":"https:\/\/www.24baires.com\/?p=1251","title":{"rendered":"Lanzan el Canal Digital Abierto de la UNLP con un programa de producci\u00f3n propia"},"content":{"rendered":"<p><img data-recalc-dims=\"1\" loading=\"lazy\" decoding=\"async\" class=\"alignleft size-medium wp-image-1252\" title=\"tv universidad la plata\" src=\"https:\/\/i0.wp.com\/www.24baires.com\/wp-content\/uploads\/2012\/10\/tv-universidad-la-plata.jpg?resize=300%2C178\" alt=\"\" width=\"300\" height=\"178\" srcset=\"https:\/\/i0.wp.com\/www.24baires.com\/wp-content\/uploads\/2012\/10\/tv-universidad-la-plata.jpg?resize=300%2C178&amp;ssl=1 300w, https:\/\/i0.wp.com\/www.24baires.com\/wp-content\/uploads\/2012\/10\/tv-universidad-la-plata.jpg?w=560&amp;ssl=1 560w\" sizes=\"auto, (max-width: 300px) 100vw, 300px\" \/>Finalizada ya la etapa de pruebas y ajustes t\u00e9cnicos de la se\u00f1al de la Televisi\u00f3n Digital Abierta, la Universidad podr\u00e1 al aire el primer programa de producci\u00f3n propia. Ser\u00e1 un magazine de actualidad que ir\u00e1 de lunes a viernes de 13 a 15 que se llamar\u00e1 \u201cPlaza 56\u201d.<!--more--><\/p>\n<p>&nbsp;<\/p>\n<p>Con la conducci\u00f3n de los periodistas Cora Quiroga y Carlos Mamberti, el primer programa de la se\u00f1al de la Universidad Nacional de La Plata (UNLP) se llamar\u00e1 \u201cPlaza 56\u201d. Tendr\u00e1 un formato de mazagine con noticias de actualidad que se emitir\u00e1 de lunes a viernes de 13 a 15.<\/p>\n<p>Desde TV Universidad explicaron que el programa contar\u00e1 con un financiamiento especial del Instituto Nacional de Cine y Artes Audiovisuales (INCAA). En referencia al resto de la programaci\u00f3n, adelantaron que ya se est\u00e1 trasmitiendo, en el marco de Futbol Para Todos, los partidos de los clubes platenses, Estudiantes y Gimnasia.<\/p>\n<p>Adem\u00e1s ya se ha avanzado en diferentes producciones propias \u2013informativos y programas de ficci\u00f3n- para incorporar a la grilla. La programaci\u00f3n se completar\u00e1 con materiales aportados por el Banco Audiovisual de Contenidos Universales Argentino (BACUA), al cual la UNLP tiene acceso como parte integrante del Consejo Federal de Televisi\u00f3n P\u00fablica.<\/p>\n<p>TV Universidad puede verse a trav\u00e9s del sistema de Televisi\u00f3n Digital Abierta, que provee una amplia oferta televisiva en forma gratuita a todo el pa\u00eds. Para sintonizar el canal 56 desde cualquier hogar, s\u00f3lo es necesario contar con un aparato decodificador de Televisi\u00f3n Digital Terrestre y, en caso de ser necesario, una antena UHF.<\/p>\n<p>En los \u00faltimos d\u00edas se complet\u00f3 la instalaci\u00f3n del equipamiento de alta definici\u00f3n que fue aportado por el Gobierno Nacional. De esta manera, la UNLP se transforma en la primera casa de estudios del pa\u00eds en contar con un canal de TV con capacidad para transmitir en formato de Alta Definici\u00f3n o HD.<\/p>\n<p>Con el estudio ya montado y la antena propia instalada sobre el edificio de Humanidades, el canal 56 inici\u00f3 hace dos meses sus trasmisiones de prueba con el objetivo de poder chequear la calidad de recepci\u00f3n en la ciudad y en la periferia.<\/p>\n","protected":false},"excerpt":{"rendered":"<p>Finalizada ya la etapa de pruebas y ajustes t\u00e9cnicos de la se\u00f1al de la Televisi\u00f3n Digital Abierta, la Universidad podr\u00e1 al aire el primer programa de producci\u00f3n propia. Ser\u00e1 un magazine de actualidad que ir\u00e1 de lunes a viernes de 13 a 15 que se llamar\u00e1 \u201cPlaza 56\u201d.<\/p>\n","protected":false},"author":11,"featured_media":0,"comment_status":"open","ping_status":"open","sticky":false,"template":"","format":"standard","meta":{"_jetpack_newsletter_access":"","_jetpack_dont_email_post_to_subs":false,"_jetpack_newsletter_tier_id":0,"_jetpack_memberships_contains_paywalled_content":false,"_jetpack_memberships_contains_paid_content":false,"footnotes":""},"categories":[54],"tags":[],"class_list":["post-1251","post","type-post","status-publish","format-standard","hentry","category-medios"],"jetpack_featured_media_url":"","jetpack_shortlink":"https:\/\/wp.me\/p2JWE0-kb","jetpack-related-posts":[{"id":38198,"url":"https:\/\/www.24baires.com\/?p=38198","url_meta":{"origin":1251,"position":0},"title":"Desde la Universidad de La Plata realizar\u00e1n un Talk Show","author":"Grupo Sierra","date":"09\/01\/2014","format":false,"excerpt":"La se\u00f1al televisiva de la Universidad Nacional de La Plata, TV Universidad, gan\u00f3 un concurso del Consejo Interuniversitario Nacional (CIN) para la realizaci\u00f3n de un Talk Show llamado Asuntos Mayores y ser\u00e1 emitido en el canal ACUA MAYOR. El certamen se enmarca en la implementaci\u00f3n de la TV Digital Abierta.\u2026","rel":"","context":"En \u00abLocales\u00bb","block_context":{"text":"Locales","link":"https:\/\/www.24baires.com\/?cat=38"},"img":{"alt_text":"","src":"","width":0,"height":0},"classes":[]},{"id":28959,"url":"https:\/\/www.24baires.com\/?p=28959","url_meta":{"origin":1251,"position":1},"title":"El canal digital de la UNLP inici\u00f3 la grilla oficial","author":"AF","date":"26\/07\/2013","format":false,"excerpt":"La se\u00f1al que se transmite por TDA abandon\u00f3 el modo de prueba y apuesta a producir ficciones, producciones cient\u00edficas y contenidos de divulgaci\u00f3n, infantil y educativa. El coordinador de Desarrollo del canal digital de la Universidad de La Plata, Luciano Sanguinetti revel\u00f3 que el canal digital de la UNLP dio\u2026","rel":"","context":"En \u00abMedios\u00bb","block_context":{"text":"Medios","link":"https:\/\/www.24baires.com\/?cat=54"},"img":{"alt_text":"canal unlp","src":"https:\/\/i0.wp.com\/www.24baires.com\/wp-content\/uploads\/2013\/07\/canal-unlp.jpg?resize=350%2C200","width":350,"height":200},"classes":[]},{"id":40562,"url":"https:\/\/www.24baires.com\/?p=40562","url_meta":{"origin":1251,"position":2},"title":"La Plata: familiares de Omar Cigar\u00e1n organizaron una marcha contra el gatillo f\u00e1cil","author":"Grupo Sierra","date":"17\/02\/2014","format":false,"excerpt":"LA PLATA- La familia del adolescente asesinado hace un a\u00f1o por un polic\u00eda de la Bonaerense, se movilizar\u00e1 este lunes en reclamo de justicia junto a la Asociaci\u00f3n Miguel Bru, la Facultad de Periodismo de la UNLP y varias organizaciones. Denuncian graves irregularidades en la investigaci\u00f3n y rechazan los intentos\u2026","rel":"","context":"En \u00abJUDICIALES\u00bb","block_context":{"text":"JUDICIALES","link":"https:\/\/www.24baires.com\/?cat=68"},"img":{"alt_text":"","src":"","width":0,"height":0},"classes":[]},{"id":101615,"url":"https:\/\/www.24baires.com\/?p=101615","url_meta":{"origin":1251,"position":3},"title":"\u201cLos universitarios queremos presupuestos que no s\u00f3lo acompa\u00f1en la inflaci\u00f3n\u201d","author":"GB","date":"16\/04\/2018","format":false,"excerpt":"Lo consider\u00f3 Mart\u00edn L\u00f3pez Armengol, exdecano de Econ\u00f3micas y pr\u00f3ximo vicepresidente de la Universidad Nacional de La Plata. El s\u00e1bado, la Asamblea Universitaria eligi\u00f3 a Fernando Tauber como rector por una ampl\u00edsima mayor\u00eda. \u201cEs una universidad que dej\u00f3 de estar divida\u201d, se\u00f1al\u00f3. Con la elecci\u00f3n por abrumadora mayor\u00eda del arquitecto\u2026","rel":"","context":"En \u00abPol\u00edtica\u00bb","block_context":{"text":"Pol\u00edtica","link":"https:\/\/www.24baires.com\/?cat=51"},"img":{"alt_text":"","src":"https:\/\/i0.wp.com\/www.24baires.com\/wp-content\/uploads\/2018\/04\/universitarios.jpg?resize=350%2C200","width":350,"height":200,"srcset":"https:\/\/i0.wp.com\/www.24baires.com\/wp-content\/uploads\/2018\/04\/universitarios.jpg?resize=350%2C200 1x, https:\/\/i0.wp.com\/www.24baires.com\/wp-content\/uploads\/2018\/04\/universitarios.jpg?resize=525%2C300 1.5x"},"classes":[]},{"id":71113,"url":"https:\/\/www.24baires.com\/?p=71113","url_meta":{"origin":1251,"position":4},"title":"La Plata marcha reclamando la aparici\u00f3n de la estudiante desaparecida","author":"AF","date":"25\/08\/2015","format":false,"excerpt":"La Universidad Nacional de La Plata (UNLP) convoca a la comunidad a participar de la movilizaci\u00f3n prevista para este martes a las 14 horas, para reclamar la aparici\u00f3n de Rut \u00c1vila Zambrana, la joven estudiante de Ingenier\u00eda que se encuentra desaparecida desde el pasado martes 18 de agosto. La marcha,\u2026","rel":"","context":"En \u00abLocales\u00bb","block_context":{"text":"Locales","link":"https:\/\/www.24baires.com\/?cat=38"},"img":{"alt_text":"rut zambrana","src":"https:\/\/i0.wp.com\/www.24baires.com\/wp-content\/uploads\/2015\/08\/rut-zambrana.png?resize=350%2C200","width":350,"height":200},"classes":[]},{"id":41036,"url":"https:\/\/www.24baires.com\/?p=41036","url_meta":{"origin":1251,"position":5},"title":"La Plata: beneficiarios de PROGRESAR ya pueden anotarse en la Universidad","author":"Grupo Sierra","date":"24\/02\/2014","format":false,"excerpt":"Las Facultades de Humanidades y Ciencias de la Educaci\u00f3n y de Trabajo Social de la Universidad Nacional de La Plata (UNLP), reabrieron la inscripci\u00f3n para los j\u00f3venes beneficiarios del programa PROG.R.ES.AR. El plazo se extender\u00e1 desde hoy lunes 24, hasta el 28 de febrero inclusive. La inscripci\u00f3n en la Facultad\u2026","rel":"","context":"En \u00abGeneral\u00bb","block_context":{"text":"General","link":"https:\/\/www.24baires.com\/?cat=67"},"img":{"alt_text":"","src":"","width":0,"height":0},"classes":[]}],"jetpack_sharing_enabled":true,"jetpack_likes_enabled":true,"_links":{"self":[{"href":"https:\/\/www.24baires.com\/index.php?rest_route=\/wp\/v2\/posts\/1251","targetHints":{"allow":["GET"]}}],"collection":[{"href":"https:\/\/www.24baires.com\/index.php?rest_route=\/wp\/v2\/posts"}],"about":[{"href":"https:\/\/www.24baires.com\/index.php?rest_route=\/wp\/v2\/types\/post"}],"author":[{"embeddable":true,"href":"https:\/\/www.24baires.com\/index.php?rest_route=\/wp\/v2\/users\/11"}],"replies":[{"embeddable":true,"href":"https:\/\/www.24baires.com\/index.php?rest_route=%2Fwp%2Fv2%2Fcomments&post=1251"}],"version-history":[{"count":0,"href":"https:\/\/www.24baires.com\/index.php?rest_route=\/wp\/v2\/posts\/1251\/revisions"}],"wp:attachment":[{"href":"https:\/\/www.24baires.com\/index.php?rest_route=%2Fwp%2Fv2%2Fmedia&parent=1251"}],"wp:term":[{"taxonomy":"category","embeddable":true,"href":"https:\/\/www.24baires.com\/index.php?rest_route=%2Fwp%2Fv2%2Fcategories&post=1251"},{"taxonomy":"post_tag","embeddable":true,"href":"https:\/\/www.24baires.com\/index.php?rest_route=%2Fwp%2Fv2%2Ftags&post=1251"}],"curies":[{"name":"wp","href":"https:\/\/api.w.org\/{rel}","templated":true}]}}