{"id":12450,"date":"2013-01-16T14:50:34","date_gmt":"2013-01-16T17:50:34","guid":{"rendered":"http:\/\/www.24baires.com\/?p=12450"},"modified":"2013-01-16T14:50:41","modified_gmt":"2013-01-16T17:50:41","slug":"bajan-los-precios-de-alquileres-en-la-costa-para-atraer-aun-mas-turistas","status":"publish","type":"post","link":"https:\/\/www.24baires.com\/?p=12450","title":{"rendered":"Bajan los precios de alquileres en la Costa para atraer a\u00fan m\u00e1s turistas"},"content":{"rendered":"<p><a href=\"http:\/\/www.24baires.com\/sociedad\/12450-bajan-los-precios-de-alquileres-en-la-costa-para-atraer-aun-mas-turistas\/attachment\/alquiler-costa\/\" rel=\"attachment wp-att-12451\"><img data-recalc-dims=\"1\" loading=\"lazy\" decoding=\"async\" class=\"alignleft size-medium wp-image-12451\" alt=\"alquiler costa\" src=\"https:\/\/i0.wp.com\/www.24baires.com\/wp-content\/uploads\/2013\/01\/alquiler-costa.jpg?resize=300%2C199\" width=\"300\" height=\"199\" srcset=\"https:\/\/i0.wp.com\/www.24baires.com\/wp-content\/uploads\/2013\/01\/alquiler-costa.jpg?resize=300%2C199&amp;ssl=1 300w, https:\/\/i0.wp.com\/www.24baires.com\/wp-content\/uploads\/2013\/01\/alquiler-costa.jpg?w=500&amp;ssl=1 500w\" sizes=\"auto, (max-width: 300px) 100vw, 300px\" \/><\/a>Los precios de las rentas de casas y en edificios cayeron un 10%, con la intenci\u00f3n de atraer m\u00e1s turistas. Confirman que enero es bastante bueno, pero esperan que sea a\u00fan m\u00e1s fuerte.<!--more--><br \/>\nLos precios de los alquileres en la Costa Atl\u00e1ntica bonaerense empezaron a bajar un promedio del 10% para la segunda quincena de enero, como consecuencia de una menor ocupaci\u00f3n a la esperada que se dio tanto en departamentos como en casas en la primera parte del a\u00f1o.<\/p>\n<p>As\u00ed lo confirmaron fuentes del sector privado y el propio Secretario de Turismo de la provincia de Buenos Aires, Ignacio Crotto, quien explic\u00f3: \u00abLas expectativas eran muy altas. Lo que pas\u00f3 es que en algunos casos se excedieron los precios de los alquileres que se ped\u00edan por casas y departamentos tanto en inmobiliarias como particulares y eso desalent\u00f3 a algunos veraneantes; pero la temporada es buena\u00bb.<\/p>\n<p>El funcionario aclar\u00f3: \u00abLos sectores agrupados en c\u00e1maras empresarias del sector privado como hoteleros, gastron\u00f3micos y balnearios tuvieron subas alineadas con los incrementos salariales, tal como acordamos con el gobernador Daniel Scioli antes de que empiece la temporada\u00bb.<\/p>\n<p>\u00abEl clima es determinante para el \u00e9xito o no de una temporada y la primera semana del mes no fue buena. Pero esperamos una mejor segunda quincena. Los d\u00edas de lluvia de principios de mes hicieron que se cayeran reservas y que algunas familias decidieran volverse antes\u00bb, agreg\u00f3.<\/p>\n<p>Los n\u00fameros oficiales muestran que el fin de semana de a\u00f1o nuevo fue muy bueno y que la primera quincena fue muy similar a la de 2012.<\/p>\n<p>\u00abEstoy seguro que la segunda quincena, si el tiempo acompa\u00f1a, va a ser mejor que la primera y mejor que la segunda del a\u00f1o pasado\u00bb, agreg\u00f3 el secretario de Turismo bonaerense.<\/p>\n<p>El funcionario remarc\u00f3 que hay una diversidad de precios y de oferta muy grandes. \u00abQueremos que a los privados les vaya bien pero que no haya un abuso con los precios. Esperamos que el clima acompa\u00f1e\u00bb.<\/p>\n<p>Lo que confirman tanto privados como Crotto es un comportamiento m\u00e1s \u00abgasolero\u00bb de los turistas.<\/p>\n<p>&nbsp;<\/p>\n<p>&nbsp;<\/p>\n<p>&nbsp;<\/p>\n<p>&nbsp;<\/p>\n<p>&nbsp;<\/p>\n<p>&nbsp;<\/p>\n<p>&nbsp;<\/p>\n<p>&nbsp;<\/p>\n<p>&nbsp;<\/p>\n<p>&nbsp;<\/p>\n<p>&nbsp;<\/p>\n<p>&nbsp;<\/p>\n<p>&nbsp;<\/p>\n<p>&nbsp;<\/p>\n","protected":false},"excerpt":{"rendered":"<p>Los precios de las rentas de casas y en edificios cayeron un 10%, con la intenci\u00f3n de atraer m\u00e1s turistas. Confirman que enero es bastante bueno, pero esperan que sea a\u00fan m\u00e1s fuerte.<\/p>\n","protected":false},"author":4,"featured_media":0,"comment_status":"open","ping_status":"open","sticky":false,"template":"","format":"standard","meta":{"_jetpack_newsletter_access":"","_jetpack_dont_email_post_to_subs":false,"_jetpack_newsletter_tier_id":0,"_jetpack_memberships_contains_paywalled_content":false,"_jetpack_memberships_contains_paid_content":false,"footnotes":""},"categories":[1],"tags":[],"class_list":["post-12450","post","type-post","status-publish","format-standard","hentry","category-sociedad"],"jetpack_featured_media_url":"","jetpack_shortlink":"https:\/\/wp.me\/p2JWE0-3eO","jetpack-related-posts":[{"id":12335,"url":"https:\/\/www.24baires.com\/?p=12335","url_meta":{"origin":12450,"position":0},"title":"Bajaron los alquileres de departamentos en la Costa bonaerense en la 2da.Quincena estival","author":"Grupo Sierra","date":"15\/01\/2013","format":false,"excerpt":"Los precios de las rentas de casas y en edificios cayeron un 10%, con la intenci\u00f3n de atraer m\u00e1s turistas. Confirman que enero es bastante bueno, pero esperan que sea a\u00fan m\u00e1s fuerte. Los precios de los alquileres en la Costa Atl\u00e1ntica bonaerense empezaron a bajar un promedio del 10%\u2026","rel":"","context":"En \u00abEconom\u00eda\u00bb","block_context":{"text":"Econom\u00eda","link":"https:\/\/www.24baires.com\/?cat=45"},"img":{"alt_text":"","src":"","width":0,"height":0},"classes":[]},{"id":87561,"url":"https:\/\/www.24baires.com\/?p=87561","url_meta":{"origin":12450,"position":1},"title":"Buscan ponerle un tope al aumento de alquileres en la Costa","author":"AF","date":"15\/09\/2016","format":false,"excerpt":"Tras la mala temporada de 2016, los municipios de los principales balnearios bonaerenses intentan mostrarse competitivos respecto a los destinos del exterior. El objetivo es que los hoteles, en tanto, tengan una suba m\u00e1xima del 25% y las carpas no superen el 20%. Con la llegada del mes de la\u2026","rel":"","context":"En \u00abEconom\u00eda\u00bb","block_context":{"text":"Econom\u00eda","link":"https:\/\/www.24baires.com\/?cat=45"},"img":{"alt_text":"balneario costa playa","src":"https:\/\/i0.wp.com\/www.24baires.com\/wp-content\/uploads\/2014\/12\/balneario-costa-playa.jpg?resize=350%2C200","width":350,"height":200,"srcset":"https:\/\/i0.wp.com\/www.24baires.com\/wp-content\/uploads\/2014\/12\/balneario-costa-playa.jpg?resize=350%2C200 1x, https:\/\/i0.wp.com\/www.24baires.com\/wp-content\/uploads\/2014\/12\/balneario-costa-playa.jpg?resize=525%2C300 1.5x"},"classes":[]},{"id":104577,"url":"https:\/\/www.24baires.com\/?p=104577","url_meta":{"origin":12450,"position":2},"title":"Los alquileres subir\u00e1n un 25 por ciento esta temporada","author":"GB","date":"20\/09\/2018","format":false,"excerpt":"Desde el Colegio de Martilleros anunciaron el monto sugerido de suba de alquileres en las propiedades para la temporada estival 2018-2019. De esta forma, un monoambiente costar\u00e1 alrededor de $13.500 por estad\u00eda Desde el Colegio de Martillerosanunciaron que el monto sugerido de suba de alquileres en las propiedades para la\u2026","rel":"","context":"En \u00abTurismo\u00bb","block_context":{"text":"Turismo","link":"https:\/\/www.24baires.com\/?cat=69"},"img":{"alt_text":"","src":"https:\/\/i0.wp.com\/www.24baires.com\/wp-content\/uploads\/2014\/04\/alquiler.jpg?resize=350%2C200","width":350,"height":200,"srcset":"https:\/\/i0.wp.com\/www.24baires.com\/wp-content\/uploads\/2014\/04\/alquiler.jpg?resize=350%2C200 1x, https:\/\/i0.wp.com\/www.24baires.com\/wp-content\/uploads\/2014\/04\/alquiler.jpg?resize=525%2C300 1.5x"},"classes":[]},{"id":14467,"url":"https:\/\/www.24baires.com\/?p=14467","url_meta":{"origin":12450,"position":3},"title":"Esperan una ocupaci\u00f3n hotelera del 80 por ciento en los Municipios de la Costa","author":"Grupo Sierra","date":"02\/02\/2013","format":false,"excerpt":"Un relevamiento realizado entre representantes del comercio, hoteleros y operadores tur\u00edsticos del Municipio de La Costa, Pinamar y Villa Gesell expresaron que la primera quincena de febrero marca una ocupaci\u00f3n hotelera y de reservas de entre un 75 y un 80 por ciento. \"Tuvimos que convencer a los propietarios de\u2026","rel":"","context":"En \u00abSociedad\u00bb","block_context":{"text":"Sociedad","link":"https:\/\/www.24baires.com\/?cat=1"},"img":{"alt_text":"playa costa atlantica","src":"https:\/\/i0.wp.com\/www.24baires.com\/wp-content\/uploads\/2013\/02\/playa-costa-atlantica.jpg?resize=350%2C200","width":350,"height":200,"srcset":"https:\/\/i0.wp.com\/www.24baires.com\/wp-content\/uploads\/2013\/02\/playa-costa-atlantica.jpg?resize=350%2C200 1x, https:\/\/i0.wp.com\/www.24baires.com\/wp-content\/uploads\/2013\/02\/playa-costa-atlantica.jpg?resize=525%2C300 1.5x"},"classes":[]},{"id":105601,"url":"https:\/\/www.24baires.com\/?p=105601","url_meta":{"origin":12450,"position":4},"title":"Los alquileres en los destinos tur\u00edsticos bonaerenses aumentaron un 55%","author":"GB","date":"26\/11\/2018","format":false,"excerpt":"As\u00ed lo inform\u00f3 la Defensor\u00eda del Pueblo bonaerense tras un relevamiento en doce ciudades. El organismo propuso una serie de medidas para \"evitar estafas\". Los alquileres en los destinos tur\u00edsticos de la provincia de Buenos Aires aumentaron un 55 por ciento con respecto al a\u00f1o pasado, seg\u00fan revel\u00f3 la Defensor\u00eda\u2026","rel":"","context":"En \u00abSociedad\u00bb","block_context":{"text":"Sociedad","link":"https:\/\/www.24baires.com\/?cat=1"},"img":{"alt_text":"","src":"https:\/\/i0.wp.com\/www.24baires.com\/wp-content\/uploads\/2015\/01\/turistas-mar-del-plata.jpg?resize=350%2C200","width":350,"height":200,"srcset":"https:\/\/i0.wp.com\/www.24baires.com\/wp-content\/uploads\/2015\/01\/turistas-mar-del-plata.jpg?resize=350%2C200 1x, https:\/\/i0.wp.com\/www.24baires.com\/wp-content\/uploads\/2015\/01\/turistas-mar-del-plata.jpg?resize=525%2C300 1.5x"},"classes":[]},{"id":87642,"url":"https:\/\/www.24baires.com\/?p=87642","url_meta":{"origin":12450,"position":5},"title":"Los alquileres en Mar del Plata aumentar\u00e1n hasta un 20% este verano","author":"GB","date":"16\/09\/2016","format":false,"excerpt":"Los departamentos y casas en \"La Feliz\" costar\u00e1n entre 11 mil y 20 mil pesos en la primera quincena de enero. El Colegio de Martilleros anunci\u00f3 un aumento estimativo de 20 por ciento en los alquileres para la temporada de verano, tras lo cual el Ente Municipal de Turismo de\u2026","rel":"","context":"En \u00abTurismo\u00bb","block_context":{"text":"Turismo","link":"https:\/\/www.24baires.com\/?cat=69"},"img":{"alt_text":"","src":"","width":0,"height":0},"classes":[]}],"jetpack_sharing_enabled":true,"jetpack_likes_enabled":true,"_links":{"self":[{"href":"https:\/\/www.24baires.com\/index.php?rest_route=\/wp\/v2\/posts\/12450","targetHints":{"allow":["GET"]}}],"collection":[{"href":"https:\/\/www.24baires.com\/index.php?rest_route=\/wp\/v2\/posts"}],"about":[{"href":"https:\/\/www.24baires.com\/index.php?rest_route=\/wp\/v2\/types\/post"}],"author":[{"embeddable":true,"href":"https:\/\/www.24baires.com\/index.php?rest_route=\/wp\/v2\/users\/4"}],"replies":[{"embeddable":true,"href":"https:\/\/www.24baires.com\/index.php?rest_route=%2Fwp%2Fv2%2Fcomments&post=12450"}],"version-history":[{"count":3,"href":"https:\/\/www.24baires.com\/index.php?rest_route=\/wp\/v2\/posts\/12450\/revisions"}],"predecessor-version":[{"id":12455,"href":"https:\/\/www.24baires.com\/index.php?rest_route=\/wp\/v2\/posts\/12450\/revisions\/12455"}],"wp:attachment":[{"href":"https:\/\/www.24baires.com\/index.php?rest_route=%2Fwp%2Fv2%2Fmedia&parent=12450"}],"wp:term":[{"taxonomy":"category","embeddable":true,"href":"https:\/\/www.24baires.com\/index.php?rest_route=%2Fwp%2Fv2%2Fcategories&post=12450"},{"taxonomy":"post_tag","embeddable":true,"href":"https:\/\/www.24baires.com\/index.php?rest_route=%2Fwp%2Fv2%2Ftags&post=12450"}],"curies":[{"name":"wp","href":"https:\/\/api.w.org\/{rel}","templated":true}]}}