{"id":12436,"date":"2013-01-16T11:46:36","date_gmt":"2013-01-16T14:46:36","guid":{"rendered":"http:\/\/www.24baires.com\/?p=12436"},"modified":"2013-01-16T14:23:42","modified_gmt":"2013-01-16T17:23:42","slug":"paro-nacional-de-trenes-por-un-conflicto-en-la-trochita","status":"publish","type":"post","link":"https:\/\/www.24baires.com\/?p=12436","title":{"rendered":"Paro nacional de trenes por un conflicto en \u00abLa Trochita\u00bb"},"content":{"rendered":"<p>Trabajadores de La Uni\u00f3n Ferroviaria y La Fraternidad denunciaron que fueron cesanteados seis compa\u00f1eros de \u00abLa Trochita\u00bb en la provincia de Chubut y anunciaron un paro nacional para el martes pr\u00f3ximo en todos los servicios de carga y de pasajeros del pa\u00eds.<!--more--><\/p>\n<p>Seg\u00fan inform\u00f3 el vocero de La Fraternidad, Horacio Caminos, los trabajadores de La Trochita \u00abreclaman desde hace mucho tiempo que se garanticen sus derechos laborales\u00bb y mencion\u00f3, entre otros \u00abla falta de convocatoria a paritarias y el fraude laboral que significa la situaci\u00f3n de los trabajadores cuyos contratos se renuevan permanentemente\u00bb.<\/p>\n<p>En declaraciones a la Televisi\u00f3n P\u00fablica, Caminos explic\u00f3 que ante esos reclamos, las autoridades provinciales \u00abdecidieron cesantear a seis compa\u00f1eros\u00bb por lo que los trabajadores iniciaron un paro el 2 de enero paralizando el servicio \u00abpara respaldar a 66 familias que se quedan sin trabajo\u00bb.<\/p>\n<p>Al mismo tiempo, a trav\u00e9s de un comunicado los gremios se\u00f1alaron que las autoridades provinciales instruyeron \u00aba CORFO-CHUBUT SA (operadora del ramal) para aplicar el cierre de sus servicios\u00bb.<\/p>\n<p>En ese marco, los gremios a trav\u00e9s del vocero de La Fraternidad, solicitaron \u00abla intervenci\u00f3n del Ministerio de Trabajo de la Naci\u00f3n para que dicte la conciliaci\u00f3n obligatoria\u00bb en el conflicto.<\/p>\n<p>\u00abSi se dicta la conciliaci\u00f3n, los gremios como siempre lo hemos hecho, la acataremos y levantaremos el paro\u00bb, dijo el vocero gremial.<\/p>\n","protected":false},"excerpt":{"rendered":"<p>Trabajadores de La Uni\u00f3n Ferroviaria y La Fraternidad denunciaron que fueron cesanteados seis compa\u00f1eros de \u00abLa Trochita\u00bb en la provincia de Chubut y anunciaron un paro nacional para el martes pr\u00f3ximo en todos los servicios de carga y de pasajeros del pa\u00eds.<\/p>\n","protected":false},"author":11,"featured_media":0,"comment_status":"open","ping_status":"open","sticky":false,"template":"","format":"standard","meta":{"_jetpack_newsletter_access":"","_jetpack_dont_email_post_to_subs":false,"_jetpack_newsletter_tier_id":0,"_jetpack_memberships_contains_paywalled_content":false,"_jetpack_memberships_contains_paid_content":false,"footnotes":""},"categories":[1],"tags":[],"class_list":["post-12436","post","type-post","status-publish","format-standard","hentry","category-sociedad"],"jetpack_featured_media_url":"","jetpack_shortlink":"https:\/\/wp.me\/p2JWE0-3eA","jetpack-related-posts":[{"id":12553,"url":"https:\/\/www.24baires.com\/?p=12553","url_meta":{"origin":12436,"position":0},"title":"Se levant\u00f3 el paro de trenes previsto para el martes 22","author":"AF","date":"17\/01\/2013","format":false,"excerpt":"Tras reunirse en Casa de Gobierno con Florencio Randazzo,\u00a0 la Fraternidad y la Uni\u00f3n Ferroviaria levantaron el paro nacional de 24 horas que se iba a realizar el martes 22, en apoyo a las demandas laborales de los trabajadores ferroviarios del servicio conocido como \"La Trochita\" en Chubut.\u00a0 As\u00ed lo\u2026","rel":"","context":"En \u00abSociedad\u00bb","block_context":{"text":"Sociedad","link":"https:\/\/www.24baires.com\/?cat=1"},"img":{"alt_text":"la trochita","src":"https:\/\/i0.wp.com\/www.24baires.com\/wp-content\/uploads\/2013\/01\/la-trochita.jpg?resize=350%2C200","width":350,"height":200,"srcset":"https:\/\/i0.wp.com\/www.24baires.com\/wp-content\/uploads\/2013\/01\/la-trochita.jpg?resize=350%2C200 1x, https:\/\/i0.wp.com\/www.24baires.com\/wp-content\/uploads\/2013\/01\/la-trochita.jpg?resize=525%2C300 1.5x"},"classes":[]},{"id":71138,"url":"https:\/\/www.24baires.com\/?p=71138","url_meta":{"origin":12436,"position":1},"title":"Ministerio de Trabajo convoc\u00f3 a La Fraternidad","author":"GB","date":"25\/08\/2015","format":false,"excerpt":"El Gobierno busca evitar el paro de trenes convocado para ma\u00f1ana por el gremio de maquinistas de trenes. El encuentro tendr\u00e1 lugar a partir de las 15.30 en la sede central de la cartera laboral, ubicada en la avenida Leandro N. Alem 650 de la Ciudad de Buenos Aires. Desde\u2026","rel":"","context":"En \u00abPol\u00edtica\u00bb","block_context":{"text":"Pol\u00edtica","link":"https:\/\/www.24baires.com\/?cat=51"},"img":{"alt_text":"tomada2","src":"https:\/\/i0.wp.com\/www.24baires.com\/wp-content\/uploads\/2013\/07\/tomada2.jpg?resize=350%2C200","width":350,"height":200,"srcset":"https:\/\/i0.wp.com\/www.24baires.com\/wp-content\/uploads\/2013\/07\/tomada2.jpg?resize=350%2C200 1x, https:\/\/i0.wp.com\/www.24baires.com\/wp-content\/uploads\/2013\/07\/tomada2.jpg?resize=525%2C300 1.5x"},"classes":[]},{"id":78396,"url":"https:\/\/www.24baires.com\/?p=78396","url_meta":{"origin":12436,"position":2},"title":"Godoy adelant\u00f3 que ATE parar\u00e1 el pr\u00f3ximo mi\u00e9rcoles","author":"AF","date":"01\/02\/2016","format":false,"excerpt":"El secretario general de la Asociaci\u00f3n Trabajadores del Estado (ATE), Hugo Godoy, advirti\u00f3 este lunes que el sindicato declarar\u00e1 el mi\u00e9rcoles un paro nacional para este mes, al alertar que a los empleados p\u00fablicos los est\u00e1n \"despanzurrando con los despidos\". El l\u00edder gremial, en di\u00e1logo con la agencia DyN, estim\u00f3\u2026","rel":"","context":"En \u00abSociedad\u00bb","block_context":{"text":"Sociedad","link":"https:\/\/www.24baires.com\/?cat=1"},"img":{"alt_text":"detenido ate","src":"https:\/\/i0.wp.com\/www.24baires.com\/wp-content\/uploads\/2016\/01\/detenido-ate.jpg?resize=350%2C200","width":350,"height":200,"srcset":"https:\/\/i0.wp.com\/www.24baires.com\/wp-content\/uploads\/2016\/01\/detenido-ate.jpg?resize=350%2C200 1x, https:\/\/i0.wp.com\/www.24baires.com\/wp-content\/uploads\/2016\/01\/detenido-ate.jpg?resize=525%2C300 1.5x"},"classes":[]},{"id":71093,"url":"https:\/\/www.24baires.com\/?p=71093","url_meta":{"origin":12436,"position":3},"title":"El pr\u00f3ximo mi\u00e9rcoles habr\u00e1 paro de trenes","author":"AF","date":"24\/08\/2015","format":false,"excerpt":"El sindicato de conductores de trenes La Fraternidad ratific\u00f3 a las 18.30 el paro nacional de actividades por 24 horas para este mi\u00e9rcoles agosto, tras fracasar las negociaciones paritarias con funcionarios del Ministerio de Trabajo y la Secretar\u00eda de Transporte. El titular del gremio, Omar Maturano, se\u00f1al\u00f3 a la agencia\u2026","rel":"","context":"En \u00abSociedad\u00bb","block_context":{"text":"Sociedad","link":"https:\/\/www.24baires.com\/?cat=1"},"img":{"alt_text":"Tren Roca Quilmes","src":"https:\/\/i0.wp.com\/www.24baires.com\/wp-content\/uploads\/2013\/02\/Tren-Roca-Quilmes-300x225.jpg?resize=350%2C200","width":350,"height":200},"classes":[]},{"id":100096,"url":"https:\/\/www.24baires.com\/?p=100096","url_meta":{"origin":12436,"position":4},"title":"Vidal decret\u00f3 el cierre de Ferrobaires y los trenes pasan a Naci\u00f3n","author":"AF","date":"22\/01\/2018","format":false,"excerpt":"La Unidad Ejecutora del Programa Ferroviario bonaerense dejar\u00e1 de existir el 15 de marzo pr\u00f3ximo. Desde el 2016 comenz\u00f3 el traspaso a la \u00f3rbita nacional, pero hay algunos ramales que no funcionan y peligran muchos puestos de trabajo. La gobernadora de Buenos Aires, Mar\u00eda Eugenia Vidal, le puso fecha al\u2026","rel":"","context":"En \u00abJUDICIALES\u00bb","block_context":{"text":"JUDICIALES","link":"https:\/\/www.24baires.com\/?cat=68"},"img":{"alt_text":"","src":"https:\/\/i0.wp.com\/www.24baires.com\/wp-content\/uploads\/2017\/06\/ferovaires-tren.jpg?resize=350%2C200","width":350,"height":200,"srcset":"https:\/\/i0.wp.com\/www.24baires.com\/wp-content\/uploads\/2017\/06\/ferovaires-tren.jpg?resize=350%2C200 1x, https:\/\/i0.wp.com\/www.24baires.com\/wp-content\/uploads\/2017\/06\/ferovaires-tren.jpg?resize=525%2C300 1.5x"},"classes":[]},{"id":46634,"url":"https:\/\/www.24baires.com\/?p=46634","url_meta":{"origin":12436,"position":5},"title":"Bancos del pa\u00eds paran el pr\u00f3ximo jueves 29 por la represi\u00f3n en Tucum\u00e1n","author":"AF","date":"24\/05\/2014","format":false,"excerpt":"La Asociaci\u00f3n Bancaria realizar\u00e1 un paro nacional por 24 horas el 29 de mayo en repudio a la represi\u00f3n policial sufrida por sus afiliados en Tucum\u00e1n la semana pasada. Seg\u00fan inform\u00f3 el secretario general del gremio, Sergio Palazzo, luego de acto realizado en Tucum\u00e1n tras una marcha que finaliz\u00f3 en\u2026","rel":"","context":"En \u00abSociedad\u00bb","block_context":{"text":"Sociedad","link":"https:\/\/www.24baires.com\/?cat=1"},"img":{"alt_text":"bancos","src":"https:\/\/i0.wp.com\/www.24baires.com\/wp-content\/uploads\/2013\/12\/bancos.jpg?resize=350%2C200","width":350,"height":200,"srcset":"https:\/\/i0.wp.com\/www.24baires.com\/wp-content\/uploads\/2013\/12\/bancos.jpg?resize=350%2C200 1x, https:\/\/i0.wp.com\/www.24baires.com\/wp-content\/uploads\/2013\/12\/bancos.jpg?resize=525%2C300 1.5x"},"classes":[]}],"jetpack_sharing_enabled":true,"jetpack_likes_enabled":true,"_links":{"self":[{"href":"https:\/\/www.24baires.com\/index.php?rest_route=\/wp\/v2\/posts\/12436","targetHints":{"allow":["GET"]}}],"collection":[{"href":"https:\/\/www.24baires.com\/index.php?rest_route=\/wp\/v2\/posts"}],"about":[{"href":"https:\/\/www.24baires.com\/index.php?rest_route=\/wp\/v2\/types\/post"}],"author":[{"embeddable":true,"href":"https:\/\/www.24baires.com\/index.php?rest_route=\/wp\/v2\/users\/11"}],"replies":[{"embeddable":true,"href":"https:\/\/www.24baires.com\/index.php?rest_route=%2Fwp%2Fv2%2Fcomments&post=12436"}],"version-history":[{"count":3,"href":"https:\/\/www.24baires.com\/index.php?rest_route=\/wp\/v2\/posts\/12436\/revisions"}],"predecessor-version":[{"id":12440,"href":"https:\/\/www.24baires.com\/index.php?rest_route=\/wp\/v2\/posts\/12436\/revisions\/12440"}],"wp:attachment":[{"href":"https:\/\/www.24baires.com\/index.php?rest_route=%2Fwp%2Fv2%2Fmedia&parent=12436"}],"wp:term":[{"taxonomy":"category","embeddable":true,"href":"https:\/\/www.24baires.com\/index.php?rest_route=%2Fwp%2Fv2%2Fcategories&post=12436"},{"taxonomy":"post_tag","embeddable":true,"href":"https:\/\/www.24baires.com\/index.php?rest_route=%2Fwp%2Fv2%2Ftags&post=12436"}],"curies":[{"name":"wp","href":"https:\/\/api.w.org\/{rel}","templated":true}]}}