{"id":1242,"date":"2012-10-06T20:20:18","date_gmt":"2012-10-06T23:20:18","guid":{"rendered":"http:\/\/www.24baires.com\/?p=1242"},"modified":"2012-10-07T17:10:56","modified_gmt":"2012-10-07T20:10:56","slug":"hemos-sido-estafados-electoralmente-por-el-gobierno-bonaerense","status":"publish","type":"post","link":"https:\/\/www.24baires.com\/?p=1242","title":{"rendered":"\u00abHemos sido estafados electoralmente por el Gobierno bonaerense\u00bb"},"content":{"rendered":"<p>La C\u00e1mara de Diputados aval\u00f3, en la sesi\u00f3n del pasado jueves, el reclamo de la ejecuci\u00f3n de obras que est\u00e1n paralizadas en Brandsen, as\u00ed como el inicio de otras que fueron gestionadas hace tiempo y la instalaci\u00f3n definitiva de la Unidad Fiscal de Instrucci\u00f3n en esa ciudad, prometida por las autoridades provinciales. Las iniciativas fueron impulsadas por el diputado radical Carlos Alberto Garc\u00eda.<!--more--><\/p>\n<p>El legislador se refiri\u00f3 a las obras que en algunos casos fueron licitadas y adjudicadas, y que \u201cla actual gesti\u00f3n las ha publicitado enga\u00f1osamente como logros propios,aunque siguen pendientes, y la gente de Brandsen est\u00e1 esperando in\u00fatilmente el cumplimiento de parte del Gobierno provincial\u201d. Entre ellas cit\u00f3 la obra de desag\u00fces cloacales previstas para el Barrio Infanta Isabel y los desag\u00fces cloacales correspondientes al Barrio Los Aromos. \u201cHemos venido siendo estafados electoralmente por el Gobierno de la provincia de Buenos Aires en Brandsen\u201d, inquiri\u00f3 el diputado.<\/p>\n<p>Las obras de desag\u00fces cloacales anunciadas para 2012 e incluidas en la Ley de Presupuesto Provincial para este a\u00f1o, tales como la del Barrio La Dolly por un monto de $ 1.939.302 y la del Barrio Las Mandarinas por un monto de $ 1.674.35, \u201cA\u00fan no han sido licitadas a pesar de que quedan 3 meses y medio para completar el a\u00f1o para el que estaban previstas\u201d, indic\u00f3 Garc\u00eda.<\/p>\n<p>La obra de Ampliaci\u00f3n de la red de Agua Potable para los Barrios Santa Isabel, Ortiz de Rosas y la Estaci\u00f3n, la que fue licitada el 13 de septiembre de 2011 y adjudicada a la empresa Andino Construcciones S.R.L., inclu\u00eda la optimizaci\u00f3n de la Planta depuradora de l\u00edquidos cloacales, y el contrato 698 por la totalidad de los trabajos ascend\u00eda a la suma de $ 8.890.830,55<\/p>\n<p>Tampoco se llev\u00f3 a cabo la obra de Ampliaci\u00f3n de la Planta Depuradora de la ciudad de Brandsen, la que fue licitada con fecha 23 de julio de 2011 y adjudicada por un monto de $ 9.357.023,37 a la firma Carcereny Construcciones S.A..<\/p>\n<p>El Canal Aliviador Calle French, para la ciudad de Brandsen, fue pedido por el Municipio en el a\u00f1o 2006 y reclamada al entonces Director Provincial de Hidr\u00e1ulica en su visita a la C\u00e1mara de Diputados. La obra fue licitada en el a\u00f1o 2011 y se previ\u00f3 dentro de las partidas del Presupuesto 2012, sin que hasta el presente se haya licitado.<\/p>\n<p>\u201cTampoco se cumpli\u00f3 con los convenios del Plan Cuidar, celebrados en el a\u00f1o 2010 entre la Municipalidad de Brandsen por el entonces Intendente Rub\u00e9n Piazza, el SPAR y la cooperativa de Jeppener, que preve\u00edan la construcci\u00f3n de una Planta Depuradora de efluentes cloacales para esa localidad y el tendido de la red cloacal, incluyendo las conexiones domiciliarias, estaci\u00f3n de bombeo y todos los estudios econ\u00f3micos financieros, impacto ambiental y t\u00e9cnicos que fueran necesarios, pero nada de esto se cumpli\u00f3 en mas de dos a\u00f1os\u201d, cuestion\u00f3 el legislador.<\/p>\n<p>Cacho Garc\u00eda tambi\u00e9n pidi\u00f3 la concreci\u00f3n de la instalaci\u00f3n definitiva en el Partido de Brandsen de la Unidad Fiscal de Instrucci\u00f3n Judicial Descentralizada: \u201cuna Fiscal\u00eda plena, elevando el rango de la actual Ayudant\u00eda Fiscal que tanta importancia ha tenido en la vida del Partido\u201d.<\/p>\n<p>Esta posibilidad se consolid\u00f3 con el dictado de la ley provincial 14.175, que cre\u00f3 seis cargos de Fiscal para el Departamento Judicial de La Plata, y permit\u00eda el cumplimiento de los compromisos oportunamente asumidos por la Procuraci\u00f3n General de la suprema Corte de Justicia (Dra. Mar\u00eda del Carmen Falbo) y del Ministerio de Seguridad y Justicia de la Provincia de Buenos Aires (Dr. Ricardo Casal). \u201cEstamos pidiendo que se cumpla con la ley\u201d dijo el diputado y ejemplific\u00f3 que \u201cpasa muchas veces que lo que para La Plata es un problema menor, no lo es para Brandsen\u201d.<\/p>\n<p>\u201cYa es hora de que las promesas electorales se conviertan, por lo menos, en realidades que comiencen a concretarse\u201d, argument\u00f3 Garc\u00eda al presentar estos proyectos.<\/p>\n","protected":false},"excerpt":{"rendered":"<p>La C\u00e1mara de Diputados aval\u00f3, en la sesi\u00f3n del pasado jueves, el reclamo de la ejecuci\u00f3n de obras que est\u00e1n paralizadas en Brandsen, as\u00ed como el inicio de otras que fueron gestionadas hace tiempo y la instalaci\u00f3n definitiva de la Unidad Fiscal de Instrucci\u00f3n en esa ciudad, prometida por las autoridades provinciales. Las iniciativas fueron impulsadas por el diputado radical [&#8230;]<\/p>\n","protected":false},"author":4,"featured_media":0,"comment_status":"open","ping_status":"open","sticky":false,"template":"","format":"standard","meta":{"_jetpack_newsletter_access":"","_jetpack_dont_email_post_to_subs":false,"_jetpack_newsletter_tier_id":0,"_jetpack_memberships_contains_paywalled_content":false,"_jetpack_memberships_contains_paid_content":false,"footnotes":""},"categories":[51],"tags":[],"class_list":["post-1242","post","type-post","status-publish","format-standard","hentry","category-politica"],"jetpack_featured_media_url":"","jetpack_shortlink":"https:\/\/wp.me\/p2JWE0-k2","jetpack-related-posts":[{"id":122996,"url":"https:\/\/www.24baires.com\/?p=122996","url_meta":{"origin":1242,"position":0},"title":"Avanza la ampliaci\u00f3n de la planta cloacal en Mercedes","author":"GB","date":"16\/04\/2026","format":false,"excerpt":"Katopodis y Ustarroz recorrieron los trabajos que buscan beneficiar a 70 mil vecinos, mejorar el tratamiento de efluentes y avanzar en el saneamiento del r\u00edo Luj\u00e1n. El ministro de Infraestructura bonaerense, Gabriel Katopodis, y el intendente de Mercedes, Juan Ignacio Ustarroz, recorrieron las obras de rehabilitaci\u00f3n y ampliaci\u00f3n de la\u2026","rel":"","context":"En \u00abMunicipios\u00bb","block_context":{"text":"Municipios","link":"https:\/\/www.24baires.com\/?cat=44"},"img":{"alt_text":"","src":"https:\/\/i0.wp.com\/www.24baires.com\/wp-content\/uploads\/2026\/04\/latopodis.jpg.webp?resize=350%2C200","width":350,"height":200,"srcset":"https:\/\/i0.wp.com\/www.24baires.com\/wp-content\/uploads\/2026\/04\/latopodis.jpg.webp?resize=350%2C200 1x, https:\/\/i0.wp.com\/www.24baires.com\/wp-content\/uploads\/2026\/04\/latopodis.jpg.webp?resize=525%2C300 1.5x, https:\/\/i0.wp.com\/www.24baires.com\/wp-content\/uploads\/2026\/04\/latopodis.jpg.webp?resize=700%2C400 2x"},"classes":[]},{"id":34289,"url":"https:\/\/www.24baires.com\/?p=34289","url_meta":{"origin":1242,"position":1},"title":"Anuncian obras para Tordillo inclu\u00eddas en el presupuesto 2014","author":"AF","date":"29\/10\/2013","format":false,"excerpt":"El jefe comunal de Tordillo, H\u00e9ctor Olivera y el ministro de Infraestructura, Alejandro Arl\u00eda, mantuvieron una reuni\u00f3n de trabajo con eje en la gesti\u00f3n provincial y municipal, donde se acordaron incorporar una serie de obras en el Presupuesto 2014. En primer lugar los funcionarios revisaron las obras de esa ciudad,\u2026","rel":"","context":"En \u00abLocales\u00bb","block_context":{"text":"Locales","link":"https:\/\/www.24baires.com\/?cat=38"},"img":{"alt_text":"","src":"","width":0,"height":0},"classes":[]},{"id":37565,"url":"https:\/\/www.24baires.com\/?p=37565","url_meta":{"origin":1242,"position":2},"title":"Seg\u00fan los balances, crecen las obras p\u00fablicas en Lan\u00fas","author":"Grupo Sierra","date":"28\/12\/2013","format":false,"excerpt":"Los miembros de la Junta Asesora de la Agencia de Planificaci\u00f3n (APLA) se reunieron en la comuna para llevar a cabo el balance de las obras realizadas en materia de agua y cloacas. En un encuentro realizado en el Edificio Municipal Eva Per\u00f3n, los integrantes de la Agencia de Planificaci\u00f3n\u2026","rel":"","context":"En \u00abLocales\u00bb","block_context":{"text":"Locales","link":"https:\/\/www.24baires.com\/?cat=38"},"img":{"alt_text":"","src":"","width":0,"height":0},"classes":[]},{"id":45873,"url":"https:\/\/www.24baires.com\/?p=45873","url_meta":{"origin":1242,"position":3},"title":"Instalan termos solares en varias localidades de Tornquist","author":"AF","date":"13\/05\/2014","format":false,"excerpt":"El titular del SPAR, Juan Mar\u00eda Vi\u00f1ales, inaugur\u00f3 en Tres Picos, partido de Tornquist, un sistema de termos solares para que cada familia tenga agua caliente en forma limpia y amigable con el medio ambiente. Adem\u00e1s, se sigue avanzando con la obra de desag\u00fces cloacales de Sierra de La Ventana\u2026","rel":"","context":"En \u00abLocales\u00bb","block_context":{"text":"Locales","link":"https:\/\/www.24baires.com\/?cat=38"},"img":{"alt_text":"termo sola tornquist","src":"https:\/\/i0.wp.com\/www.24baires.com\/wp-content\/uploads\/2014\/05\/termo-sola-tornquist.jpg?resize=350%2C200","width":350,"height":200},"classes":[]},{"id":65197,"url":"https:\/\/www.24baires.com\/?p=65197","url_meta":{"origin":1242,"position":4},"title":"La Provincia inici\u00f3 la ampliaci\u00f3n de la red cloacal en Azul","author":"GB","date":"30\/04\/2015","format":false,"excerpt":"Mediante el Plan Cuidar, que impulsa el gobernador Daniel Scioli, se firm\u00f3 el acta para comenzar con la provisi\u00f3n de desag\u00fces cloacales a los barrios Santa Elena y Ceferino Namuncur\u00e1 del partido de Azul. Valuadas en m\u00e1s de 14 millones de pesos, son encaradas por el ministerio de Infraestructura que\u2026","rel":"","context":"En \u00abMunicipios\u00bb","block_context":{"text":"Municipios","link":"https:\/\/www.24baires.com\/?cat=44"},"img":{"alt_text":"","src":"","width":0,"height":0},"classes":[]},{"id":91382,"url":"https:\/\/www.24baires.com\/?p=91382","url_meta":{"origin":1242,"position":5},"title":"\u00abUn a\u00f1o no alcanza para cambiar lo que no funcion\u00f3 durante veinticinco\u201d, dijo Vidal","author":"GB","date":"05\/01\/2017","format":false,"excerpt":"En otro kil\u00f3metro m\u00e1s de sus caminatas, la gobernadora visit\u00f3 los partidos bonaerenses de Chivilcoy y Chacabuco. En el marco de sus recorridas semanales por los distintos distritos de la provincia, Vidal asisti\u00f3 a la Planta Principal de Bombeo de Agua de Chivilcoy, acompa\u00f1ada por el viceministro de Interior de\u2026","rel":"","context":"En \u00abProvincia\u00bb","block_context":{"text":"Provincia","link":"https:\/\/www.24baires.com\/?cat=40"},"img":{"alt_text":"","src":"https:\/\/i0.wp.com\/www.24baires.com\/wp-content\/uploads\/2016\/12\/vidall.jpg?resize=350%2C200","width":350,"height":200,"srcset":"https:\/\/i0.wp.com\/www.24baires.com\/wp-content\/uploads\/2016\/12\/vidall.jpg?resize=350%2C200 1x, https:\/\/i0.wp.com\/www.24baires.com\/wp-content\/uploads\/2016\/12\/vidall.jpg?resize=525%2C300 1.5x"},"classes":[]}],"jetpack_sharing_enabled":true,"jetpack_likes_enabled":true,"_links":{"self":[{"href":"https:\/\/www.24baires.com\/index.php?rest_route=\/wp\/v2\/posts\/1242","targetHints":{"allow":["GET"]}}],"collection":[{"href":"https:\/\/www.24baires.com\/index.php?rest_route=\/wp\/v2\/posts"}],"about":[{"href":"https:\/\/www.24baires.com\/index.php?rest_route=\/wp\/v2\/types\/post"}],"author":[{"embeddable":true,"href":"https:\/\/www.24baires.com\/index.php?rest_route=\/wp\/v2\/users\/4"}],"replies":[{"embeddable":true,"href":"https:\/\/www.24baires.com\/index.php?rest_route=%2Fwp%2Fv2%2Fcomments&post=1242"}],"version-history":[{"count":0,"href":"https:\/\/www.24baires.com\/index.php?rest_route=\/wp\/v2\/posts\/1242\/revisions"}],"wp:attachment":[{"href":"https:\/\/www.24baires.com\/index.php?rest_route=%2Fwp%2Fv2%2Fmedia&parent=1242"}],"wp:term":[{"taxonomy":"category","embeddable":true,"href":"https:\/\/www.24baires.com\/index.php?rest_route=%2Fwp%2Fv2%2Fcategories&post=1242"},{"taxonomy":"post_tag","embeddable":true,"href":"https:\/\/www.24baires.com\/index.php?rest_route=%2Fwp%2Fv2%2Ftags&post=1242"}],"curies":[{"name":"wp","href":"https:\/\/api.w.org\/{rel}","templated":true}]}}