{"id":12418,"date":"2013-01-16T13:04:30","date_gmt":"2013-01-16T16:04:30","guid":{"rendered":"http:\/\/www.24baires.com\/?p=12418"},"modified":"2013-01-17T14:44:47","modified_gmt":"2013-01-17T17:44:47","slug":"victor-hugo-en-mar-del-plata-charlo-sobre-el-periodismo-aldrey-iglesias-y-la-ley-de-medios","status":"publish","type":"post","link":"https:\/\/www.24baires.com\/?p=12418","title":{"rendered":"V\u00edctor Hugo en Mar del Plata charl\u00f3 sobre el periodismo, Aldrey Iglesias y la Ley de Medios"},"content":{"rendered":"<p style=\"text-align: center;\"><a href=\"http:\/\/www.24baires.com\/medios\/12418-victor-hugo-en-mar-del-plata-charlo-sobre-el-periodismo-aldrey-iglesias-y-la-ley-de-medios\/attachment\/victor-hugo\/\" rel=\"attachment wp-att-12421\"><img data-recalc-dims=\"1\" loading=\"lazy\" decoding=\"async\" class=\"aligncenter  wp-image-12421\" alt=\"victor hugo\" src=\"https:\/\/i0.wp.com\/www.24baires.com\/wp-content\/uploads\/2013\/01\/victor-hugo.jpg?resize=560%2C330\" width=\"560\" height=\"330\" \/><\/a><\/p>\n<p>El periodista V\u00edctor Hugo Morales brind\u00f3 una entrevista al programa radial <em>Un D\u00eda Perfecto<\/em> de esa ciudad balnearia, donde descansa y adem\u00e1s ocupa sus ma\u00f1anas radiales desde un Balneario. Durante el transcurso de la misma se refiri\u00f3 al periodismo a nivel nacional, pero tambi\u00e9n opin\u00f3 sobre Mar del Plata y la situaci\u00f3n de Florencio Aldrey Iglesias.<!--more--><\/p>\n<p>Al comienzo de la nota, V\u00edctor Hugo fue consultado sobre la \u00e9tica period\u00edstica en nuestro pa\u00eds, tantas veces discutida, a lo que respondi\u00f3: \u00a0<em>\u201cLos periodistas terminan ejecutando lo que quieren las empresas, por ejemplo, en las \u00faltimas horas, para citar dos o tres mentiras, una que tiene que ver con los supuestos costos del hotel de la Presidenta en Emiratos \u00c1rabes, una periodista le pone la firma a una absurda mentira, hablando de un gasto que no existe porque pagan todo los anfitriones\u201d<\/em>, y agreg\u00f3: <em>\u201cPero con eso se crea un estado de discusi\u00f3n entre la gente hasta que alguien aclara que es mentira, pero lo que ya prosper\u00f3 de la mentira es muy grande e incontenible\u201d.<\/em><\/p>\n<p>Del mismo modo repas\u00f3 otra de las noticias del d\u00eda: <em>\u201cO en las \u00faltimas horas, cuando el problema del tren de Mar del Plata a Buenos Aires se situ\u00f3 como un problema del Gobierno Nacional y no Provincial, que es el responsable de esos viajes actuales. Y desde el canal TN se present\u00f3 el tema de tal manera que tuvo que salir Randazzo a desmentir. Todos los d\u00edas tenemos un ministro que de una manera cre\u00edble tiene que desmentir\u201d.<\/em><\/p>\n<p><em>\u201cMe preocupa much\u00edsimo el periodismo joven, sobre todo el que no est\u00e9 en condiciones de advertir c\u00f3mo se est\u00e1n haciendo las cosas. Pero tambi\u00e9n existe una gran ventaja, hay mucho periodista joven, que se dan cuenta de qu\u00e9 es lo que est\u00e1 ocurriendo, y seguramente van a saber salir en los pr\u00f3ximos a\u00f1os de esta encerrona en la que estamos metidos\u201d<\/em>, sentenci\u00f3.<\/p>\n<p>Luego, se le pregunt\u00f3 sobre la aplicaci\u00f3n de la Ley de Servicios de Comunicaci\u00f3n Audiovisual en Mar del Plata, y expres\u00f3: <em>\u201cS\u00e9 que aqu\u00ed existe un fen\u00f3meno que tiene que ver con el se\u00f1or Aldrey Iglesias del grupo La Capital, que tiene una posici\u00f3n muy dominante, pero no la conozco de una manera cabal. Lo que estoy esperando para hacer una evaluaci\u00f3n, es que haya un cumplimiento cabal del art\u00edculo 161, porque si no se puede correr el riesgo de que la injusticia sea cada vez mayor\u201d<\/em>, y asever\u00f3: <em>\u201cSi la parte antimonop\u00f3lica la cumplen algunos grupos, pero no los m\u00e1s fuertes y dominantes, lo que conseguir\u00edamos ser\u00eda que los m\u00e1s dominantes que son los que est\u00e1n renuentes a cumplir con la ley, saquen todav\u00eda m\u00e1s ventaja\u201d.<\/em><\/p>\n<p>Asimismo, agreg\u00f3 sobre Aldrey Iglesias: <em>\u201cTambi\u00e9n uno se entera que no solamente hay intereses period\u00edsticos, sino que esto se cruza con intereses en las construcciones y en el movimiento econ\u00f3mico de Mar del Plata. Pero para ser justo en el an\u00e1lisis, se necesita un cabal cumplimiento del art\u00edculo 161\u201d.<\/em><\/p>\n<p>Respecto a si alguna vez imagin\u00f3 que tendr\u00eda que soportar embates de tantos medios de comunicaci\u00f3n, el periodista confes\u00f3: <em>\u201cMe ha tomado particularmente por sorpresa. Yo, como todo periodista, he tenido buenas y malas cr\u00edticas durante toda mi vida, pero desde la Ley de Medios para aqu\u00ed se gener\u00f3 un estado insoportable para cualquier persona, que he tenido que sobrellevar porque es mi profesi\u00f3n. Tengo convicciones y puedo dar respuestas a cualquier persona que inteligentemente me pregunte lo que sea en cualquier \u00e1mbito. No tengo preguntas que me puedan perturbar, ni molestar, ni incomodar, porque para todo tengo una respuesta que no ofende la inteligencia de quien pregunta\u201d<\/em>. Y profundiz\u00f3: <em>\u201cPero desde la Ley de Medios para aqu\u00ed es algo inmanejable. Para medios que me pusieron en sus tapas, como un relator deportivo valioso y un periodista cre\u00edble, cuando empez\u00f3 la Ley de Medios, me convert\u00ed en algo as\u00ed como el enemigo p\u00fablico n\u00famero uno. El otro d\u00eda un trabajo hecho por compa\u00f1eros de producci\u00f3n, me mostraron m\u00e1s de mil p\u00e1ginas en las cuales hab\u00eda cr\u00edticas que han desarrollado Clar\u00edn, Naci\u00f3n y\u00a0Perfil.\u00a0 Nada m\u00e1s que de periodismo escrito. A eso hay que sumarle toda la saliva invertida en radio y lo que en televisi\u00f3n han hecho\u201d.<\/em><\/p>\n<p>Sin embargo, V\u00edctor Hugo demostr\u00f3 que no pierde fuerzas: <em>\u201cEs incre\u00edble lo que ha sucedido, pero estoy en pie, charlando con periodistas que seguramente me creen mucho m\u00e1s a m\u00ed que a ellos. Y eso para m\u00ed es muy importante, porque ustedes han visto toda la jugada, han sido testigo de todo, y nadie est\u00e1 detr\u00e1s dici\u00e9ndoles qu\u00e9 es lo que tienen que pensar. Yo me imagino, por el tono de la conversaci\u00f3n, que ustedes est\u00e1n mucho m\u00e1s cerca de lo que yo pueda decir, que de lo que los medios dominantes digan. En consecuencia, ese es mi capital, que el periodista l\u00facido que todav\u00eda puede pensar por su cuenta, est\u00e9 m\u00e1s cerca de m\u00ed. Y con eso sigo creyendo en lo que period\u00edsticamente hago\u201d.<\/em><\/p>\n<p>Tambi\u00e9n, Morales habl\u00f3 sobre la revalorizaci\u00f3n del periodista y dijo: <em>\u201cLos periodistas somos como hojitas en el viento. Somos buenos, malos, regulares. Somos m\u00e1s d\u00e9biles o m\u00e1s fuertes, seg\u00fan la circunstancia. Aqu\u00ed los que tienen que mejorar son los due\u00f1os de los medios de comunicaci\u00f3n. Yo creo que la Ley va a hacerlos repensar, y empresas como el Grupo Clar\u00edn que son manejadas por contadores que no tienen ni la \u00e9tica period\u00edstica ni la pasi\u00f3n por esta profesi\u00f3n, en alg\u00fan momento se dar\u00e1n cuenta que as\u00ed son inviables sus proyectos, y recaer\u00e1 la responsabilidad sobre los periodistas\u201d<\/em>. Y explic\u00f3: <em>\u201cLos periodistas, con todos sus defectos, retornar\u00e1n a que el periodismo puede ser cr\u00edtico, puede equivocarse, lo que no puede hacer es mentir a sabiendas. El periodista no puede jugar abiertamente con la mentira como se hace en este tiempo. Despu\u00e9s, todo puede ser discutido, pero la condici\u00f3n del periodista va a ser recuperada cuando encuentren una posibilidad de ejercitarlo lo m\u00e1s libremente posible en los grandes medios. Y si no, la suerte estar\u00e1 referida a medios que no est\u00e9n envenenados como evidentemente este del que me est\u00e1n entrevistando, y en el que se pueda desarrollar un tipo de periodismo que a ustedes les permita amar la profesi\u00f3n\u201d.<\/em><\/p>\n<p>Finalmente, como cierre de la entrevista, los conductores le pidieron a V\u00edctor Hugo Morales que explicara, en alusi\u00f3n al nombre del programa que emiten por Radio Residencias de Mar del Plata, c\u00f3mo describir\u00eda \u201cUn D\u00eda Perfecto\u201d, a lo que sentenci\u00f3: <em>\u201c\u2018Un D\u00eda Perfecto\u2019 es este que estoy viviendo. Estoy mateando con mi familia, en la playa, entre gente que lo est\u00e1 pasando bien. Al cabo de una ma\u00f1ana de trabajo que me ha gustado desarrollar, con buen trato y buena relaci\u00f3n con la gente con la que me rodeo, con el grato momento que significa esta entrevista, me siento bien de salud, estoy a buenas con la vida, este es un d\u00eda perfecto. Por lo menos es un d\u00eda irreprochable, para no decir exactamente un d\u00eda perfecto que no s\u00e9 si eso existe, es un d\u00eda que estoy a buenas con la vida, y eso es muy agradable\u201d.<\/em><\/p>\n<p>&nbsp;<\/p>\n<p>&nbsp;<\/p>\n","protected":false},"excerpt":{"rendered":"<p>El periodista V\u00edctor Hugo Morales brind\u00f3 una entrevista al programa radial Un D\u00eda Perfecto de esa ciudad balnearia, donde descansa y adem\u00e1s ocupa sus ma\u00f1anas radiales desde un Balneario. Durante el transcurso de la misma se refiri\u00f3 al periodismo a nivel nacional, pero tambi\u00e9n opin\u00f3 sobre Mar del Plata y la situaci\u00f3n de Florencio Aldrey Iglesias.<\/p>\n","protected":false},"author":11,"featured_media":0,"comment_status":"open","ping_status":"open","sticky":false,"template":"","format":"standard","meta":{"_jetpack_newsletter_access":"","_jetpack_dont_email_post_to_subs":false,"_jetpack_newsletter_tier_id":0,"_jetpack_memberships_contains_paywalled_content":false,"_jetpack_memberships_contains_paid_content":false,"footnotes":""},"categories":[54],"tags":[],"class_list":["post-12418","post","type-post","status-publish","format-standard","hentry","category-medios"],"jetpack_featured_media_url":"","jetpack_shortlink":"https:\/\/wp.me\/p2JWE0-3ei","jetpack-related-posts":[{"id":69865,"url":"https:\/\/www.24baires.com\/?p=69865","url_meta":{"origin":12418,"position":0},"title":"C\u00e1mara Federal de Mar del Plata falla contra la Ley de Medios y a favor de Aldrey Iglesias","author":"AF","date":"31\/07\/2015","format":false,"excerpt":"La C\u00e1mara Federal de Mar del Plata determin\u00f3 arbitrariamente que el canal de noticias QM no forme parte de la grilla de La Capital Cable, propiedad del empresario Florencio Aldrey Iglesias. La Justicia de Dolores, a trav\u00e9s de una medida cautelar, hab\u00eda legitimado el derecho de QM de ser parte\u2026","rel":"","context":"En \u00abJUDICIALES\u00bb","block_context":{"text":"JUDICIALES","link":"https:\/\/www.24baires.com\/?cat=68"},"img":{"alt_text":"scioli aldrey 2","src":"https:\/\/i0.wp.com\/www.24baires.com\/wp-content\/uploads\/2012\/10\/scioli-aldrey-2.jpg?resize=350%2C200","width":350,"height":200,"srcset":"https:\/\/i0.wp.com\/www.24baires.com\/wp-content\/uploads\/2012\/10\/scioli-aldrey-2.jpg?resize=350%2C200 1x, https:\/\/i0.wp.com\/www.24baires.com\/wp-content\/uploads\/2012\/10\/scioli-aldrey-2.jpg?resize=525%2C300 1.5x"},"classes":[]},{"id":36036,"url":"https:\/\/www.24baires.com\/?p=36036","url_meta":{"origin":12418,"position":1},"title":"Preocupaci\u00f3n en Mar del Plata por la concentraci\u00f3n medi\u00e1tica. Cierra El Atl\u00e1ntico","author":"Grupo Sierra","date":"01\/12\/2013","format":false,"excerpt":"El diario El Atl\u00e1ntico de Mar del Plata ser\u00e1 gerenciado por un grupo empresario encabezado por N\u00e9stor Otero -socio de Aldrey Iglesias due\u00f1o de La Capital-\u00a0 que resolvi\u00f3 cambios abruptos con respecto al funcionamiento de este prestigioso medio de la ciudad balnearia y no est\u00e1 claro si su edici\u00f3n de\u2026","rel":"","context":"En \u00abMedios\u00bb","block_context":{"text":"Medios","link":"https:\/\/www.24baires.com\/?cat=54"},"img":{"alt_text":"atlantico-610x420","src":"https:\/\/i0.wp.com\/www.24baires.com\/wp-content\/uploads\/2013\/12\/atlantico-610x420.jpg?resize=350%2C200","width":350,"height":200,"srcset":"https:\/\/i0.wp.com\/www.24baires.com\/wp-content\/uploads\/2013\/12\/atlantico-610x420.jpg?resize=350%2C200 1x, https:\/\/i0.wp.com\/www.24baires.com\/wp-content\/uploads\/2013\/12\/atlantico-610x420.jpg?resize=525%2C300 1.5x"},"classes":[]},{"id":37336,"url":"https:\/\/www.24baires.com\/?p=37336","url_meta":{"origin":12418,"position":2},"title":"Manifestaron frente al municipio de Mar del Plata contra el monopolio de Aldrey Iglesias","author":"Grupo Sierra","date":"23\/12\/2013","format":false,"excerpt":"Un grupo integrado por ex trabajadores del diario El Atl\u00e1ntico, trabajadores de la prensa y p\u00fablico en general se reuni\u00f3 convocado a trav\u00e9s de las redes sociales para repudiar las maniobras monop\u00f3licas del empresario Aldrey Iglesias. Rodrigo Sabio, reconocido periodista convoc\u00f3 desde su Facebook \u00a8Ma\u00f1ana, lunes 23 a las 11\u2026","rel":"","context":"En \u00abMedios\u00bb","block_context":{"text":"Medios","link":"https:\/\/www.24baires.com\/?cat=54"},"img":{"alt_text":"atlantico trabajadores","src":"https:\/\/i0.wp.com\/www.24baires.com\/wp-content\/uploads\/2013\/12\/atlantico-trabajadores.jpg?resize=350%2C200","width":350,"height":200,"srcset":"https:\/\/i0.wp.com\/www.24baires.com\/wp-content\/uploads\/2013\/12\/atlantico-trabajadores.jpg?resize=350%2C200 1x, https:\/\/i0.wp.com\/www.24baires.com\/wp-content\/uploads\/2013\/12\/atlantico-trabajadores.jpg?resize=525%2C300 1.5x"},"classes":[]},{"id":10482,"url":"https:\/\/www.24baires.com\/?p=10482","url_meta":{"origin":12418,"position":3},"title":"El Embajador en Venezuela acus\u00f3 al diario La Prensa de hostigar a Cristina","author":"Grupo Sierra","date":"26\/12\/2012","format":false,"excerpt":"El embajador argentino en Venezuela, Carlos Cheppi, cuestion\u00f3 un editorial publicado por el medio llamado \u201cTres errores\u201d y resalt\u00f3 que el matutino mantiene v\u00ednculos con el Grupo Clar\u00edn en Mar del Plata. En ese sentido, el ex candidato a intendente de esa ciudad balnearia por el Frente para la Victoria\u2026","rel":"","context":"En \u00abMedios\u00bb","block_context":{"text":"Medios","link":"https:\/\/www.24baires.com\/?cat=54"},"img":{"alt_text":"cheppi","src":"https:\/\/i0.wp.com\/www.24baires.com\/wp-content\/uploads\/2012\/12\/cheppi-300x268.jpg?resize=350%2C200","width":350,"height":200},"classes":[]},{"id":24115,"url":"https:\/\/www.24baires.com\/?p=24115","url_meta":{"origin":12418,"position":4},"title":"Aldrey, Pulti y la doble moral","author":"Grupo Sierra","date":"22\/05\/2013","format":false,"excerpt":"(Por Pablo Retamoza*) El empresario multimedial Florencio Aldrey Iglesias ataca a la presidenta Cristina Fern\u00e1ndez de Kirchner. El intendente municipal, Gustavo Pulti, protege al empresario. El empresario lo protege a \u00e9l. Una historia sin fin del \u201choy por ti, ma\u00f1ana por m\u00ed\u201d, y en el medio una Mar del Plata\u2026","rel":"","context":"En \u00abOpini\u00f3n\u00bb","block_context":{"text":"Opini\u00f3n","link":"https:\/\/www.24baires.com\/?cat=64"},"img":{"alt_text":"aldrey pulti","src":"https:\/\/i0.wp.com\/www.24baires.com\/wp-content\/uploads\/2013\/05\/aldrey-pulti.jpg?resize=350%2C200","width":350,"height":200,"srcset":"https:\/\/i0.wp.com\/www.24baires.com\/wp-content\/uploads\/2013\/05\/aldrey-pulti.jpg?resize=350%2C200 1x, https:\/\/i0.wp.com\/www.24baires.com\/wp-content\/uploads\/2013\/05\/aldrey-pulti.jpg?resize=525%2C300 1.5x"},"classes":[]},{"id":50380,"url":"https:\/\/www.24baires.com\/?p=50380","url_meta":{"origin":12418,"position":5},"title":"Victor Hugo le respondi\u00f3 a Lanata y lo cit\u00f3 a su programa","author":"Grupo Sierra","date":"22\/07\/2014","format":false,"excerpt":"El relator uruguayo se enfrent\u00f3 a las acusaciones del periodista, quien revel\u00f3 un supuesto documento de cu\u00e1nto habr\u00eda cobrado por conducir el ciclo deportivo durante el Mundial. Jorge Lanata afirm\u00f3 en su programa que su colega, el uruguayo V\u00edctor Hugo Morales, hab\u00eda cobrado 1,2 millones de d\u00f3lares por conducir el\u2026","rel":"","context":"En \u00abMedios\u00bb","block_context":{"text":"Medios","link":"https:\/\/www.24baires.com\/?cat=54"},"img":{"alt_text":"v\u00edctor hugo","src":"https:\/\/i0.wp.com\/www.24baires.com\/wp-content\/uploads\/2014\/07\/v%C3%ADctor-hugo.jpg?resize=350%2C200","width":350,"height":200,"srcset":"https:\/\/i0.wp.com\/www.24baires.com\/wp-content\/uploads\/2014\/07\/v%C3%ADctor-hugo.jpg?resize=350%2C200 1x, https:\/\/i0.wp.com\/www.24baires.com\/wp-content\/uploads\/2014\/07\/v%C3%ADctor-hugo.jpg?resize=525%2C300 1.5x"},"classes":[]}],"jetpack_sharing_enabled":true,"jetpack_likes_enabled":true,"_links":{"self":[{"href":"https:\/\/www.24baires.com\/index.php?rest_route=\/wp\/v2\/posts\/12418","targetHints":{"allow":["GET"]}}],"collection":[{"href":"https:\/\/www.24baires.com\/index.php?rest_route=\/wp\/v2\/posts"}],"about":[{"href":"https:\/\/www.24baires.com\/index.php?rest_route=\/wp\/v2\/types\/post"}],"author":[{"embeddable":true,"href":"https:\/\/www.24baires.com\/index.php?rest_route=\/wp\/v2\/users\/11"}],"replies":[{"embeddable":true,"href":"https:\/\/www.24baires.com\/index.php?rest_route=%2Fwp%2Fv2%2Fcomments&post=12418"}],"version-history":[{"count":3,"href":"https:\/\/www.24baires.com\/index.php?rest_route=\/wp\/v2\/posts\/12418\/revisions"}],"predecessor-version":[{"id":12560,"href":"https:\/\/www.24baires.com\/index.php?rest_route=\/wp\/v2\/posts\/12418\/revisions\/12560"}],"wp:attachment":[{"href":"https:\/\/www.24baires.com\/index.php?rest_route=%2Fwp%2Fv2%2Fmedia&parent=12418"}],"wp:term":[{"taxonomy":"category","embeddable":true,"href":"https:\/\/www.24baires.com\/index.php?rest_route=%2Fwp%2Fv2%2Fcategories&post=12418"},{"taxonomy":"post_tag","embeddable":true,"href":"https:\/\/www.24baires.com\/index.php?rest_route=%2Fwp%2Fv2%2Ftags&post=12418"}],"curies":[{"name":"wp","href":"https:\/\/api.w.org\/{rel}","templated":true}]}}