{"id":12414,"date":"2013-01-16T11:26:53","date_gmt":"2013-01-16T14:26:53","guid":{"rendered":"http:\/\/www.24baires.com\/?p=12414"},"modified":"2013-01-16T12:31:39","modified_gmt":"2013-01-16T15:31:39","slug":"por-el-bicentenario-de-la-batalla-de-salta-el-20-de-febrero-sera-feriado","status":"publish","type":"post","link":"https:\/\/www.24baires.com\/?p=12414","title":{"rendered":"Por el bicentenario de la Batalla de Salta, el 20 de febrero ser\u00e1 feriado"},"content":{"rendered":"<p>Ser\u00e1 en conmemoraci\u00f3n del bicentenario de la batalla en la cual el Ej\u00e9rcito del Norte, comandado por Manuel Belgrano, derrot\u00f3 por segunda vez a las tropas realistas y fren\u00f3 su avance sobre el territorio argentino.<!--more--><\/p>\n<p>La ley que estableci\u00f3 el feriado fue sancionada por el Congreso de la Naci\u00f3n el 29 de noviembre \u00faltimo y fue publicada hoy en el Bolet\u00edn Oficial y de esta manera queda confirmado este feriado.<\/p>\n<p>La batalla de Salta se libr\u00f3 el 20 de febrero de 1813 en Campo Casta\u00f1ares, hoy zona norte de la Ciudad de Salta y all\u00ed flame\u00f3 por primera vez la bandera celeste y blanca que Belgrano hab\u00eda hecho jurar unos d\u00edas antes en la ribera del R\u00edo Pasaje (luego denominado Juramento).<\/p>\n<p>La batalla de Salta constituy\u00f3 un hito importante en la historia argentina porque a partir de ella se consolid\u00f3 definitivamente la frontera norte.<\/p>\n<p>&nbsp;<\/p>\n<p>&nbsp;<\/p>\n<p>&nbsp;<\/p>\n<p>&nbsp;<\/p>\n<p>&nbsp;<\/p>\n<p>&nbsp;<\/p>\n<p>&nbsp;<\/p>\n<p>&nbsp;<\/p>\n<p>&nbsp;<\/p>\n<p>&nbsp;<\/p>\n<p>&nbsp;<\/p>\n<p>&nbsp;<\/p>\n<p>&nbsp;<\/p>\n<p>&nbsp;<\/p>\n<p>&nbsp;<\/p>\n<p>&nbsp;<\/p>\n<p>&nbsp;<\/p>\n<p>&nbsp;<\/p>\n<p>&nbsp;<\/p>\n<p>&nbsp;<\/p>\n<p>&nbsp;<\/p>\n<p>&nbsp;<\/p>\n<p>&nbsp;<\/p>\n<p>&nbsp;<\/p>\n<p>&nbsp;<\/p>\n<p>&nbsp;<\/p>\n<p>&nbsp;<\/p>\n<p>&nbsp;<\/p>\n<p>&nbsp;<\/p>\n<p>&nbsp;<\/p>\n<p>&nbsp;<\/p>\n<p>&nbsp;<\/p>\n","protected":false},"excerpt":{"rendered":"<p>Ser\u00e1 en conmemoraci\u00f3n del bicentenario de la batalla en la cual el Ej\u00e9rcito del Norte, comandado por Manuel Belgrano, derrot\u00f3 por segunda vez a las tropas realistas y fren\u00f3 su avance sobre el territorio argentino.<\/p>\n","protected":false},"author":4,"featured_media":0,"comment_status":"open","ping_status":"open","sticky":false,"template":"","format":"standard","meta":{"_jetpack_newsletter_access":"","_jetpack_dont_email_post_to_subs":false,"_jetpack_newsletter_tier_id":0,"_jetpack_memberships_contains_paywalled_content":false,"_jetpack_memberships_contains_paid_content":false,"footnotes":""},"categories":[1],"tags":[],"class_list":["post-12414","post","type-post","status-publish","format-standard","hentry","category-sociedad"],"jetpack_featured_media_url":"","jetpack_shortlink":"https:\/\/wp.me\/p2JWE0-3ee","jetpack-related-posts":[{"id":16194,"url":"https:\/\/www.24baires.com\/?p=16194","url_meta":{"origin":12414,"position":0},"title":"\u00abEn la Batalla de Salta comenz\u00f3 a definirse la nacionalidad argentina\u00bb puntualiz\u00f3 Boudou","author":"Grupo Sierra","date":"20\/02\/2013","format":false,"excerpt":"\"Es un momento muy importante y de gran simbolismo\", dijo Boudou a medios locales en el marco de los festejos por el bicentenario de la Batalla de Salta que se realizan en la capital salte\u00f1a. Boudou record\u00f3 que en la Batalla de Salta \"se empez\u00f3 a definir la nacionalidad argentina,\u2026","rel":"","context":"En \u00abPol\u00edtica\u00bb","block_context":{"text":"Pol\u00edtica","link":"https:\/\/www.24baires.com\/?cat=51"},"img":{"alt_text":"boudou en salta","src":"https:\/\/i0.wp.com\/www.24baires.com\/wp-content\/uploads\/2013\/02\/boudou-en-salta.jpg?resize=350%2C200","width":350,"height":200,"srcset":"https:\/\/i0.wp.com\/www.24baires.com\/wp-content\/uploads\/2013\/02\/boudou-en-salta.jpg?resize=350%2C200 1x, https:\/\/i0.wp.com\/www.24baires.com\/wp-content\/uploads\/2013\/02\/boudou-en-salta.jpg?resize=525%2C300 1.5x"},"classes":[]},{"id":6258,"url":"https:\/\/www.24baires.com\/?p=6258","url_meta":{"origin":12414,"position":1},"title":"Avanza la aprobaci\u00f3n de un nuevo feriado para el pr\u00f3ximo febrero","author":"AF","date":"21\/11\/2012","format":false,"excerpt":"Ser\u00eda por \u00fanica vez, el 20 de febrero pr\u00f3ximo, y es con motivo de la Batalla de Salta, librada por las fuerzas patriotas a cargo del general Manuel Belgrano. Obtuvo dictamen de mayor\u00eda en el Comisi\u00f3n de Legislaci\u00f3n General, el proyecto que present\u00f3 el diputado Fernando Yarade (FpV-Salta) el 25-11-2011,\u2026","rel":"","context":"En \u00abSociedad\u00bb","block_context":{"text":"Sociedad","link":"https:\/\/www.24baires.com\/?cat=1"},"img":{"alt_text":"","src":"","width":0,"height":0},"classes":[]},{"id":240,"url":"https:\/\/www.24baires.com\/?p=240","url_meta":{"origin":12414,"position":2},"title":"\u201cEl legado de Belgrano est\u00e1 vivo en cada decisi\u00f3n pol\u00edtica de Cristina a favor del pueblo\u201d","author":"Grupo Sierra","date":"24\/09\/2012","format":false,"excerpt":"El titular de la C\u00e1mara de Diputados, Juli\u00e1n Dom\u00ednguez, se refiri\u00f3 a la conmemoraci\u00f3n del Bicentenario de la \"Batalla de Tucum\u00e1n\" y asegur\u00f3 que \u201cel legado de Belgrano est\u00e1 vivo en cada decisi\u00f3n pol\u00edtica de nuestra presidenta en favor del pueblo\u201d. \u201cManuel Belgrano tuvo la valent\u00eda de desafiar al orden\u2026","rel":"","context":"En \u00abPol\u00edtica\u00bb","block_context":{"text":"Pol\u00edtica","link":"https:\/\/www.24baires.com\/?cat=51"},"img":{"alt_text":"","src":"https:\/\/i0.wp.com\/www.24baires.com\/wp-content\/uploads\/2012\/09\/dominguez-julian.jpg?resize=350%2C200","width":350,"height":200,"srcset":"https:\/\/i0.wp.com\/www.24baires.com\/wp-content\/uploads\/2012\/09\/dominguez-julian.jpg?resize=350%2C200 1x, https:\/\/i0.wp.com\/www.24baires.com\/wp-content\/uploads\/2012\/09\/dominguez-julian.jpg?resize=525%2C300 1.5x"},"classes":[]},{"id":26457,"url":"https:\/\/www.24baires.com\/?p=26457","url_meta":{"origin":12414,"position":3},"title":"Cristina: \u00abEn 2015 quiero ser jueza y qu\u00e9 me importa lo que vota la gente\u00bb","author":"Grupo Sierra","date":"20\/06\/2013","format":false,"excerpt":"Cristina Fern\u00e1ndez de Kirchner, en Rosario, insisti\u00f3 con sus cr\u00edticas a la Corte por el fallo que impide el voto popular de consejeros de la Magistratura. \"No sea cosa que venga una cautelar y no nos dejen votar presidentes y legisladores\", dijo ir\u00f3nicamente. La presidenta Cristina Fern\u00e1ndez de Kirchner asegur\u00f3\u2026","rel":"","context":"En \u00abPol\u00edtica\u00bb","block_context":{"text":"Pol\u00edtica","link":"https:\/\/www.24baires.com\/?cat=51"},"img":{"alt_text":"cristina_bandera2_38561","src":"https:\/\/i0.wp.com\/www.24baires.com\/wp-content\/uploads\/2013\/06\/cristina_bandera2_38561.jpg?resize=350%2C200","width":350,"height":200,"srcset":"https:\/\/i0.wp.com\/www.24baires.com\/wp-content\/uploads\/2013\/06\/cristina_bandera2_38561.jpg?resize=350%2C200 1x, https:\/\/i0.wp.com\/www.24baires.com\/wp-content\/uploads\/2013\/06\/cristina_bandera2_38561.jpg?resize=525%2C300 1.5x"},"classes":[]},{"id":75707,"url":"https:\/\/www.24baires.com\/?p=75707","url_meta":{"origin":12414,"position":4},"title":"Buena ocupaci\u00f3n hotelera de los principales centros tur\u00edsticos","author":"GB","date":"27\/11\/2015","format":false,"excerpt":"Mar del Plata, San Carlos de Bariloche, Mendoza, Entre R\u00edos y Salta, cinco de los principales centros tur\u00edsticos argentinos, registraban un buen ingreso de visitantes en el primer d\u00eda del fin de semana largo. Un informe del Ministerio de Turismos vaticinaba que en este feriado extendido por el D\u00eda de\u2026","rel":"","context":"En \u00abTurismo\u00bb","block_context":{"text":"Turismo","link":"https:\/\/www.24baires.com\/?cat=69"},"img":{"alt_text":"","src":"","width":0,"height":0},"classes":[]},{"id":16233,"url":"https:\/\/www.24baires.com\/?p=16233","url_meta":{"origin":12414,"position":5},"title":"\u00abEndeudarse para pagar sueldos es un camino peligroso\u00bb, asegur\u00f3 Lorenzino","author":"AF","date":"20\/02\/2013","format":false,"excerpt":"El ministro de Econom\u00eda, Hern\u00e1n Lorenzino, se refiri\u00f3 as\u00ed a la situaci\u00f3n econ\u00f3mica de la provincia de Buenos Aires, y advirti\u00f3 que \"la victimizaci\u00f3n permanente\" no le parece lo m\u00e1s adecuado. \"Creo que los que tenemos una responsabilidad debemos hacer frente a las situaciones, siempre pensando en la gente, ya\u2026","rel":"","context":"En \u00abEconom\u00eda\u00bb","block_context":{"text":"Econom\u00eda","link":"https:\/\/www.24baires.com\/?cat=45"},"img":{"alt_text":"lorenzino","src":"https:\/\/i0.wp.com\/www.24baires.com\/wp-content\/uploads\/2013\/02\/lorenzino.jpg?resize=350%2C200","width":350,"height":200,"srcset":"https:\/\/i0.wp.com\/www.24baires.com\/wp-content\/uploads\/2013\/02\/lorenzino.jpg?resize=350%2C200 1x, https:\/\/i0.wp.com\/www.24baires.com\/wp-content\/uploads\/2013\/02\/lorenzino.jpg?resize=525%2C300 1.5x"},"classes":[]}],"jetpack_sharing_enabled":true,"jetpack_likes_enabled":true,"_links":{"self":[{"href":"https:\/\/www.24baires.com\/index.php?rest_route=\/wp\/v2\/posts\/12414","targetHints":{"allow":["GET"]}}],"collection":[{"href":"https:\/\/www.24baires.com\/index.php?rest_route=\/wp\/v2\/posts"}],"about":[{"href":"https:\/\/www.24baires.com\/index.php?rest_route=\/wp\/v2\/types\/post"}],"author":[{"embeddable":true,"href":"https:\/\/www.24baires.com\/index.php?rest_route=\/wp\/v2\/users\/4"}],"replies":[{"embeddable":true,"href":"https:\/\/www.24baires.com\/index.php?rest_route=%2Fwp%2Fv2%2Fcomments&post=12414"}],"version-history":[{"count":2,"href":"https:\/\/www.24baires.com\/index.php?rest_route=\/wp\/v2\/posts\/12414\/revisions"}],"predecessor-version":[{"id":12420,"href":"https:\/\/www.24baires.com\/index.php?rest_route=\/wp\/v2\/posts\/12414\/revisions\/12420"}],"wp:attachment":[{"href":"https:\/\/www.24baires.com\/index.php?rest_route=%2Fwp%2Fv2%2Fmedia&parent=12414"}],"wp:term":[{"taxonomy":"category","embeddable":true,"href":"https:\/\/www.24baires.com\/index.php?rest_route=%2Fwp%2Fv2%2Fcategories&post=12414"},{"taxonomy":"post_tag","embeddable":true,"href":"https:\/\/www.24baires.com\/index.php?rest_route=%2Fwp%2Fv2%2Ftags&post=12414"}],"curies":[{"name":"wp","href":"https:\/\/api.w.org\/{rel}","templated":true}]}}