{"id":12402,"date":"2013-01-16T11:56:05","date_gmt":"2013-01-16T14:56:05","guid":{"rendered":"http:\/\/www.24baires.com\/?p=12402"},"modified":"2013-01-16T11:56:05","modified_gmt":"2013-01-16T14:56:05","slug":"dario-diaz-perez-hablo-de-la-gaffe-de-tn","status":"publish","type":"post","link":"https:\/\/www.24baires.com\/?p=12402","title":{"rendered":"Dar\u00edo D\u00edaz P\u00e9rez habl\u00f3 de la &#8216;gaffe&#8217; de TN"},"content":{"rendered":"<p><a href=\"http:\/\/www.24baires.com\/politica\/6169-lo-de-pampuro-es-lamentable\/attachment\/diaz-perez\/\" rel=\"attachment wp-att-6171\"><img data-recalc-dims=\"1\" loading=\"lazy\" decoding=\"async\" class=\"aligncenter size-full wp-image-6171\" alt=\"diaz-perez\" src=\"https:\/\/i0.wp.com\/www.24baires.com\/wp-content\/uploads\/2012\/11\/diaz-perez.jpg?resize=560%2C404\" width=\"560\" height=\"404\" srcset=\"https:\/\/i0.wp.com\/www.24baires.com\/wp-content\/uploads\/2012\/11\/diaz-perez.jpg?w=560&amp;ssl=1 560w, https:\/\/i0.wp.com\/www.24baires.com\/wp-content\/uploads\/2012\/11\/diaz-perez.jpg?resize=300%2C216&amp;ssl=1 300w\" sizes=\"auto, (max-width: 560px) 100vw, 560px\" \/><\/a><\/p>\n<p><strong>LAN\u00daS.-<\/strong> El intendente de Lan\u00fas, Dar\u00edo D\u00edaz P\u00e9rez, denunci\u00f3 una campa\u00f1a del Grupo Clar\u00edn, \u00a0acus\u00f3 a la empresa y a \u00abpol\u00edticos de la oposici\u00f3n\u00bb, <strong>luego de que el viernes pasado TN difundiera como noticia el crimen de un empresario en el municipio que hab\u00eda ocurrido hace cinco a\u00f1os.<\/strong><\/p>\n<p><!--more--><\/p>\n<p>\u00abUna torpeza as\u00ed uno la puede imaginar en un medio que reci\u00e9n empieza. Hay una intencionalidad manifiesta del multimedios asociada a pol\u00edticos de la oposici\u00f3n hacia Lan\u00fas y hacia mi persona\u00bb, se\u00f1al\u00f3 D\u00edaz P\u00e9rez sobre lo ocurrido en di\u00e1logo con T\u00e9lam.<\/p>\n<p>El intendente explic\u00f3 adem\u00e1s que el hecho hab\u00eda sido informado por la se\u00f1al hace cinco a\u00f1os y que a ra\u00edz de la informaci\u00f3n difundida el viernes pasado a las 7.26 \u00abse empez\u00f3 a movilizar todo, hasta las autoridades policiales\u00bb, e incluso el periodista de TN \u00abMauro Szeta se fue hasta la comisar\u00eda y lo llam\u00f3 al jefe departamental\u00bb.<\/p>\n<p>D\u00edaz P\u00e9rez tambi\u00e9n sostuvo que \u00abhan elegido a Lan\u00fas para instalarlo como distrito problem\u00e1tico; antes fue con Marcela Morelo, y tambi\u00e9n con hechos en Lomas de Zamora o Gerli que los pasan como ocurridos en Lan\u00fas\u00bb.<\/p>\n<p>Adem\u00e1s el intendente critic\u00f3 que \u00abno hubo rectificaci\u00f3n ni pedido de disculpas\u00bb y se\u00f1al\u00f3 que \u00abcada vez que se refieren a mi persona me mencionan como ultrakirchnerista\u00bb.<\/p>\n<p>\u00abEl m\u00e9todo de ellos es la ofensa permanente y no aclarar nada\u00bb, remarc\u00f3.<\/p>\n<p>El periodista Guillermo Lobo, que se encontraba en el estudio de la se\u00f1al cuando fue difundida la noticia, reconoci\u00f3 a trav\u00e9s de Twitter que \u00abes un tremendo y redondo error\u00bb, pero ante la consulta de un usuario de la red social de si se iba a aclarar respondi\u00f3: \u00abLa familia nos pide que no olvidemos el crimen. A\u00fan hay puntos oscuros en la investigaci\u00f3n. Piden Justicia\u00bb<\/p>\n<p>&nbsp;<\/p>\n<p>&nbsp;<\/p>\n<p>&nbsp;<\/p>\n<p>&nbsp;<\/p>\n<p>&nbsp;<\/p>\n<p>&nbsp;<\/p>\n","protected":false},"excerpt":{"rendered":"<p>LAN\u00daS.- El intendente de Lan\u00fas, Dar\u00edo D\u00edaz P\u00e9rez, denunci\u00f3 una campa\u00f1a del Grupo Clar\u00edn, \u00a0acus\u00f3 a la empresa y a \u00abpol\u00edticos de la oposici\u00f3n\u00bb, luego de que el viernes pasado TN difundiera como noticia el crimen de un empresario en el municipio que hab\u00eda ocurrido hace cinco a\u00f1os.<\/p>\n","protected":false},"author":11,"featured_media":0,"comment_status":"open","ping_status":"open","sticky":false,"template":"","format":"standard","meta":{"_jetpack_newsletter_access":"","_jetpack_dont_email_post_to_subs":false,"_jetpack_newsletter_tier_id":0,"_jetpack_memberships_contains_paywalled_content":false,"_jetpack_memberships_contains_paid_content":false,"footnotes":""},"categories":[54],"tags":[],"class_list":["post-12402","post","type-post","status-publish","format-standard","hentry","category-medios"],"jetpack_featured_media_url":"","jetpack_shortlink":"https:\/\/wp.me\/p2JWE0-3e2","jetpack-related-posts":[{"id":28239,"url":"https:\/\/www.24baires.com\/?p=28239","url_meta":{"origin":12402,"position":0},"title":"Para D\u00edaz P\u00e9rez, el massismo es \u201cun proyecto pol\u00edtico fantasma\u201d","author":"Grupo Sierra","date":"14\/07\/2013","format":false,"excerpt":"El intendente de Lan\u00fas advirti\u00f3\u00a0 que el l\u00edder del Frente Renovador, Sergio Massa, no define claramente en qu\u00e9 consiste su propuesta electoral porque \u201cnos tiene preparada una sorpresa muy triste para la Argentina\u201d. Lo compar\u00f3 con Carlos Menem y calific\u00f3 de \u201cespeculadores\u201d a los jefes comunales que se pasaron a\u2026","rel":"","context":"En \u00abPol\u00edtica\u00bb","block_context":{"text":"Pol\u00edtica","link":"https:\/\/www.24baires.com\/?cat=51"},"img":{"alt_text":"diaz perez","src":"https:\/\/i0.wp.com\/www.24baires.com\/wp-content\/uploads\/2013\/07\/diaz-perez.jpg?resize=350%2C200","width":350,"height":200,"srcset":"https:\/\/i0.wp.com\/www.24baires.com\/wp-content\/uploads\/2013\/07\/diaz-perez.jpg?resize=350%2C200 1x, https:\/\/i0.wp.com\/www.24baires.com\/wp-content\/uploads\/2013\/07\/diaz-perez.jpg?resize=525%2C300 1.5x"},"classes":[]},{"id":70006,"url":"https:\/\/www.24baires.com\/?p=70006","url_meta":{"origin":12402,"position":1},"title":"\u00abLa oposici\u00f3n no tiene la visi\u00f3n integradora de N\u00e9stor y Cristina\u00bb","author":"AF","date":"04\/08\/2015","format":false,"excerpt":"Lo indic\u00f3 el precandidato a gobernador bonaerense por el FpV, quien recorri\u00f3 el barrio Villa Esperanza, de Lan\u00fas, junto al intendente Dar\u00edo D\u00edaz P\u00e9rez y el candidato para sucederlo, Juli\u00e1n Alvarez. El jefe de Gabinete y precandidato a gobernador bonaerense por el FpV, An\u00edbal Fern\u00e1ndez, advirti\u00f3 que \"la oposici\u00f3n es\u2026","rel":"","context":"En \u00abElecciones 2015\u00bb","block_context":{"text":"Elecciones 2015","link":"https:\/\/www.24baires.com\/?cat=74"},"img":{"alt_text":"\u00e1lvarez lan\u00fas","src":"https:\/\/i0.wp.com\/www.24baires.com\/wp-content\/uploads\/2015\/08\/%C3%A1lvarez-lan%C3%BAs-300x202.jpg?resize=350%2C200","width":350,"height":200},"classes":[]},{"id":6169,"url":"https:\/\/www.24baires.com\/?p=6169","url_meta":{"origin":12402,"position":2},"title":"\u00abLo de Pampuro es lamentable\u00bb","author":"Grupo Sierra","date":"20\/11\/2012","format":false,"excerpt":"LAN\u00daS - El intendente Dar\u00edo D\u00edaz P\u00e9rez, critic\u00f3 que el vice del Banco Provincia haya alentado la candidatura presidencial de Daniel Scioli sin consultar al Partido Justicialista de Lan\u00fas, del cual es presidente. Tambi\u00e9n le recrimin\u00f3 los ataques al diputado Andr\u00e9s Larroque y consider\u00f3 que perjudica al propio gobernador cuando\u2026","rel":"","context":"En \u00abPol\u00edtica\u00bb","block_context":{"text":"Pol\u00edtica","link":"https:\/\/www.24baires.com\/?cat=51"},"img":{"alt_text":"","src":"https:\/\/i0.wp.com\/www.24baires.com\/wp-content\/uploads\/2012\/11\/diaz-perez.jpg?resize=350%2C200","width":350,"height":200,"srcset":"https:\/\/i0.wp.com\/www.24baires.com\/wp-content\/uploads\/2012\/11\/diaz-perez.jpg?resize=350%2C200 1x, https:\/\/i0.wp.com\/www.24baires.com\/wp-content\/uploads\/2012\/11\/diaz-perez.jpg?resize=525%2C300 1.5x"},"classes":[]},{"id":23193,"url":"https:\/\/www.24baires.com\/?p=23193","url_meta":{"origin":12402,"position":3},"title":"Ex combatientes residentes en Lan\u00fas volver\u00e1n a visitar las Islas Malvinas","author":"AF","date":"10\/05\/2013","format":false,"excerpt":"El intendente de Lan\u00fas Dar\u00edo D\u00edaz P\u00e9rez hizo entrega de los tickets a\u00e9reos a quienes volver\u00e1n por primera vez, luego del conflicto armado a nuestras Islas Malvinas. En el Sal\u00f3n de Encuentros del segundo piso del Palacio Comunal, el intendente de Lan\u00fas Dar\u00edo D\u00edaz P\u00e9rez, llevo a cabo la emotiva\u2026","rel":"","context":"En \u00abSociedad\u00bb","block_context":{"text":"Sociedad","link":"https:\/\/www.24baires.com\/?cat=1"},"img":{"alt_text":"","src":"","width":0,"height":0},"classes":[]},{"id":27193,"url":"https:\/\/www.24baires.com\/?p=27193","url_meta":{"origin":12402,"position":4},"title":"Presentaron la primera edici\u00f3n de la exposici\u00f3n industrial Made in Lan\u00fas","author":"AF","date":"29\/06\/2013","format":false,"excerpt":"Se realizar\u00e1 entre el 25 y el 29 de septiembre en los Talleres de la UNLa y tendr\u00e1 como objetivo promover el concepto de empresa como factor de desarrollo y progreso individual, social, econ\u00f3mico, pol\u00edtico, tecnol\u00f3gico y cient\u00edfico. El acta acuerdo fue firmada esta semana por el intendente Dar\u00edo D\u00edaz\u2026","rel":"","context":"En \u00abLocales\u00bb","block_context":{"text":"Locales","link":"https:\/\/www.24baires.com\/?cat=38"},"img":{"alt_text":"made in lanus","src":"https:\/\/i0.wp.com\/www.24baires.com\/wp-content\/uploads\/2013\/06\/made-in-lanus-300x190.jpg?resize=350%2C200","width":350,"height":200},"classes":[]},{"id":4218,"url":"https:\/\/www.24baires.com\/?p=4218","url_meta":{"origin":12402,"position":5},"title":"El Intendente de Lan\u00fas le pide a los vecinos que se movilicen por la Ley de Medios","author":"Grupo Sierra","date":"02\/11\/2012","format":false,"excerpt":"El intendente Dar\u00edo\u00a0D\u00edaz Perez\u00a0plante\u00f3 hoy la necesidad de consolidar \u201cun proceso in\u00e9dito en la Argentina\" de cara al pr\u00f3ximo 7 de diciembre, cuando vence la medida cautelar que \u201cevita el cumplimiento completo\u201d de la Ley de Servicios de Comunicaci\u00f3n Audiovisual. \u201cLa Presidenta (Cristina Fern\u00e1ndez de Kirchner) necesita de cada uno\u2026","rel":"","context":"En \u00abMedios\u00bb","block_context":{"text":"Medios","link":"https:\/\/www.24baires.com\/?cat=54"},"img":{"alt_text":"","src":"","width":0,"height":0},"classes":[]}],"jetpack_sharing_enabled":true,"jetpack_likes_enabled":true,"_links":{"self":[{"href":"https:\/\/www.24baires.com\/index.php?rest_route=\/wp\/v2\/posts\/12402","targetHints":{"allow":["GET"]}}],"collection":[{"href":"https:\/\/www.24baires.com\/index.php?rest_route=\/wp\/v2\/posts"}],"about":[{"href":"https:\/\/www.24baires.com\/index.php?rest_route=\/wp\/v2\/types\/post"}],"author":[{"embeddable":true,"href":"https:\/\/www.24baires.com\/index.php?rest_route=\/wp\/v2\/users\/11"}],"replies":[{"embeddable":true,"href":"https:\/\/www.24baires.com\/index.php?rest_route=%2Fwp%2Fv2%2Fcomments&post=12402"}],"version-history":[{"count":3,"href":"https:\/\/www.24baires.com\/index.php?rest_route=\/wp\/v2\/posts\/12402\/revisions"}],"predecessor-version":[{"id":12409,"href":"https:\/\/www.24baires.com\/index.php?rest_route=\/wp\/v2\/posts\/12402\/revisions\/12409"}],"wp:attachment":[{"href":"https:\/\/www.24baires.com\/index.php?rest_route=%2Fwp%2Fv2%2Fmedia&parent=12402"}],"wp:term":[{"taxonomy":"category","embeddable":true,"href":"https:\/\/www.24baires.com\/index.php?rest_route=%2Fwp%2Fv2%2Fcategories&post=12402"},{"taxonomy":"post_tag","embeddable":true,"href":"https:\/\/www.24baires.com\/index.php?rest_route=%2Fwp%2Fv2%2Ftags&post=12402"}],"curies":[{"name":"wp","href":"https:\/\/api.w.org\/{rel}","templated":true}]}}