{"id":12401,"date":"2013-01-16T11:41:25","date_gmt":"2013-01-16T14:41:25","guid":{"rendered":"http:\/\/www.24baires.com\/?p=12401"},"modified":"2013-01-16T11:41:31","modified_gmt":"2013-01-16T14:41:31","slug":"jose-pablo-feinmann-civilizacion-y-barbarie-ayer-y-hoy","status":"publish","type":"post","link":"https:\/\/www.24baires.com\/?p=12401","title":{"rendered":"Jos\u00e9 Pablo Feinmann: Civilizaci\u00f3n y Barbarie, ayer y hoy"},"content":{"rendered":"<p><strong><a href=\"http:\/\/www.24baires.com\/sociedad\/12401-jose-pablo-feinmann-civilizacion-y-barbarie-ayer-y-hoy\/attachment\/dorio-feinmann\/\" rel=\"attachment wp-att-12403\"><img data-recalc-dims=\"1\" loading=\"lazy\" decoding=\"async\" class=\"aligncenter size-full wp-image-12403\" alt=\"dorio feinmann\" src=\"https:\/\/i0.wp.com\/www.24baires.com\/wp-content\/uploads\/2013\/01\/dorio-feinmann.jpg?resize=560%2C357\" width=\"560\" height=\"357\" srcset=\"https:\/\/i0.wp.com\/www.24baires.com\/wp-content\/uploads\/2013\/01\/dorio-feinmann.jpg?w=560&amp;ssl=1 560w, https:\/\/i0.wp.com\/www.24baires.com\/wp-content\/uploads\/2013\/01\/dorio-feinmann.jpg?resize=300%2C191&amp;ssl=1 300w\" sizes=\"auto, (max-width: 560px) 100vw, 560px\" \/><\/a><\/strong><\/p>\n<p><strong>MAR DEL PLATA &#8211;<\/strong> En el marco de la nueva propuesta \u00abDi\u00e1logos Argentinos\u00bb, que tendr\u00e1 lugar todas las semanas de la temporada 2013 en el ex Asilo Unzu\u00e9 bajo la consigna \u00abArgentina, el verano de un amor\u00bb, y de la cual participan diferentes personalidades reconocidas, el fil\u00f3sofo Jos\u00e9 Pablo Feinmann se present\u00f3 para compartir con una multitud de espectadores una interesante charla, acompa\u00f1ado por el periodista Jorge Dorio.<!--more--><\/p>\n<p>\u00abSiempre que llovi\u00f3, par\u00f3\u00bb, brome\u00f3 el periodista, escritor y actor argentino, Jorge Dorio, refiri\u00e9ndose al mal clima de Mar del Plata. En el gran escenario del parque del ex Asilo Unzu\u00e9, present\u00f3 con gracia a quien fue su sucesor de di\u00e1logo: el fil\u00f3sofo, escritor y ensayista (entre otras tantas facetas), Jos\u00e9 Pablo Feinmann. Dorio agradeci\u00f3 la invitaci\u00f3n, haciendo alusi\u00f3n al lugar en que se encontraban, un \u00e1mbito que \u00abalguna vez fue conocido como f\u00e1brica de mu\u00f1ecas\u00bb, recalcando el notable cambio.<\/p>\n<p>A continuaci\u00f3n, expres\u00f3 su admiraci\u00f3n hacia Feinmann y expuso que en una de sus antiguas charlas, el fil\u00f3sofo le confes\u00f3 que sent\u00eda que no deb\u00eda irse al momento de explotar la \u00faltima dictadura militar en la Argentina de 1976, a\u00fan sabiendo que iban a ir por \u00e9l. \u00abQuedarse por la Patria, es casi una obsesi\u00f3n\u00bb, adhiri\u00f3 Dorio. Luego, tom\u00f3 la palabra Jos\u00e9 Pablo Feinmann para exponer el tema de la charla: Civilizaci\u00f3n y Barbarie, ayer y hoy.<\/p>\n<p>Comenz\u00f3 explicando que el concepto de Barbarie viene desde muy lejos en el tiempo y que se utilizaba para calificar a todos aquellos que no pertenec\u00edan al Imperio. \u00abEn realidad, la concepci\u00f3n de la Civilizaci\u00f3n como la &#8216;luz de la raz\u00f3n&#8217;, aparece con el Iluminismo (el pasaje del hombre a la racionalidad) y tambi\u00e9n est\u00e1 llevado al color de la piel. Seg\u00fan los grandes pensadores de la Civilizaci\u00f3n, ser de piel negra implica ser la sombra de la racionalidad, en cambio la blanca es la piel del colonizador, del que lleva la cultura a otros territorios, a los que si no la lleva \u00e9ste, jam\u00e1s van a poseerla\u00bb, coment\u00f3 Feinmann a los presentes, y agreg\u00f3: \u00abLa Barbarie es lo otro de la Civilizaci\u00f3n. Nunca se preocup\u00f3 mucho por incorporarla, es agresiva y despectiva con ella\u00bb.<\/p>\n<p>Continu\u00f3 leyendo un texto del escritor ingl\u00e9s Rudyard Kipling, a quien consider\u00f3 como el \u00abpoeta del imperialismo\u00bb. El texto se llama \u00abSi\u00bb, y entre sus l\u00edneas se pueden encontrar algunas frases del pensamiento de la \u00e9poca : \u00ab(&#8230;)Si entre la turba das a la virtud abrigo; si, marchando con reyes del orgullo, has triunfado; si no pueden herirte ni amigo ni enemigo; si eres bueno con todos, pero no demasiado; si puedes llenar los preciosos minutos con sesenta segundos de combate brav\u00edo, tuya es la Tierra y todos sus codiciados frutos, y, lo que m\u00e1s importa: \u00a1ser\u00e1s hombre, hijo m\u00edo!\u00bb. Feinmann finaliz\u00f3 la lectura completa y luego explic\u00f3 que ese mismo texto estaba colgado en las paredes de las casas, que as\u00ed era como se supon\u00eda deb\u00eda ser el hombre imperialista. \u00abEn casa tambi\u00e9n estaba y siempre pens\u00e9 c\u00f3mo har\u00eda yo para hacer todo eso&#8230; Efectivamente, nunca fui un hombre imperialista.\u00bb<\/p>\n<p>Para empezar a hablar de Civilizaci\u00f3n y Barbarie, comenz\u00f3 remiti\u00e9ndose al texto \u00abEl Matadero\u00bb de Esteban Echeverr\u00eda, tambi\u00e9n comentando de su largo peregrinaje en la literatura argentina, como lo es el \u00abFacundo\u00bb de Domingo Faustino Sarmiento, luego retomado por Jorge Luis Borges y Adolfo Bioy Casares, m\u00e1s tarde, German Rozenmacher con \u00abCabecita Negra\u00bb, y terminando con \u00abEl ni\u00f1o proletario\u00bb de Osvaldo Lamborghini. \u00abEn &#8216;El Matadero&#8217; se puede ver que la Civilizaci\u00f3n es un concepto cultural y b\u00e9lico, ya que el colonialismo capitalista conquista en base a valores. Era algo as\u00ed como decir &#8216;Nosotros entramos en sus territorios, pero traemos progreso, civilizaci\u00f3n y cultura. Van a ser seres humanos porque los vamos a hacer como nosotros.&#8217; As\u00ed empezaron a colonizar.\u00bb<\/p>\n<p>Luego, el fil\u00f3sofo record\u00f3 que el escritor de \u00abFacundo\u00bb pidi\u00f3 en sus tiempos consejos al Mariscal Bugeaud (quien acababa de asesinar a 500 argelios por tratarse de \u00abb\u00e1rbaros\u00bb) sobre c\u00f3mo luchar contra los \u00abgauchos alzados federales\u00bb que azotaban las provincias interiores en contra de la Civilizaci\u00f3n de Buenos Aires. \u00abEl Mariscal le dijo: &#8216;A la Barbarie se la combate con Barbarie.&#8217; Es algo de lo que debe haber pensado el General Videla en su momento, aparte de las miles de justificaciones que dio. Una vez, pregunt\u00e9 en mi inocencia: \u00bfQu\u00e9 van a hacer si toman el poder? \u00bfQu\u00e9 van a hacer con la militancia? &#8216;Capucha y zanja&#8217;, me respondieron. Cuando no hay ideas, se recurre a la violencia. En realidad las ideas est\u00e1n destinadas a justificar la violencia.\u00bb<\/p>\n<p>Tras contar un poco acerca de los tiempos de dictadura, relat\u00f3 un episodio en el que al abogado Jaime Lamont Smart, ex Ministro de Justicia durante el per\u00edodo del dictador Saint Jean (quien se destac\u00f3 por una frase inolvidable en medio de la represi\u00f3n m\u00e1s grande de 1976: \u00abPrimero vamos a matar a todos los subversivos, despu\u00e9s a los c\u00f3mplices, despu\u00e9s a los amigos, despu\u00e9s a las familias y finalmente a los t\u00edmidos\u00bb), expuso en una tapa del diario La Naci\u00f3n de Septiembre de 1977 que los que armaron la subversi\u00f3n fueron los intelectuales, incluyendo a todos los profesores de los niveles de ense\u00f1anza. \u00abYo estaba en la Argentina y hab\u00eda dado much\u00edsimas clases en la facultad de filosof\u00eda, hab\u00eda escrito dos libros, publiqu\u00e9 en revistas, obviamente me sent\u00ed directamente se\u00f1alado.\u00bb, expres\u00f3 Feinmann al tiempo que recuerda esos a\u00f1os y de qu\u00e9 manera se culpaba hasta a una profesora de primer a\u00f1o.<\/p>\n<p>Entrando directamente al per\u00edodo del Peronismo, Dorio y Feinmann explican que es el per\u00edodo donde m\u00e1s se puede observar la diferencia entre la Civilizaci\u00f3n y la Barbarie. A partir de que Inglaterra entra en guerra, Argentina ya no puede recibir la mercader\u00eda que recib\u00eda de ella. La \u00fanica salida es comenzar a fabricar en suelo propio. Se produce un proceso extraordinario que da origen al Peronismo. \u00abComienzan las migraciones internas de los llamados &#8216;cabecitas negras&#8217;, &#8216;migrantes internos&#8217;, &#8216;los grasitas&#8217; para Evita, &#8216;los negros de mierda&#8217;, para la Oligarqu\u00eda. \u00bfC\u00f3mo se construye el poder? La pol\u00edtica consiste en construir poder. El capitalismo es codicia. La codicia es crecer. Toda empresa que se detiene, no es. Por eso los monopolios y oligopolios siguen creciendo. Per\u00f3n ve una masa de migrantes internos que vienen del Interior a Buenos Aires y decide que ese ser\u00eda su objeto pol\u00edtico, porque nadie los ve\u00eda. Para los antiguos sindicalistas, eran s\u00f3lo obreros, no les ten\u00edan aprecio. Per\u00f3n decide construir su poder en esa base social. Pide la Secretar\u00eda de Trabajo, despu\u00e9s el Ministerio de Trabajo, finalmente la vicepresidencia de la Rep\u00fablica.<\/p>\n<p>El gremio de la carne era comunista y ten\u00edan al frente a alguien que tambi\u00e9n se encontraba en la Secretar\u00eda de Trabajo. Cuando los obreros van a ver al General explic\u00e1ndole que quer\u00edan hacer una huelga pero que quien dirig\u00eda les dec\u00eda que no, Per\u00f3n les dice que la hagan. Muy contentos, le hacen caso, y Per\u00f3n se queda con el gremio de la carne. Es una gran movida de poder. Per\u00f3n incorpora la Barbarie, porque es la Barbarie que viene del interior. Les da derechos sociales, abogados sindicales, vacaciones, el estatuto del pe\u00f3n, viviendas.\u00bb As\u00ed es como el Partido Peronista gana las elecciones.<\/p>\n<p>Lo que la oligarqu\u00eda no puede perdonar al peronismo, es que se apropi\u00f3 del pa\u00eds e hizo el I.A.P.I. (Instituto Argentino de Promoci\u00f3n del Intercambio), con el cual se empieza a desarrollar la industria liviana. Se redacta la Constituci\u00f3n de 1949, a cargo de Arturo Sampay, pero m\u00e1s popularmente reconocida como \u00abLa Constituci\u00f3n de Per\u00f3n\u00bb. Sobre esto, Feinmann recuerda: \u00abCristina (Fern\u00e1ndez de Kirchner) que es muy inteligente, cuando discuti\u00f3 con los sindicalistas, no present\u00f3 la Constituci\u00f3n como la de \u00abPer\u00f3n\u00bb sino como la de \u00abSampay\u00bb, pregunt\u00e1ndoles si en aquella est\u00e1 contemplado el derecho a huelga. La respuesta es &#8216;no&#8217;.\u00bb Al ser un derecho natural, no se incluy\u00f3 dentro de ella.<\/p>\n<p>Continuando con la Constituci\u00f3n, Feinmann recalc\u00f3: \u00abHay un art\u00edculo que es el de la reelecci\u00f3n de Per\u00f3n, \u00bfcierto? Eso significa que tenemos que reformar la Constituci\u00f3n inmediatamente para que la nueva reelecci\u00f3n de Cristina sea posible.\u00bb, y provoc\u00f3 grandes aplausos de la multitud que lo escuchaba. Luego, continu\u00f3: \u00ab\u00bfD\u00f3nde est\u00e1 la Civilizaci\u00f3n, d\u00f3nde la Barbarie? Si Cristina es la Civilizaci\u00f3n&#8230;entonces todo ese periodismo de cloaca, \u00bfes esa la Barbarie? As\u00ed es como tenemos a la Presidenta: culta, inteligente, gran oradora, que pareciera ser la Civilizaci\u00f3n&#8230; pero que est\u00e1 jugando del lado de la Barbarie.\u00bb<\/p>\n<p>Posteriormente, agreg\u00f3 que cree que al peronismo ya no es necesario explicarlo tanto, ya que el peronismo de la Presidenta de la Naci\u00f3n, Cristina Fern\u00e1ndez, y del ex Presidente, N\u00e9stor Kirchner, no requiere de tantas explicaciones. \u00abEs un peronismo que surge del gobierno de C\u00e1mpora, de lo mejor de la izquierda peronista de los a\u00f1os 70, de John William Cooke, de todo eso viene este gobierno, con las limitaciones del momento, l\u00f3gicamente, estamos en un momento terrible en cuanto a crisis mundiales. En cuanto a los otros, los opositores, es el otro peronismo. Parece que nadie se da cuenta de que est\u00e1n apoyando a Moyano, a Duhalde, a lo peor del peronismo que tiene sus raices en la Triple A.\u00bb<\/p>\n<p>Casi finalizando el di\u00e1logo, y refiri\u00e9ndose a la actualidad pol\u00edtica en la Argentina, agreg\u00f3: \u00abEs posible que si Cristina avanza, vaya licuando algunas cosas del peronismo. No haci\u00e9ndolas desaparecer, sino ejerciendo una nueva forma de hacer pol\u00edtica. N\u00e9stor Kirchner, gran amigo, era un tipo excepcional. (&#8230;) Parece, seg\u00fan algunos medios, que yo soy un &#8216;Ultra K&#8217;. Yo no soy nada de eso, s\u00f3lo soy un tipo que se form\u00f3 en el marxismo, en el sartrismo, que sigo pensando de esa manera y que creo que hay que buscar las cosas que m\u00e1s se se le parecen. Y, sinceramente, considero que una Presidenta que le dice al FMI (Fondo Monetario Internacional) que la FIFA (Federaci\u00f3n Internacional de F\u00fatbol Asociaci\u00f3n) hace las cosas mejor que ellos en las Naciones Unidas y que, adem\u00e1s y como si fuera poco, est\u00e1 desarmando monopolios, est\u00e1 claramente luchando contra el capitalismo. De esta manera, creo que necesita y merece todo nuestro apoyo.\u00bb, finaliz\u00f3 de esta manera Jos\u00e9 Pablo Feinmann, al tiempo que la multitud lo ovacion\u00f3 brind\u00e1ndole un colectivo y fuerte aplauso.<\/p>\n","protected":false},"excerpt":{"rendered":"<p>MAR DEL PLATA &#8211; En el marco de la nueva propuesta \u00abDi\u00e1logos Argentinos\u00bb, que tendr\u00e1 lugar todas las semanas de la temporada 2013 en el ex Asilo Unzu\u00e9 bajo la consigna \u00abArgentina, el verano de un amor\u00bb, y de la cual participan diferentes personalidades reconocidas, el fil\u00f3sofo Jos\u00e9 Pablo Feinmann se present\u00f3 para compartir con una multitud de espectadores una [&#8230;]<\/p>\n","protected":false},"author":4,"featured_media":0,"comment_status":"open","ping_status":"open","sticky":false,"template":"","format":"standard","meta":{"_jetpack_newsletter_access":"","_jetpack_dont_email_post_to_subs":false,"_jetpack_newsletter_tier_id":0,"_jetpack_memberships_contains_paywalled_content":false,"_jetpack_memberships_contains_paid_content":false,"footnotes":""},"categories":[1],"tags":[],"class_list":["post-12401","post","type-post","status-publish","format-standard","hentry","category-sociedad"],"jetpack_featured_media_url":"","jetpack_shortlink":"https:\/\/wp.me\/p2JWE0-3e1","jetpack-related-posts":[{"id":33352,"url":"https:\/\/www.24baires.com\/?p=33352","url_meta":{"origin":12401,"position":0},"title":"El 16 de octubre visitar\u00e1 Mar del Plata el juez Baltasar Garz\u00f3n","author":"GB","date":"10\/10\/2013","format":false,"excerpt":"El reconocido juez espa\u00f1ol ser\u00e1 reconocido por el Concejo Deliberante como \u201cVisitante Notable\u201d. Adem\u00e1s brindar\u00e1 una charla para el p\u00fablico en general en el Asilo Unzu\u00e9. La concejal Ver\u00f3nica Beresiarte present\u00f3 meses atr\u00e1s un proyecto para declarar al doctor Baltasar Garz\u00f3n como Visitante Notable en su lucha por imponer el\u2026","rel":"","context":"En \u00abLocales\u00bb","block_context":{"text":"Locales","link":"https:\/\/www.24baires.com\/?cat=38"},"img":{"alt_text":"","src":"","width":0,"height":0},"classes":[]},{"id":59651,"url":"https:\/\/www.24baires.com\/?p=59651","url_meta":{"origin":12401,"position":1},"title":"Desarrollo Social inicia un ciclo de promoci\u00f3n de derechos en el Unzu\u00e9 de Mar del Plata","author":"GB","date":"06\/01\/2015","format":false,"excerpt":"De \u201cjudicializar la pobreza\u201d a \"espacio promotor de derechos\u201d es el largo trayecto que recorri\u00f3 el edificio Unzu\u00e9 en Mar del Plata, antes un orfanato y en la actualidad el palacio cultural donde el Ministerio de Desarrollo Social de la Naci\u00f3n organiza desde ma\u00f1ana un nuevo verano lleno de propuestas\u2026","rel":"","context":"En \u00abSociedad\u00bb","block_context":{"text":"Sociedad","link":"https:\/\/www.24baires.com\/?cat=1"},"img":{"alt_text":"","src":"","width":0,"height":0},"classes":[]},{"id":40939,"url":"https:\/\/www.24baires.com\/?p=40939","url_meta":{"origin":12401,"position":2},"title":"El &#8216;Espacio Unzu\u00e9&#8217; recibi\u00f3 m\u00e1s de 100 mil visitas esta temporada","author":"Grupo Sierra","date":"22\/02\/2014","format":false,"excerpt":"MAR DEL PLATA.- M\u00e1s de cien mil personas participaron durante este verano de las actividades recreativas, deportivas y culturales que se desarrollaron en el \"Espacio Unzu\u00e9\" de la ciudad balnearia de Mar del Plata, que tuvo hoy su cierre de temporada. \u00a0 \u00a0 El Espacio Unzu\u00e9, ubicado en R\u00edo Negro\u2026","rel":"","context":"En \u00abSociedad\u00bb","block_context":{"text":"Sociedad","link":"https:\/\/www.24baires.com\/?cat=1"},"img":{"alt_text":"unzue","src":"https:\/\/i0.wp.com\/www.24baires.com\/wp-content\/uploads\/2014\/02\/unzue-300x168.jpg?resize=350%2C200","width":350,"height":200},"classes":[]},{"id":14650,"url":"https:\/\/www.24baires.com\/?p=14650","url_meta":{"origin":12401,"position":3},"title":"La Presidenta presentar\u00e1 el Plan Nacional de Educaci\u00f3n Obligatoria y Formaci\u00f3n Docente","author":"AF","date":"04\/02\/2013","format":false,"excerpt":"Se llevar\u00e1 a cabo el pr\u00f3ximo martes a las 18.30 en el Teatro Gran Rex como apertura de un encuentro nacional, y contar\u00e1 con la presencia de las autoridades que integran el Consejo Federal de Educaci\u00f3n. Cristina Fern\u00e1ndez de Kirchner encabezara el acto junto al ministro de educaci\u00f3n, Alberto Sileoni.\u2026","rel":"","context":"En \u00abSociedad\u00bb","block_context":{"text":"Sociedad","link":"https:\/\/www.24baires.com\/?cat=1"},"img":{"alt_text":"cristina ","src":"https:\/\/i0.wp.com\/www.24baires.com\/wp-content\/uploads\/2012\/12\/cristina-marita-veron-300x199.jpg?resize=350%2C200","width":350,"height":200},"classes":[]},{"id":12009,"url":"https:\/\/www.24baires.com\/?p=12009","url_meta":{"origin":12401,"position":4},"title":"Se inaugur\u00f3 el Espacio Cultural Unzu\u00e9","author":"Grupo Sierra","date":"13\/01\/2013","format":false,"excerpt":"MAR DEL PLATA.- La campa\u00f1a del gobierno nacional \"\u201cArgentina, el verano de un amor. M\u00e1s la conoc\u00e9s, m\u00e1s la quer\u00e9s\u201d\" se inaugurar\u00f3 ayer en el Espacio Cultural \u201cInstituto Saturnino Unzu\u00e9\u201d, ubicado en la calle R\u00edo Negro al 3500 y el Boulevard Peralta Ramos, frente a la playa. \"El Instituto es\u2026","rel":"","context":"En \u00abSociedad\u00bb","block_context":{"text":"Sociedad","link":"https:\/\/www.24baires.com\/?cat=1"},"img":{"alt_text":"Unzu\u00e9_Mdp_Lagos_6_ef_10324","src":"https:\/\/i0.wp.com\/www.24baires.com\/wp-content\/uploads\/2013\/01\/Unzu%C3%A9_Mdp_Lagos_6_ef_10324.jpg?resize=350%2C200","width":350,"height":200,"srcset":"https:\/\/i0.wp.com\/www.24baires.com\/wp-content\/uploads\/2013\/01\/Unzu%C3%A9_Mdp_Lagos_6_ef_10324.jpg?resize=350%2C200 1x, https:\/\/i0.wp.com\/www.24baires.com\/wp-content\/uploads\/2013\/01\/Unzu%C3%A9_Mdp_Lagos_6_ef_10324.jpg?resize=525%2C300 1.5x"},"classes":[]},{"id":55531,"url":"https:\/\/www.24baires.com\/?p=55531","url_meta":{"origin":12401,"position":5},"title":"Revuelo por un supuesto video porno de Eduardo Feinmann","author":"Grupo Sierra","date":"16\/10\/2014","format":false,"excerpt":"En un sitio para adultos circula un material hot que ser\u00eda del periodista, junto a una bailarina conocida por sus esc\u00e1ndalos sexuales en el medio. Nieves Jaller se hizo conocida por ser la ex despechada de Ale Sergi y porque se filtr\u00f3 un video porno de ella teniendo sexo en\u2026","rel":"","context":"En \u00abEspectaculos\u00bb","block_context":{"text":"Espectaculos","link":"https:\/\/www.24baires.com\/?cat=41"},"img":{"alt_text":"feinmann","src":"https:\/\/i0.wp.com\/www.24baires.com\/wp-content\/uploads\/2014\/10\/feinmann.jpg?resize=350%2C200","width":350,"height":200,"srcset":"https:\/\/i0.wp.com\/www.24baires.com\/wp-content\/uploads\/2014\/10\/feinmann.jpg?resize=350%2C200 1x, https:\/\/i0.wp.com\/www.24baires.com\/wp-content\/uploads\/2014\/10\/feinmann.jpg?resize=525%2C300 1.5x"},"classes":[]}],"jetpack_sharing_enabled":true,"jetpack_likes_enabled":true,"_links":{"self":[{"href":"https:\/\/www.24baires.com\/index.php?rest_route=\/wp\/v2\/posts\/12401","targetHints":{"allow":["GET"]}}],"collection":[{"href":"https:\/\/www.24baires.com\/index.php?rest_route=\/wp\/v2\/posts"}],"about":[{"href":"https:\/\/www.24baires.com\/index.php?rest_route=\/wp\/v2\/types\/post"}],"author":[{"embeddable":true,"href":"https:\/\/www.24baires.com\/index.php?rest_route=\/wp\/v2\/users\/4"}],"replies":[{"embeddable":true,"href":"https:\/\/www.24baires.com\/index.php?rest_route=%2Fwp%2Fv2%2Fcomments&post=12401"}],"version-history":[{"count":3,"href":"https:\/\/www.24baires.com\/index.php?rest_route=\/wp\/v2\/posts\/12401\/revisions"}],"predecessor-version":[{"id":12406,"href":"https:\/\/www.24baires.com\/index.php?rest_route=\/wp\/v2\/posts\/12401\/revisions\/12406"}],"wp:attachment":[{"href":"https:\/\/www.24baires.com\/index.php?rest_route=%2Fwp%2Fv2%2Fmedia&parent=12401"}],"wp:term":[{"taxonomy":"category","embeddable":true,"href":"https:\/\/www.24baires.com\/index.php?rest_route=%2Fwp%2Fv2%2Fcategories&post=12401"},{"taxonomy":"post_tag","embeddable":true,"href":"https:\/\/www.24baires.com\/index.php?rest_route=%2Fwp%2Fv2%2Ftags&post=12401"}],"curies":[{"name":"wp","href":"https:\/\/api.w.org\/{rel}","templated":true}]}}