{"id":12396,"date":"2013-01-16T11:08:46","date_gmt":"2013-01-16T14:08:46","guid":{"rendered":"http:\/\/www.24baires.com\/?p=12396"},"modified":"2013-01-16T11:08:52","modified_gmt":"2013-01-16T14:08:52","slug":"saqueos-en-malvinas-argentinas-piden-prision-preventiva-para-dos-detenidos","status":"publish","type":"post","link":"https:\/\/www.24baires.com\/?p=12396","title":{"rendered":"Saqueos en Malvinas Argentinas: piden prisi\u00f3n preventiva para dos detenidos"},"content":{"rendered":"<p><a href=\"http:\/\/www.24baires.com\/sociedad\/12396-saqueos-en-malvinas-argentinas-piden-prision-preventiva-para-dos-detenidos\/attachment\/saqueos-malvinas-argentinas\/\" rel=\"attachment wp-att-12397\"><img data-recalc-dims=\"1\" loading=\"lazy\" decoding=\"async\" class=\"alignleft size-medium wp-image-12397\" alt=\"saqueos malvinas argentinas\" src=\"https:\/\/i0.wp.com\/www.24baires.com\/wp-content\/uploads\/2013\/01\/saqueos-malvinas-argentinas.jpg?resize=300%2C221\" width=\"300\" height=\"221\" srcset=\"https:\/\/i0.wp.com\/www.24baires.com\/wp-content\/uploads\/2013\/01\/saqueos-malvinas-argentinas.jpg?resize=300%2C221&amp;ssl=1 300w, https:\/\/i0.wp.com\/www.24baires.com\/wp-content\/uploads\/2013\/01\/saqueos-malvinas-argentinas.jpg?w=456&amp;ssl=1 456w\" sizes=\"auto, (max-width: 300px) 100vw, 300px\" \/><\/a>La Fiscal\u00eda reclam\u00f3 la medida contra Alfredo Adri\u00e1n Figueroa, puntero del intendente Jes\u00fas Cariglino, y Marcelo Agust\u00edn Moreno. Ambos est\u00e1n acusados de robo doblemente calificado. Los v\u00ednculos pol\u00edticos con el Municipio. <!--more--><\/p>\n<p>A casi un mes de los saqueos en Grand Bourg, en Malvinas Argentinas, la Fiscal\u00eda pidi\u00f3 la prisi\u00f3n preventiva para dos de las personas detenidas durante los incidentes del 21 de diciembre del a\u00f1o pasado. Se trata de Alfredo Adri\u00e1n Figueroa, reconocido puntero del intendente Jes\u00fas Cariglino, y Marcelo Agust\u00edn Moreno, ambos acusados de robo doblemente calificado por haberse cometido en lugar poblado y en banda.<br \/>\nTanto Figueroa como Moreno fueron apresados por la Polic\u00eda Bonaerense a la salida del supermercado Mega durante los saqueos en Grand Bourg junto a Rodrigo Facundo Saganias, quien al ser indagado por la Unidad Funcional de Instrucci\u00f3n 21 de Los Polvorines declar\u00f3 ser \u00abprensa en el municipio de Malvinas Argentinas\u201d.<br \/>\nA diferencia de Saganias, quien fue liberado a los pocos d\u00edas de que Tiempo Argentino difundiera sus v\u00ednculos con Cariglino, los otros dos detenidos ten\u00edan antecedentes penales por lo que permanecieron bajo custodia del Servicio Penitenciario Bonaerense.<br \/>\nFigueroa, reconocido por vecinos de Malvinas Argentinas como un puntero pol\u00edtico que responde al intendente, tiene en su haber una condena a 12 a\u00f1os de prisi\u00f3n dictada por el Tribunal en lo Criminal 4 de San Mart\u00edn al ser encontrado coautor de un homicidio simple y por falso testimonio. Desde agosto de 2010, se encontraba en libertad condicional hasta su detenci\u00f3n en diciembre.<br \/>\nMoreno, por su parte, en agosto del a\u00f1o pasado fue condenado a 1 a\u00f1o y seis meses de prisi\u00f3n en suspenso por los delitos de \u00abamenazas agravadas por el uso de armas\u00bb por un hecho cometido en enero de 2011, en la localidad de Grand Bourg, pero fue liberado por buena conducta.<br \/>\nA pesar de los dichos de Cariglino, los saqueos en Malvinas Argentinas tuvieron una clara motivaci\u00f3n pol\u00edtica. El 30 de diciembre, este diario confirm\u00f3 la presencia en los incidentes de Horacio P\u00e9rez, conocido como \u201cTerry\u201d o \u201cTerremoto\u00bb, un empleado de la Municipalidad quien lleg\u00f3 minutos antes de que se sucedieran los hechos en una camioneta oficial y se lo vio despu\u00e9s dialogando con la polic\u00eda.<br \/>\nLos vecinos de Malvinas Argentinas tambi\u00e9n identificaron a otros dos recurrentes integrantes de las patotas de Cariglino: Ram\u00f3n Yuste, empleado administrativo de la Secretar\u00eda de Gobierno del Malvinas Argentinas, y Adri\u00e1n \u00abLa Mona\u00bb Bojorque.<br \/>\nLos tres (Terry,Yuste y Bojorque) est\u00e1n se\u00f1alados tambi\u00e9n en la causa por amenazas y lesiones a periodistas y a familiares de v\u00edctimas de mala praxis el pasado 5 de junio en el Hospital Claudio Zin de esa localidad bonaerense. Por esos hechos, est\u00e1n cerca de ser citados a declaraci\u00f3n indagatoria por la UFI 23.<br \/>\nPara cerrar el c\u00edrculo sobre Cariglino, este lunes el periodista del diario Cr\u00f3nica Adri\u00e1n Subelza, una de las v\u00edctimas de ese 5 de junio, denunci\u00f3 a Alfredo \u00abFredy\u00bb Saganias como uno de sus agresores a partir de una serie de im\u00e1genes en las que aparece posando junto al jefe comunal. El acusado es adem\u00e1s el padre de Rodrigo Saganias, el joven detenido por los saqueos del 21 de diciembre quien declar\u00f3 trabajar para prensa del Municipio.<\/p>\n<p>&nbsp;<\/p>\n<p>&nbsp;<\/p>\n<p>&nbsp;<\/p>\n<p>&nbsp;<\/p>\n<p>&nbsp;<\/p>\n<p>&nbsp;<\/p>\n<p>&nbsp;<\/p>\n<p>&nbsp;<\/p>\n<p>&nbsp;<\/p>\n<p>&nbsp;<\/p>\n<p>&nbsp;<\/p>\n<p>&nbsp;<\/p>\n<p>&nbsp;<\/p>\n<p>&nbsp;<\/p>\n<p>&nbsp;<\/p>\n<p>&nbsp;<\/p>\n<p>&nbsp;<\/p>\n<p>&nbsp;<\/p>\n<p>&nbsp;<\/p>\n<p>&nbsp;<\/p>\n<p>&nbsp;<\/p>\n<p>&nbsp;<\/p>\n<p>&nbsp;<\/p>\n<p>&nbsp;<\/p>\n<p>&nbsp;<\/p>\n","protected":false},"excerpt":{"rendered":"<p>La Fiscal\u00eda reclam\u00f3 la medida contra Alfredo Adri\u00e1n Figueroa, puntero del intendente Jes\u00fas Cariglino, y Marcelo Agust\u00edn Moreno. Ambos est\u00e1n acusados de robo doblemente calificado. Los v\u00ednculos pol\u00edticos con el Municipio.<\/p>\n","protected":false},"author":4,"featured_media":0,"comment_status":"open","ping_status":"open","sticky":false,"template":"","format":"standard","meta":{"_jetpack_newsletter_access":"","_jetpack_dont_email_post_to_subs":false,"_jetpack_newsletter_tier_id":0,"_jetpack_memberships_contains_paywalled_content":false,"_jetpack_memberships_contains_paid_content":false,"footnotes":""},"categories":[1],"tags":[],"class_list":["post-12396","post","type-post","status-publish","format-standard","hentry","category-sociedad"],"jetpack_featured_media_url":"","jetpack_shortlink":"https:\/\/wp.me\/p2JWE0-3dW","jetpack-related-posts":[{"id":17909,"url":"https:\/\/www.24baires.com\/?p=17909","url_meta":{"origin":12396,"position":0},"title":"Investigar\u00edan penalmente al intendente Cariglino por &#8216;asociaci\u00f3n il\u00edcita&#8217;","author":"AF","date":"09\/03\/2013","format":false,"excerpt":"MALVINAS ARGENTINAS - Marcelo Lapargo, fiscal general de San Martin, deber\u00e1 resolver si hace lugar a un pedido realizado en los \u00faltimos d\u00edas por el titular de la UFI 23 de Malvinas Argentinas, Santiago Cami\u00f1as, para que se investigue penalmente al intendente Jes\u00fas Cariglino como presunto jefe de una asociaci\u00f3n\u2026","rel":"","context":"En \u00abLocales\u00bb","block_context":{"text":"Locales","link":"https:\/\/www.24baires.com\/?cat=38"},"img":{"alt_text":"","src":"","width":0,"height":0},"classes":[]},{"id":12015,"url":"https:\/\/www.24baires.com\/?p=12015","url_meta":{"origin":12396,"position":1},"title":"Establecen nuevas conexiones entre Cariglino, los saqueos y las agresiones a periodistas","author":"Grupo Sierra","date":"13\/01\/2013","format":false,"excerpt":"MALVINAS ARGENTINAS.- Una de las v\u00edctimas de las patotas de ese Municipio, el periodista Adri\u00e1n Subelza, reconoci\u00f3 a su agresor en una foto publicada en las redes sociales. El patotero aparece abrazando al intendente Jes\u00fas Cariglino, se llama Alfredo Saganias y es el padre del joven detenido por los robos\u2026","rel":"","context":"En \u00abPol\u00edtica\u00bb","block_context":{"text":"Pol\u00edtica","link":"https:\/\/www.24baires.com\/?cat=51"},"img":{"alt_text":"","src":"","width":0,"height":0},"classes":[]},{"id":22970,"url":"https:\/\/www.24baires.com\/?p=22970","url_meta":{"origin":12396,"position":2},"title":"Malvinas Argentinas: vecinos marchar\u00e1n en repudio a las &#8216;patotas de Cariglino&#8217;","author":"AF","date":"08\/05\/2013","format":false,"excerpt":"Se prev\u00e9 una manifestaci\u00f3n popular hacia las sedes de la fiscal\u00eda en Malvinas Argentinas, contra el accionar represivo del intendente Jes\u00fas Cariglino, la mala praxis m\u00e9dica en el hospital y en repudi\u00f3 de toda pr\u00e1ctica violenta. Los vecinos que organizan la marcha dicen \u201cbasta de violencia PRO\u201d en ese municipio.\u2026","rel":"","context":"En \u00abLocales\u00bb","block_context":{"text":"Locales","link":"https:\/\/www.24baires.com\/?cat=38"},"img":{"alt_text":"","src":"","width":0,"height":0},"classes":[]},{"id":21972,"url":"https:\/\/www.24baires.com\/?p=21972","url_meta":{"origin":12396,"position":3},"title":"Caso P\u00edparo: piden perpetua para cinco de los siete acusados","author":"AF","date":"26\/04\/2013","format":false,"excerpt":"El fiscal Marcelo Romer pidi\u00f3 cadena perpetua para cinco de los siete acusados de la salidera bancaria cometida en 2010, en la ciudad de La Plata, contra Carolina P\u00edparo quien estaba embarazada. Tambi\u00e9n solicit\u00f3 que se investigue si personal del banco pudo haber facilitado el hecho.El abogado de la v\u00edctima\u2026","rel":"","context":"En \u00abSociedad\u00bb","block_context":{"text":"Sociedad","link":"https:\/\/www.24baires.com\/?cat=1"},"img":{"alt_text":"p\u00edparo declarando2","src":"https:\/\/i0.wp.com\/www.24baires.com\/wp-content\/uploads\/2013\/03\/p%C3%ADparo-declarando2-300x200.jpg?resize=350%2C200","width":350,"height":200},"classes":[]},{"id":34857,"url":"https:\/\/www.24baires.com\/?p=34857","url_meta":{"origin":12396,"position":4},"title":"Las v\u00edctimas de las patotas de Cariglino reconocieron a algunos de los agresores","author":"GB","date":"08\/11\/2013","format":false,"excerpt":"El Director de las patrullas de Protecci\u00f3n Ciudadana de la Municipalidad de Malvinas Argentinas, Roberto Daniel Echeverr\u00eda fue reconocido como quien dirigi\u00f3 la inacci\u00f3n policial durante las agresiones efectuadas por las patotas del intendente Cariglino. Los d\u00edas 7 y 8 de este mes se realizaron en Malvinas Argentina alrededor de\u2026","rel":"","context":"En \u00abLocales\u00bb","block_context":{"text":"Locales","link":"https:\/\/www.24baires.com\/?cat=38"},"img":{"alt_text":"","src":"","width":0,"height":0},"classes":[]},{"id":97315,"url":"https:\/\/www.24baires.com\/?p=97315","url_meta":{"origin":12396,"position":5},"title":"Indagar\u00e1n a Cariglino por la presunta compra irregular de terrenos con fines inmobiliarios","author":"GB","date":"09\/09\/2017","format":false,"excerpt":"El ex intendente de Malvinas Argentinas, un hermano suyo y un sobrino fueron acusados por la actual intendencia de Malvinas Argentinas por tratar de beneficarse con el cambio en el c\u00f3digo de zonificaci\u00f3n. El ex intendente de Malvinas Argentinas Jes\u00fas Cariglino deber\u00e1 presentarse a declarar el 20 de septiembre pr\u00f3ximo\u2026","rel":"","context":"En \u00abPol\u00edtica\u00bb","block_context":{"text":"Pol\u00edtica","link":"https:\/\/www.24baires.com\/?cat=51"},"img":{"alt_text":"","src":"https:\/\/i0.wp.com\/www.24baires.com\/wp-content\/uploads\/2014\/04\/cariglino-300x199.jpg?resize=350%2C200","width":350,"height":200},"classes":[]}],"jetpack_sharing_enabled":true,"jetpack_likes_enabled":true,"_links":{"self":[{"href":"https:\/\/www.24baires.com\/index.php?rest_route=\/wp\/v2\/posts\/12396","targetHints":{"allow":["GET"]}}],"collection":[{"href":"https:\/\/www.24baires.com\/index.php?rest_route=\/wp\/v2\/posts"}],"about":[{"href":"https:\/\/www.24baires.com\/index.php?rest_route=\/wp\/v2\/types\/post"}],"author":[{"embeddable":true,"href":"https:\/\/www.24baires.com\/index.php?rest_route=\/wp\/v2\/users\/4"}],"replies":[{"embeddable":true,"href":"https:\/\/www.24baires.com\/index.php?rest_route=%2Fwp%2Fv2%2Fcomments&post=12396"}],"version-history":[{"count":3,"href":"https:\/\/www.24baires.com\/index.php?rest_route=\/wp\/v2\/posts\/12396\/revisions"}],"predecessor-version":[{"id":12400,"href":"https:\/\/www.24baires.com\/index.php?rest_route=\/wp\/v2\/posts\/12396\/revisions\/12400"}],"wp:attachment":[{"href":"https:\/\/www.24baires.com\/index.php?rest_route=%2Fwp%2Fv2%2Fmedia&parent=12396"}],"wp:term":[{"taxonomy":"category","embeddable":true,"href":"https:\/\/www.24baires.com\/index.php?rest_route=%2Fwp%2Fv2%2Fcategories&post=12396"},{"taxonomy":"post_tag","embeddable":true,"href":"https:\/\/www.24baires.com\/index.php?rest_route=%2Fwp%2Fv2%2Ftags&post=12396"}],"curies":[{"name":"wp","href":"https:\/\/api.w.org\/{rel}","templated":true}]}}