{"id":12377,"date":"2013-01-16T10:37:00","date_gmt":"2013-01-16T13:37:00","guid":{"rendered":"http:\/\/www.24baires.com\/?p=12377"},"modified":"2013-01-16T10:42:52","modified_gmt":"2013-01-16T13:42:52","slug":"conductores-mas-prudentes-a-mas-controles-menos-accidentes","status":"publish","type":"post","link":"https:\/\/www.24baires.com\/?p=12377","title":{"rendered":"Conductores m\u00e1s prudentes: a m\u00e1s controles, menos accidentes"},"content":{"rendered":"<p><a href=\"http:\/\/www.24baires.com\/sociedad\/12377-conductores-mas-prudentes-a-mas-controles-menos-accidentes\/attachment\/control-ruta\/\" rel=\"attachment wp-att-12378\"><img data-recalc-dims=\"1\" loading=\"lazy\" decoding=\"async\" class=\"alignleft size-full wp-image-12378\" alt=\"control ruta\" src=\"https:\/\/i0.wp.com\/www.24baires.com\/wp-content\/uploads\/2013\/01\/control-ruta.jpg?resize=300%2C200\" width=\"300\" height=\"200\" \/><\/a>Desde el CESVI dicen que \u201clas acciones de control terminan redundando en una disminuci\u00f3n de los accidentes, que es el peor costo que se puede pagar\u201d.<!--more--><br \/>\nEl subgerente de seguridad vial del Cesvi (Centro de Experimentaci\u00f3n y Seguridad Vial), Gustavo Brambati, destac\u00f3 la importancia de los controles en las rutas para modificar la conducta de los automovilistas.<\/p>\n<p>Dijo que ahora \u201cse cuidan m\u00e1s\u201d porque \u201cmuchos han recibido multas por circular con exceso de velocidad\u201d, lo que genera \u201cuna consecuencia muy positiva que es la reducci\u00f3n de accidentes\u201d. En consecuencia resumi\u00f3 que \u201clo interesante es que las acciones de control terminan redundando en una disminuci\u00f3n de los accidentes de tr\u00e1nsito que es el peor costo que se puede pagar\u201d.<\/p>\n<p>Brambati subray\u00f3 que ha cambiado \u201cla realidad que se viv\u00eda hace algunos a\u00f1os atr\u00e1s en los viajes a la costa donde se ve\u00edan accidentes tremendos\u201d. Admiti\u00f3 que \u201cigualmente se siguen viendo comportamientos negativos\u201d, pero asegur\u00f3 que ahora \u201cno se ven las aberraciones que se ve\u00edan antes que la gente se tomaba el viaje a la costa como un desaf\u00edo para ver cu\u00e1nto tardaba\u201d.<\/p>\n<p>Finalmente, elogi\u00f3 las mejoras que se han hecho en la ruta 11 en los accesos a algunas playas.<\/p>\n<p>&nbsp;<\/p>\n<p>&nbsp;<\/p>\n<p>&nbsp;<\/p>\n<p>&nbsp;<\/p>\n<p>&nbsp;<\/p>\n<p>&nbsp;<\/p>\n<p>&nbsp;<\/p>\n<p>&nbsp;<\/p>\n<p>&nbsp;<\/p>\n<p>&nbsp;<\/p>\n<p>&nbsp;<\/p>\n<p>&nbsp;<\/p>\n<p>&nbsp;<\/p>\n<p>&nbsp;<\/p>\n<p>&nbsp;<\/p>\n<p>&nbsp;<\/p>\n<p>&nbsp;<\/p>\n<p>&nbsp;<\/p>\n<p>&nbsp;<\/p>\n","protected":false},"excerpt":{"rendered":"<p>Desde el CESVI dicen que \u201clas acciones de control terminan redundando en una disminuci\u00f3n de los accidentes, que es el peor costo que se puede pagar\u201d.<\/p>\n","protected":false},"author":4,"featured_media":0,"comment_status":"open","ping_status":"open","sticky":false,"template":"","format":"standard","meta":{"_jetpack_newsletter_access":"","_jetpack_dont_email_post_to_subs":false,"_jetpack_newsletter_tier_id":0,"_jetpack_memberships_contains_paywalled_content":false,"_jetpack_memberships_contains_paid_content":false,"footnotes":""},"categories":[1],"tags":[],"class_list":["post-12377","post","type-post","status-publish","format-standard","hentry","category-sociedad"],"jetpack_featured_media_url":"","jetpack_shortlink":"https:\/\/wp.me\/p2JWE0-3dD","jetpack-related-posts":[{"id":14722,"url":"https:\/\/www.24baires.com\/?p=14722","url_meta":{"origin":12377,"position":0},"title":"Intendentes colocan carteler\u00eda alertando sobre el mal estado de las rutas","author":"AF","date":"05\/02\/2013","format":false,"excerpt":"En el acceso a Alvear se coloc\u00f3 un mensaje por el mal estado de la Ruta Provincial 61 y los reiterados accidentes. \u201cAtenci\u00f3n: ruta provincial en mal estado. Circule con precauci\u00f3n\u201d. El mensaje est\u00e1 firmado por el intendente Alejandro Celillo y fue colocado semanas atr\u00e1s en el acceso al distrito\u2026","rel":"","context":"En \u00abPol\u00edtica\u00bb","block_context":{"text":"Pol\u00edtica","link":"https:\/\/www.24baires.com\/?cat=51"},"img":{"alt_text":"cartel mal estado ruta","src":"https:\/\/i0.wp.com\/www.24baires.com\/wp-content\/uploads\/2013\/02\/cartel-mal-estado-ruta.jpg?resize=350%2C200","width":350,"height":200,"srcset":"https:\/\/i0.wp.com\/www.24baires.com\/wp-content\/uploads\/2013\/02\/cartel-mal-estado-ruta.jpg?resize=350%2C200 1x, https:\/\/i0.wp.com\/www.24baires.com\/wp-content\/uploads\/2013\/02\/cartel-mal-estado-ruta.jpg?resize=525%2C300 1.5x"},"classes":[]},{"id":54185,"url":"https:\/\/www.24baires.com\/?p=54185","url_meta":{"origin":12377,"position":1},"title":"La mayor\u00eda de las rutas bonaerenses no est\u00e1n asfaltadas","author":"AF","date":"24\/09\/2014","format":false,"excerpt":"Son casi 26 mil kil\u00f3metros. Los caminos asfaltados, en tanto, llegan a cubrir un poco m\u00e1s de 10.600 Km. Y las rutas nacionales que pasan por la provincia, son las de mayor \u00edndice de peligrosidad. Las cifras sobre caminos asfaltados y de tierra pertenecen a la Direcci\u00f3n de Vialidad provincial,\u2026","rel":"","context":"En \u00abProvincia\u00bb","block_context":{"text":"Provincia","link":"https:\/\/www.24baires.com\/?cat=40"},"img":{"alt_text":"ruta sin asfalto","src":"https:\/\/i0.wp.com\/www.24baires.com\/wp-content\/uploads\/2014\/09\/ruta-sin-asfalto.jpg?resize=350%2C200","width":350,"height":200,"srcset":"https:\/\/i0.wp.com\/www.24baires.com\/wp-content\/uploads\/2014\/09\/ruta-sin-asfalto.jpg?resize=350%2C200 1x, https:\/\/i0.wp.com\/www.24baires.com\/wp-content\/uploads\/2014\/09\/ruta-sin-asfalto.jpg?resize=525%2C300 1.5x"},"classes":[]},{"id":25434,"url":"https:\/\/www.24baires.com\/?p=25434","url_meta":{"origin":12377,"position":2},"title":"M\u00e1s de 112 mil personas murieron en accidentes viales en los \u00faltimos 15 a\u00f1os","author":"Grupo Sierra","date":"09\/06\/2013","format":false,"excerpt":"La organizaci\u00f3n civil Luchemos por la Vida afirm\u00f3 hoy que 112.276 personas murieron en los \u00faltimos quince a\u00f1os en accidentes de tr\u00e1nsito ocurridos en el pa\u00eds, lo que representa un promedio de 21 v\u00edctimas fatales por d\u00eda. El informe fue difundido con motivo del D\u00eda de la Seguridad Vial, que\u2026","rel":"","context":"En \u00abSociedad\u00bb","block_context":{"text":"Sociedad","link":"https:\/\/www.24baires.com\/?cat=1"},"img":{"alt_text":"","src":"","width":0,"height":0},"classes":[]},{"id":14301,"url":"https:\/\/www.24baires.com\/?p=14301","url_meta":{"origin":12377,"position":3},"title":"Enterate de cu\u00e1ntos pozos exactos tiene la Ruta 2","author":"AF","date":"01\/02\/2013","format":false,"excerpt":"Un equipo de especialistas del Centro de Estudio sobre Seguridad Vial (CESVI Argentina), recorri\u00f3 728 kil\u00f3metros por la Autov\u00eda 2 en ambos sentidos. En el an\u00e1lisis se pudieron comprobar diversas deficiencias: pozos, calzadas deterioradas, pavimento deformado, escasa se\u00f1alizaci\u00f3n en curvas y mal estado de las zonas de pr\u00e9stamo (\u00e1reas contiguas\u2026","rel":"","context":"En \u00abProvincia\u00bb","block_context":{"text":"Provincia","link":"https:\/\/www.24baires.com\/?cat=40"},"img":{"alt_text":"autos","src":"https:\/\/i0.wp.com\/www.24baires.com\/wp-content\/uploads\/2013\/02\/autos-300x198.jpg?resize=350%2C200","width":350,"height":200},"classes":[]},{"id":48115,"url":"https:\/\/www.24baires.com\/?p=48115","url_meta":{"origin":12377,"position":4},"title":"Promueven educaci\u00f3n vial en las escuelas bonaerenses","author":"GB","date":"16\/06\/2014","format":false,"excerpt":"Con el lema \u201csi se puede evitar no es un accidente\u201d, m\u00e1s de mil alumnos de diferentes escuelas de la ciudad de Mar del Plata participaron de una Jornada de Concientizaci\u00f3n sobre Educaci\u00f3n y Seguridad Vial. De la actividad, que fue organizada por la Coordinaci\u00f3n del Programa de Educaci\u00f3n y\u2026","rel":"","context":"En \u00abProvincia\u00bb","block_context":{"text":"Provincia","link":"https:\/\/www.24baires.com\/?cat=40"},"img":{"alt_text":"charlas","src":"https:\/\/i0.wp.com\/www.24baires.com\/wp-content\/uploads\/2014\/06\/charlas-300x225.jpg?resize=350%2C200","width":350,"height":200},"classes":[]},{"id":121773,"url":"https:\/\/www.24baires.com\/?p=121773","url_meta":{"origin":12377,"position":5},"title":"El PRO busca eliminar la obligatoriedad de la VTV en la provincia","author":"GB","date":"25\/10\/2024","format":false,"excerpt":"El bloque de senadores bonaerenses present\u00f3 un proyecto para derogar la Verificaci\u00f3n T\u00e9cnica Vehicular por considerarla inefectiva para garantizar la seguridad vial. Legisladores del PRO presentaron en la C\u00e1mara de Senadores bonaerense un proyecto para derogar la Verificaci\u00f3n T\u00e9cnica Vehicular (VTV) obligatoria en la provincia. Seg\u00fan los autores de la\u2026","rel":"","context":"En \u00abPol\u00edtica\u00bb","block_context":{"text":"Pol\u00edtica","link":"https:\/\/www.24baires.com\/?cat=51"},"img":{"alt_text":"","src":"https:\/\/i0.wp.com\/www.24baires.com\/wp-content\/uploads\/2024\/10\/vtv.webp?resize=350%2C200","width":350,"height":200,"srcset":"https:\/\/i0.wp.com\/www.24baires.com\/wp-content\/uploads\/2024\/10\/vtv.webp?resize=350%2C200 1x, https:\/\/i0.wp.com\/www.24baires.com\/wp-content\/uploads\/2024\/10\/vtv.webp?resize=525%2C300 1.5x, https:\/\/i0.wp.com\/www.24baires.com\/wp-content\/uploads\/2024\/10\/vtv.webp?resize=700%2C400 2x"},"classes":[]}],"jetpack_sharing_enabled":true,"jetpack_likes_enabled":true,"_links":{"self":[{"href":"https:\/\/www.24baires.com\/index.php?rest_route=\/wp\/v2\/posts\/12377","targetHints":{"allow":["GET"]}}],"collection":[{"href":"https:\/\/www.24baires.com\/index.php?rest_route=\/wp\/v2\/posts"}],"about":[{"href":"https:\/\/www.24baires.com\/index.php?rest_route=\/wp\/v2\/types\/post"}],"author":[{"embeddable":true,"href":"https:\/\/www.24baires.com\/index.php?rest_route=\/wp\/v2\/users\/4"}],"replies":[{"embeddable":true,"href":"https:\/\/www.24baires.com\/index.php?rest_route=%2Fwp%2Fv2%2Fcomments&post=12377"}],"version-history":[{"count":3,"href":"https:\/\/www.24baires.com\/index.php?rest_route=\/wp\/v2\/posts\/12377\/revisions"}],"predecessor-version":[{"id":12381,"href":"https:\/\/www.24baires.com\/index.php?rest_route=\/wp\/v2\/posts\/12377\/revisions\/12381"}],"wp:attachment":[{"href":"https:\/\/www.24baires.com\/index.php?rest_route=%2Fwp%2Fv2%2Fmedia&parent=12377"}],"wp:term":[{"taxonomy":"category","embeddable":true,"href":"https:\/\/www.24baires.com\/index.php?rest_route=%2Fwp%2Fv2%2Fcategories&post=12377"},{"taxonomy":"post_tag","embeddable":true,"href":"https:\/\/www.24baires.com\/index.php?rest_route=%2Fwp%2Fv2%2Ftags&post=12377"}],"curies":[{"name":"wp","href":"https:\/\/api.w.org\/{rel}","templated":true}]}}