{"id":123347,"date":"2026-09-04T06:42:49","date_gmt":"2026-09-04T09:42:49","guid":{"rendered":"http:\/\/www.24baires.com\/?p=123347"},"modified":"2026-09-04T06:42:49","modified_gmt":"2026-09-04T09:42:49","slug":"milei-anuncio-la-construccion-de-una-base-naval-en-tierra-del-fuego-y-sanciones-a-empresas-que-exploren-petroleo-en-malvinas","status":"publish","type":"post","link":"https:\/\/www.24baires.com\/?p=123347","title":{"rendered":"Milei anunci\u00f3 la construcci\u00f3n de una base naval en Tierra del Fuego y sanciones a empresas que exploren petr\u00f3leo en Malvinas"},"content":{"rendered":"<p><img data-recalc-dims=\"1\" loading=\"lazy\" decoding=\"async\" class=\"aligncenter wp-image-123348\" src=\"https:\/\/i0.wp.com\/www.24baires.com\/wp-content\/uploads\/2026\/09\/milei-malvinas.jpg?resize=720%2C308\" alt=\"\" width=\"720\" height=\"308\" srcset=\"https:\/\/i0.wp.com\/www.24baires.com\/wp-content\/uploads\/2026\/09\/milei-malvinas.jpg?w=1536&amp;ssl=1 1536w, https:\/\/i0.wp.com\/www.24baires.com\/wp-content\/uploads\/2026\/09\/milei-malvinas.jpg?resize=300%2C128&amp;ssl=1 300w, https:\/\/i0.wp.com\/www.24baires.com\/wp-content\/uploads\/2026\/09\/milei-malvinas.jpg?resize=1024%2C437&amp;ssl=1 1024w, https:\/\/i0.wp.com\/www.24baires.com\/wp-content\/uploads\/2026\/09\/milei-malvinas.jpg?resize=768%2C328&amp;ssl=1 768w\" sizes=\"auto, (max-width: 720px) 100vw, 720px\" \/>El Presidente anunci\u00f3 por un endurecimiento de sanciones e intervenci\u00f3n estatal sobre la explotaci\u00f3n de recursos en las Islas Malvinas.<!--more--><\/p>\n<p>En un mensaje transmitido por Cadena Nacional, el presidente Javier Milei present\u00f3 una bater\u00eda de medidas de corte sumamente regulatorio e intervencionista para contrarrestar los proyectos de explotaci\u00f3n petrolera offshore en las Islas Malvinas. La estrategia oficial contempla el reflotamiento y endurecimiento de la Ley 26.659 (sancionada y promovida originalmente durante la gesti\u00f3n kirchnerista), la firma de un Decreto de Necesidad y Urgencia (DNU) y el env\u00edo de un proyecto de ley al Congreso para castigar econ\u00f3micamente a empresas, accionistas y proveedores involucrados en las islas.<\/p>\n<p>El n\u00facleo pol\u00edtico de la presentaci\u00f3n estuvo en la revelaci\u00f3n de la \u201cautorizaci\u00f3n\u201d internacional. En un pasaje clave de su discurso, el mandatario ratific\u00f3 que el presidente estadounidense Donald Trump est\u00e1 \u201creevaluando la posici\u00f3n hist\u00f3rica\u201d de la Casa Blanca respecto de la disputa del Atl\u00e1ntico Sur. Seg\u00fan la narrativa oficial, este alineamiento geopol\u00edtico le otorga a la Argentina el respaldo necesario para desplegar el poder punitivo del Estado e inhabilitar corporaciones e inversionistas privados.<\/p>\n<p>Regulaciones, sanciones y giro estatal<br \/>\nEl anuncio expone una marcada paradoja en el discurso libertario. Para hacer frente a los proyectos petroleros en el archipi\u00e9lago \u2014con especial \u00e9nfasis en la iniciativa Sea Lion, operada por las firmas Navitas Petroleum y Rockhopper Exploration\u2014 el Estado recurrir\u00e1 a herramientas de control, fiscalizaci\u00f3n e inhabilitaci\u00f3n comercial:<\/p>\n<p>Endurecimiento de la Ley 26.659: Se enviar\u00e1 una iniciativa parlamentaria para extender el marco de sanciones y penas no solo a las petroleras operadoras, sino tambi\u00e9n a sus proveedores, directores y accionistas, prohibi\u00e9ndoles contratar tanto con el sector p\u00fablico como con el privado en territorio argentino.<br \/>\nDecretos y celeridad sancionatoria: A trav\u00e9s de un decreto firmado durante la misma jornada, se agilizar\u00e1n los procedimientos administrativos para castigar a quienes participen directa o indirectamente de la extracci\u00f3n de hidrocarburos sin autorizaci\u00f3n.<br \/>\nCreaci\u00f3n del Consejo de Seguridad Nacional: La iniciativa legal busca crear un organismo interdisciplinario (Defensa, Canciller\u00eda, Inteligencia y Econom\u00eda) con facultades para fijar directrices obligatorias y transversales en todo el aparato estatal, regulando de forma estricta la protecci\u00f3n de infraestructura cr\u00edtica.<br \/>\nPresupuesto militar y base en Tierra del Fuego: Se dispondr\u00e1 un DNU para ampliar las partidas destinadas al Ministerio de Defensa con el fin prioritario de construir una base naval integrada en Tierra del Fuego e incrementar las capacidades tecnol\u00f3gicas e insulares.<\/p>\n","protected":false},"excerpt":{"rendered":"<p>El Presidente anunci\u00f3 por un endurecimiento de sanciones e intervenci\u00f3n estatal sobre la explotaci\u00f3n de recursos en las Islas Malvinas.<\/p>\n","protected":false},"author":8,"featured_media":0,"comment_status":"closed","ping_status":"closed","sticky":false,"template":"","format":"standard","meta":{"_jetpack_newsletter_access":"","_jetpack_dont_email_post_to_subs":false,"_jetpack_newsletter_tier_id":0,"_jetpack_memberships_contains_paywalled_content":false,"_jetpack_memberships_contains_paid_content":false,"footnotes":""},"categories":[51],"tags":[],"class_list":["post-123347","post","type-post","status-publish","format-standard","hentry","category-politica"],"jetpack_shortlink":"https:\/\/wp.me\/p2JWE0-w5t","jetpack-related-posts":[{"id":112214,"url":"https:\/\/www.24baires.com\/?p=112214","url_meta":{"origin":123347,"position":0},"title":"Denuncian a Macri y a varios ministros por \u00abtraici\u00f3n a la patria\u00bb","author":"GB","date":"24\/09\/2019","format":false,"excerpt":"Es por la entrega de la Soberan\u00eda Argentina al Reino Unido en relaci\u00f3n a la explotaci\u00f3n de recursos naturales, gas hidrocarburos y la libre navegaci\u00f3n del espacio a\u00e9reo. El presidente Mauricio Macri, el ministro de Transporte Guillermo Dietrich, el ministro de Energ\u00eda Gustavo Lopetegui y el canciller Jorge Faurie fueron\u2026","rel":"","context":"En \u00abPol\u00edtica\u00bb","block_context":{"text":"Pol\u00edtica","link":"https:\/\/www.24baires.com\/?cat=51"},"img":{"alt_text":"","src":"https:\/\/i0.wp.com\/www.24baires.com\/wp-content\/uploads\/2019\/09\/Macri-y-ministros.jpg?resize=350%2C200","width":350,"height":200,"srcset":"https:\/\/i0.wp.com\/www.24baires.com\/wp-content\/uploads\/2019\/09\/Macri-y-ministros.jpg?resize=350%2C200 1x, https:\/\/i0.wp.com\/www.24baires.com\/wp-content\/uploads\/2019\/09\/Macri-y-ministros.jpg?resize=525%2C300 1.5x"},"classes":[]},{"id":68280,"url":"https:\/\/www.24baires.com\/?p=68280","url_meta":{"origin":123347,"position":1},"title":"\u00abCon los embargos a petroleras se cumpli\u00f3 con el deber de defender la soberan\u00eda econ\u00f3mica\u00bb","author":"AF","date":"29\/06\/2015","format":false,"excerpt":"Carlos Gonella, titular de la Procelac destac\u00f3, la decisi\u00f3n de la justicia federal de Tierra del Fuego que orden\u00f3 embargos millonarios y el secuestro de barcos pertenecientes a empresas petroleras que operan ilegalmente en las Islas Malvinas. \"Hay una violaci\u00f3n muy clara a tratados internacionales y normas nacionales. Cumplimos con\u2026","rel":"","context":"En \u00abInternacionales\u00bb","block_context":{"text":"Internacionales","link":"https:\/\/www.24baires.com\/?cat=73"},"img":{"alt_text":"malvinas","src":"https:\/\/i0.wp.com\/www.24baires.com\/wp-content\/uploads\/2015\/06\/malvinas.jpg?resize=350%2C200","width":350,"height":200,"srcset":"https:\/\/i0.wp.com\/www.24baires.com\/wp-content\/uploads\/2015\/06\/malvinas.jpg?resize=350%2C200 1x, https:\/\/i0.wp.com\/www.24baires.com\/wp-content\/uploads\/2015\/06\/malvinas.jpg?resize=525%2C300 1.5x"},"classes":[]},{"id":113006,"url":"https:\/\/www.24baires.com\/?p=113006","url_meta":{"origin":123347,"position":2},"title":"Imputaron a Macri por ceder soberan\u00eda en las Islas Malvinas","author":"AF","date":"14\/11\/2019","format":false,"excerpt":"El fiscal Jorge Di Lello impuls\u00f3 la investigaci\u00f3n por la autorizaci\u00f3n de vuelos al archipi\u00e9lago y la exploraci\u00f3n petrolera por parte de empresas extranjeras. El fiscal federal Jorge Di Lello inici\u00f3 una investigaci\u00f3n contra Mauricio Macri y un pu\u00f1ado de sus funcionarios por ceder soberan\u00eda en las islas Malvinas. Como\u2026","rel":"","context":"En \u00abJUDICIALES\u00bb","block_context":{"text":"JUDICIALES","link":"https:\/\/www.24baires.com\/?cat=68"},"img":{"alt_text":"","src":"https:\/\/i0.wp.com\/www.24baires.com\/wp-content\/uploads\/2018\/09\/macri.jpg?resize=350%2C200","width":350,"height":200,"srcset":"https:\/\/i0.wp.com\/www.24baires.com\/wp-content\/uploads\/2018\/09\/macri.jpg?resize=350%2C200 1x, https:\/\/i0.wp.com\/www.24baires.com\/wp-content\/uploads\/2018\/09\/macri.jpg?resize=525%2C300 1.5x"},"classes":[]},{"id":119690,"url":"https:\/\/www.24baires.com\/?p=119690","url_meta":{"origin":123347,"position":3},"title":"Fern\u00e1ndez asegur\u00f3 que la usurpaci\u00f3n de Malvinas \u00abdeber\u00eda avergonzar a todo el mundo\u00bb","author":"AF","date":"03\/01\/2023","format":false,"excerpt":"El Presidente encabez\u00f3 la inauguraci\u00f3n, junto al ministro de Defensa, Jorge Taiana, de un monumento conmemorativo de las Malvinas construido por el Astillero Tandanor frente al Edificio Libertador. El presidente Alberto Fern\u00e1ndez advirti\u00f3 hoy que la usurpaci\u00f3n de las Islas Malvinas por parte del Reino Unido \"deber\u00eda avergonzar a todo\u2026","rel":"","context":"En \u00abSociedad\u00bb","block_context":{"text":"Sociedad","link":"https:\/\/www.24baires.com\/?cat=1"},"img":{"alt_text":"","src":"https:\/\/i0.wp.com\/www.24baires.com\/wp-content\/uploads\/2023\/01\/malvinas.jpg?resize=350%2C200","width":350,"height":200,"srcset":"https:\/\/i0.wp.com\/www.24baires.com\/wp-content\/uploads\/2023\/01\/malvinas.jpg?resize=350%2C200 1x, https:\/\/i0.wp.com\/www.24baires.com\/wp-content\/uploads\/2023\/01\/malvinas.jpg?resize=525%2C300 1.5x, https:\/\/i0.wp.com\/www.24baires.com\/wp-content\/uploads\/2023\/01\/malvinas.jpg?resize=700%2C400 2x"},"classes":[]},{"id":123136,"url":"https:\/\/www.24baires.com\/?p=123136","url_meta":{"origin":123347,"position":4},"title":"Una denuncia judicial pone en jaque la concesi\u00f3n de estadio de Mar del Plata","author":"GB","date":"12\/06\/2026","format":false,"excerpt":"Un fiscal federal pidi\u00f3 investigar presuntas irregularidades en la adjudicaci\u00f3n del estadio, el Polideportivo Islas Malvinas y espacios del Parque de los Deportes. La denuncia pone el foco en la empresa concesionaria, el origen de los fondos y el proceso licitatorio. La concesi\u00f3n del Estadio Jos\u00e9 Mar\u00eda Minella, el Polideportivo\u2026","rel":"","context":"En \u00abMunicipios\u00bb","block_context":{"text":"Municipios","link":"https:\/\/www.24baires.com\/?cat=44"},"img":{"alt_text":"","src":"https:\/\/i0.wp.com\/www.24baires.com\/wp-content\/uploads\/2026\/06\/minella.webp?resize=350%2C200","width":350,"height":200,"srcset":"https:\/\/i0.wp.com\/www.24baires.com\/wp-content\/uploads\/2026\/06\/minella.webp?resize=350%2C200 1x, https:\/\/i0.wp.com\/www.24baires.com\/wp-content\/uploads\/2026\/06\/minella.webp?resize=525%2C300 1.5x, https:\/\/i0.wp.com\/www.24baires.com\/wp-content\/uploads\/2026\/06\/minella.webp?resize=700%2C400 2x"},"classes":[]},{"id":67346,"url":"https:\/\/www.24baires.com\/?p=67346","url_meta":{"origin":123347,"position":5},"title":"Timerman y Cameron tuvieron un fuerte cruce por la soberan\u00eda sobre Malvinas","author":"AF","date":"10\/06\/2015","format":false,"excerpt":"El canciller revindic\u00f3 el hist\u00f3rico reclamo de Argentina por la soberan\u00eda sobre las Islas Malvinas, y el primer ministro brit\u00e1nico se ofendi\u00f3, y calific\u00f3 de\u00b7\"amenazantes\" las declaraciones del argentino, en el marco de la Segunda Cumbre de la Comunidad de Estados Latinoamericanos y Caribe\u00f1os (Celac) y la Uni\u00f3n Europea (UE),\u2026","rel":"","context":"En \u00abInternacionales\u00bb","block_context":{"text":"Internacionales","link":"https:\/\/www.24baires.com\/?cat=73"},"img":{"alt_text":"timerman","src":"https:\/\/i0.wp.com\/www.24baires.com\/wp-content\/uploads\/2013\/03\/timerman.jpg?resize=350%2C200","width":350,"height":200,"srcset":"https:\/\/i0.wp.com\/www.24baires.com\/wp-content\/uploads\/2013\/03\/timerman.jpg?resize=350%2C200 1x, https:\/\/i0.wp.com\/www.24baires.com\/wp-content\/uploads\/2013\/03\/timerman.jpg?resize=525%2C300 1.5x"},"classes":[]}],"jetpack_sharing_enabled":true,"jetpack_likes_enabled":true,"jetpack_featured_media_url":"","_links":{"self":[{"href":"https:\/\/www.24baires.com\/index.php?rest_route=\/wp\/v2\/posts\/123347","targetHints":{"allow":["GET"]}}],"collection":[{"href":"https:\/\/www.24baires.com\/index.php?rest_route=\/wp\/v2\/posts"}],"about":[{"href":"https:\/\/www.24baires.com\/index.php?rest_route=\/wp\/v2\/types\/post"}],"author":[{"embeddable":true,"href":"https:\/\/www.24baires.com\/index.php?rest_route=\/wp\/v2\/users\/8"}],"replies":[{"embeddable":true,"href":"https:\/\/www.24baires.com\/index.php?rest_route=%2Fwp%2Fv2%2Fcomments&post=123347"}],"version-history":[{"count":1,"href":"https:\/\/www.24baires.com\/index.php?rest_route=\/wp\/v2\/posts\/123347\/revisions"}],"predecessor-version":[{"id":123349,"href":"https:\/\/www.24baires.com\/index.php?rest_route=\/wp\/v2\/posts\/123347\/revisions\/123349"}],"wp:attachment":[{"href":"https:\/\/www.24baires.com\/index.php?rest_route=%2Fwp%2Fv2%2Fmedia&parent=123347"}],"wp:term":[{"taxonomy":"category","embeddable":true,"href":"https:\/\/www.24baires.com\/index.php?rest_route=%2Fwp%2Fv2%2Fcategories&post=123347"},{"taxonomy":"post_tag","embeddable":true,"href":"https:\/\/www.24baires.com\/index.php?rest_route=%2Fwp%2Fv2%2Ftags&post=123347"}],"curies":[{"name":"wp","href":"https:\/\/api.w.org\/{rel}","templated":true}]}}