{"id":123344,"date":"2026-09-02T06:28:44","date_gmt":"2026-09-02T09:28:44","guid":{"rendered":"http:\/\/www.24baires.com\/?p=123344"},"modified":"2026-09-02T06:28:44","modified_gmt":"2026-09-02T09:28:44","slug":"granja-tres-arroyos-despidos-y-una-planta-paralizada","status":"publish","type":"post","link":"https:\/\/www.24baires.com\/?p=123344","title":{"rendered":"Granja Tres Arroyos: despidos y una planta paralizada"},"content":{"rendered":"<p><img data-recalc-dims=\"1\" loading=\"lazy\" decoding=\"async\" class=\"aligncenter wp-image-123345\" src=\"https:\/\/i0.wp.com\/www.24baires.com\/wp-content\/uploads\/2026\/09\/granja.webp?resize=720%2C483\" alt=\"\" width=\"720\" height=\"483\" srcset=\"https:\/\/i0.wp.com\/www.24baires.com\/wp-content\/uploads\/2026\/09\/granja.webp?w=800&amp;ssl=1 800w, https:\/\/i0.wp.com\/www.24baires.com\/wp-content\/uploads\/2026\/09\/granja.webp?resize=300%2C201&amp;ssl=1 300w, https:\/\/i0.wp.com\/www.24baires.com\/wp-content\/uploads\/2026\/09\/granja.webp?resize=768%2C516&amp;ssl=1 768w\" sizes=\"auto, (max-width: 720px) 100vw, 720px\" \/>La empresa suspendi\u00f3 la actividad en una de sus principales plantas bonaerenses, mientras que en Pinazo despidi\u00f3 50 obreros.<!--more--><\/p>\n<p>La crisis de Granja Tres Arroyos sum\u00f3 un nuevo cap\u00edtulo en la provincia con la paralizaci\u00f3n de la planta de Capit\u00e1n Sarmiento, donde m\u00e1s de 800 trabajadores quedaron en incertidumbre por el futuro de sus puestos y por salarios. La empresa comunic\u00f3 internamente la suspensi\u00f3n de las actividades \u201chasta nuevo aviso\u201d y atribuy\u00f3 la decisi\u00f3n a la falta de suministro el\u00e9ctrico y a una situaci\u00f3n de fuerza mayor.<\/p>\n<p>Los trabajadores, sin embargo, denunciaron una situaci\u00f3n m\u00e1s grave y se\u00f1alaron que se habr\u00eda retirado maquinaria de la planta y que el directorio habr\u00eda vaciado sus oficinas. La paralizaci\u00f3n gener\u00f3 una protesta frente a la f\u00e1brica, donde los empleados reclamaron respuestas y gestiones ante los gobiernos provincial y nacional.<\/p>\n<p>La intendenta de Capit\u00e1n Sarmiento, Fernanda Astorino &#8211; actualmente enrolado en La Libertad Avanza -, se acerc\u00f3 a la concentraci\u00f3n y mantuvo un tenso intercambio con los trabajadores. La jefa comunal apunt\u00f3 contra la administraci\u00f3n de la empresa y sostuvo: \u201cEs una empresa privada que se tiene que administrar bien\u201d; pero los empleados le reclamaron que intervenga para encontrar una soluci\u00f3n.<br \/>\n\u201cLo que te pedimos es m\u00ednimamente una gesti\u00f3n a trav\u00e9s de Naci\u00f3n, de los lugares que sean necesarios\u201d, plantearon; al tiempo que uno de los trabajadores le recrimin\u00f3: \u201cParece una campa\u00f1a electoral\u201d, luego de que la intendenta mencionara gestiones para atraer inversiones y generar nuevas fuentes laborales.<\/p>\n<p>Tras el reclamo, Astorino emiti\u00f3 un comunicado en el que inform\u00f3 que el Municipio acompa\u00f1a a las familias afectadas con asistencia alimentaria y gestiones para facilitar el acceso a servicios esenciales.<\/p>\n<p>Pero la definici\u00f3n m\u00e1s fuerte del escrito fue cuando la jefa comunal remarc\u00f3 que las obligaciones salariales pendientes corresponden a la empresa y el conflicto debe ser abordado por el Ministerio de Trabajo provincial.<\/p>\n","protected":false},"excerpt":{"rendered":"<p>La empresa suspendi\u00f3 la actividad en una de sus principales plantas bonaerenses, mientras que en Pinazo despidi\u00f3 50 obreros.<\/p>\n","protected":false},"author":8,"featured_media":0,"comment_status":"closed","ping_status":"closed","sticky":false,"template":"","format":"standard","meta":{"_jetpack_newsletter_access":"","_jetpack_dont_email_post_to_subs":false,"_jetpack_newsletter_tier_id":0,"_jetpack_memberships_contains_paywalled_content":false,"_jetpack_memberships_contains_paid_content":false,"footnotes":""},"categories":[44],"tags":[],"class_list":["post-123344","post","type-post","status-publish","format-standard","hentry","category-municipios"],"jetpack_shortlink":"https:\/\/wp.me\/p2JWE0-w5q","jetpack-related-posts":[{"id":54190,"url":"https:\/\/www.24baires.com\/?p=54190","url_meta":{"origin":123344,"position":0},"title":"Monte Grande: cerraron importante frigor\u00edfico av\u00edcola y la Provincia mediar\u00e1","author":"AF","date":"24\/09\/2014","format":false,"excerpt":"La empresa av\u00edcola Cresta Roja decidi\u00f3 cerrar ayer una de sus plantas en la localidad bonaerense de Monte Grande y despidi\u00f3 a 1200 trabajadores. Seg\u00fan fuentes empresariales, el motivo es la conflictividad sindical que enfrentaba desde hac\u00eda varios a\u00f1os y que les hac\u00eda ya imposible continuar con la faena de\u2026","rel":"","context":"En \u00abLocales\u00bb","block_context":{"text":"Locales","link":"https:\/\/www.24baires.com\/?cat=38"},"img":{"alt_text":"","src":"","width":0,"height":0},"classes":[]},{"id":102242,"url":"https:\/\/www.24baires.com\/?p=102242","url_meta":{"origin":123344,"position":1},"title":"Crisis av\u00edcola en Roque P\u00e9rez: hist\u00f3rica planta amaneci\u00f3 cerrada","author":"GB","date":"21\/05\/2018","format":false,"excerpt":"Se trata de la empresa Criave, propiedad de la familia Perea. C\u00f3mo sucede en Cresta Roja, la ca\u00edda del sector provoc\u00f3 un retraso en los sueldos y para los casi 700 empleados la situaci\u00f3n es desesperante. Piden que haya \u201cpol\u00edticas\u201d para evitar el cierre Roque P\u00e9rez se suma por estas\u2026","rel":"","context":"En \u00abMunicipios\u00bb","block_context":{"text":"Municipios","link":"https:\/\/www.24baires.com\/?cat=44"},"img":{"alt_text":"","src":"https:\/\/i0.wp.com\/www.24baires.com\/wp-content\/uploads\/2018\/05\/industria-cerrada.jpg?resize=350%2C200","width":350,"height":200,"srcset":"https:\/\/i0.wp.com\/www.24baires.com\/wp-content\/uploads\/2018\/05\/industria-cerrada.jpg?resize=350%2C200 1x, https:\/\/i0.wp.com\/www.24baires.com\/wp-content\/uploads\/2018\/05\/industria-cerrada.jpg?resize=525%2C300 1.5x"},"classes":[]},{"id":112349,"url":"https:\/\/www.24baires.com\/?p=112349","url_meta":{"origin":123344,"position":2},"title":"Caseros: Zanella ofrece pagar sueldos adeudados con generadores el\u00e9ctricos","author":"AF","date":"03\/10\/2019","format":false,"excerpt":"Con una fuerte ca\u00edda de las ventas, la firma fren\u00f3 la producci\u00f3n y mantiene una deuda de unos 100 mil pesos con cada trabajador. Luego de la paralizaci\u00f3n de la planta, producto de la ca\u00edda de las ventas, la firma de motos Zanella, ubicada en Caseros, ofreci\u00f3 a sus 132\u2026","rel":"","context":"En \u00abSociedad\u00bb","block_context":{"text":"Sociedad","link":"https:\/\/www.24baires.com\/?cat=1"},"img":{"alt_text":"","src":"https:\/\/i0.wp.com\/www.24baires.com\/wp-content\/uploads\/2019\/10\/zanella.jpg?resize=350%2C200","width":350,"height":200,"srcset":"https:\/\/i0.wp.com\/www.24baires.com\/wp-content\/uploads\/2019\/10\/zanella.jpg?resize=350%2C200 1x, https:\/\/i0.wp.com\/www.24baires.com\/wp-content\/uploads\/2019\/10\/zanella.jpg?resize=525%2C300 1.5x"},"classes":[]},{"id":27690,"url":"https:\/\/www.24baires.com\/?p=27690","url_meta":{"origin":123344,"position":3},"title":"Arman en Tres Arroyos una \u201cSala de Situaci\u00f3n\u201d por la Gripe A","author":"AF","date":"06\/07\/2013","format":false,"excerpt":"La anunci\u00f3 el ministro de salud bonaerense con el fin de tener el panorama exacto sobre la enfermedad en ese distrito, donde ya fallecieron personas y hay varios infectados. \u201cLa poblaci\u00f3n tiene que estar tranquila\u201d dijo el funcionario, mientras que desestim\u00f3 los reclamos de los ciudadanos que pod\u00edan por la\u2026","rel":"","context":"En \u00abLocales\u00bb","block_context":{"text":"Locales","link":"https:\/\/www.24baires.com\/?cat=38"},"img":{"alt_text":"gripe a tres arroyos","src":"https:\/\/i0.wp.com\/www.24baires.com\/wp-content\/uploads\/2013\/07\/gripe-a-tres-arroyos.jpg?resize=350%2C200","width":350,"height":200,"srcset":"https:\/\/i0.wp.com\/www.24baires.com\/wp-content\/uploads\/2013\/07\/gripe-a-tres-arroyos.jpg?resize=350%2C200 1x, https:\/\/i0.wp.com\/www.24baires.com\/wp-content\/uploads\/2013\/07\/gripe-a-tres-arroyos.jpg?resize=525%2C300 1.5x"},"classes":[]},{"id":28296,"url":"https:\/\/www.24baires.com\/?p=28296","url_meta":{"origin":123344,"position":4},"title":"Advierten la paralizaci\u00f3n de obras en la planta de residuos de Ensenada","author":"AF","date":"15\/07\/2013","format":false,"excerpt":"Desde hace 90 d\u00edas, los trabajos se suspendieron por supuestos tironeos en cuanto al financiamiento, disputado entre el Municipio y el Gobierno bonaerense. En tanto, ambientalistas y vecinos reclaman su r\u00e1pida construcci\u00f3n, ya que la infraestructura servir\u00eda para tratar la basura de distintos municipios de la Regi\u00f3n Capital que al\u2026","rel":"","context":"En \u00abLocales\u00bb","block_context":{"text":"Locales","link":"https:\/\/www.24baires.com\/?cat=38"},"img":{"alt_text":"","src":"","width":0,"height":0},"classes":[]},{"id":123076,"url":"https:\/\/www.24baires.com\/?p=123076","url_meta":{"origin":123344,"position":5},"title":"La crisis de la construcci\u00f3n golpea a una ladrillera de Mar del Plata","author":"GB","date":"18\/05\/2026","format":false,"excerpt":"En la empresa Palmar, ubicada en Estaci\u00f3n Chapadmalal, temen que por una nueva paralizaci\u00f3n de actividades se repitan los despidos. La crisis que atraviesa la construcci\u00f3n volvi\u00f3 a encender se\u00f1ales de alerta en la industria ladrillera de Mar del Plata. Trabajadores vinculados a la firma Palmar, ubicada en Estaci\u00f3n Chapadmalal,\u2026","rel":"","context":"En \u00abEconom\u00eda\u00bb","block_context":{"text":"Econom\u00eda","link":"https:\/\/www.24baires.com\/?cat=45"},"img":{"alt_text":"","src":"https:\/\/i0.wp.com\/www.24baires.com\/wp-content\/uploads\/2026\/05\/ladrillera.webp?resize=350%2C200","width":350,"height":200,"srcset":"https:\/\/i0.wp.com\/www.24baires.com\/wp-content\/uploads\/2026\/05\/ladrillera.webp?resize=350%2C200 1x, https:\/\/i0.wp.com\/www.24baires.com\/wp-content\/uploads\/2026\/05\/ladrillera.webp?resize=525%2C300 1.5x, https:\/\/i0.wp.com\/www.24baires.com\/wp-content\/uploads\/2026\/05\/ladrillera.webp?resize=700%2C400 2x"},"classes":[]}],"jetpack_sharing_enabled":true,"jetpack_likes_enabled":true,"jetpack_featured_media_url":"","_links":{"self":[{"href":"https:\/\/www.24baires.com\/index.php?rest_route=\/wp\/v2\/posts\/123344","targetHints":{"allow":["GET"]}}],"collection":[{"href":"https:\/\/www.24baires.com\/index.php?rest_route=\/wp\/v2\/posts"}],"about":[{"href":"https:\/\/www.24baires.com\/index.php?rest_route=\/wp\/v2\/types\/post"}],"author":[{"embeddable":true,"href":"https:\/\/www.24baires.com\/index.php?rest_route=\/wp\/v2\/users\/8"}],"replies":[{"embeddable":true,"href":"https:\/\/www.24baires.com\/index.php?rest_route=%2Fwp%2Fv2%2Fcomments&post=123344"}],"version-history":[{"count":1,"href":"https:\/\/www.24baires.com\/index.php?rest_route=\/wp\/v2\/posts\/123344\/revisions"}],"predecessor-version":[{"id":123346,"href":"https:\/\/www.24baires.com\/index.php?rest_route=\/wp\/v2\/posts\/123344\/revisions\/123346"}],"wp:attachment":[{"href":"https:\/\/www.24baires.com\/index.php?rest_route=%2Fwp%2Fv2%2Fmedia&parent=123344"}],"wp:term":[{"taxonomy":"category","embeddable":true,"href":"https:\/\/www.24baires.com\/index.php?rest_route=%2Fwp%2Fv2%2Fcategories&post=123344"},{"taxonomy":"post_tag","embeddable":true,"href":"https:\/\/www.24baires.com\/index.php?rest_route=%2Fwp%2Fv2%2Ftags&post=123344"}],"curies":[{"name":"wp","href":"https:\/\/api.w.org\/{rel}","templated":true}]}}