{"id":123328,"date":"2026-09-01T19:55:56","date_gmt":"2026-09-01T22:55:56","guid":{"rendered":"http:\/\/www.24baires.com\/?p=123328"},"modified":"2026-09-01T19:55:56","modified_gmt":"2026-09-01T22:55:56","slug":"milei-dara-una-cadena-nacional-por-la-causa-de-malvinas","status":"publish","type":"post","link":"https:\/\/www.24baires.com\/?p=123328","title":{"rendered":"Milei dar\u00e1 una cadena nacional por la causa de Malvinas"},"content":{"rendered":"<p><img data-recalc-dims=\"1\" loading=\"lazy\" decoding=\"async\" class=\"aligncenter wp-image-121654\" src=\"https:\/\/i0.wp.com\/www.24baires.com\/wp-content\/uploads\/2024\/09\/milei-cadena.jpg?resize=720%2C540\" alt=\"\" width=\"720\" height=\"540\" srcset=\"https:\/\/i0.wp.com\/www.24baires.com\/wp-content\/uploads\/2024\/09\/milei-cadena.jpg?resize=300%2C225&amp;ssl=1 300w, https:\/\/i0.wp.com\/www.24baires.com\/wp-content\/uploads\/2024\/09\/milei-cadena.jpg?resize=768%2C576&amp;ssl=1 768w, https:\/\/i0.wp.com\/www.24baires.com\/wp-content\/uploads\/2024\/09\/milei-cadena.jpg?w=1024&amp;ssl=1 1024w\" sizes=\"auto, (max-width: 720px) 100vw, 720px\" \/>El mandatario brindar\u00e1 un mensaje este jueves a la ciudadan\u00eda. El anuncio se produce luego de las declaraciones de su par norteamericano, Donald Trump, quien reconsiderar\u00eda la posici\u00f3n de su pa\u00eds sobre el archipi\u00e9lago.<!--more--><\/p>\n<p>Tras encabezar una nueva reuni\u00f3n de Gabinete en Casa Rosada, el presidente Javier Milei confirm\u00f3 que el pr\u00f3ximo jueves a las 21 brindar\u00e1 un mensaje en cadena nacional para contar detalles de los \u00abavances diplom\u00e1ticos\u00bb en relaci\u00f3n a la cuesti\u00f3n Malvinas.<\/p>\n<p>En ese contexto, el ministro de Relaciones Exteriores, Pablo Quirno, quien expuso sobre la materia a ra\u00edz de la promesa del republicano Donald Trump, que advirti\u00f3 que \u00abrevisar\u00eda\u00bb su postura sobre el tema.<\/p>\n<p>\u00abSiempre reviso todas las posiciones. Esa es apenas una entre muchas\u00bb, precis\u00f3 en declaraciones a la prensa en el Despacho Oval ante la posibilidad de retirar el apoyo estadounidense a la soberan\u00eda brit\u00e1nica sobre las Malvinas. No obstante, no ser\u00eda la primera vez que el norteamericano presione a sus aliados de la OTAN a la hora de que destinen m\u00e1s dinero a Defensa y se alineen a sus posturas geopol\u00edticas.<\/p>\n<p>Tras calificarlo como \u00abalgo muy fuerte\u00bb, el libertario cont\u00f3 que lo trasladar\u00eda a su equipo y resolvi\u00f3 encabezar una comunicaci\u00f3n hacia finales de semana, seg\u00fan inform\u00f3 NA.<\/p>\n","protected":false},"excerpt":{"rendered":"<p>El mandatario brindar\u00e1 un mensaje este jueves a la ciudadan\u00eda. El anuncio se produce luego de las declaraciones de su par norteamericano, Donald Trump, quien reconsiderar\u00eda la posici\u00f3n de su pa\u00eds sobre el archipi\u00e9lago.<\/p>\n","protected":false},"author":8,"featured_media":0,"comment_status":"closed","ping_status":"closed","sticky":false,"template":"","format":"standard","meta":{"_jetpack_newsletter_access":"","_jetpack_dont_email_post_to_subs":false,"_jetpack_newsletter_tier_id":0,"_jetpack_memberships_contains_paywalled_content":false,"_jetpack_memberships_contains_paid_content":false,"footnotes":""},"categories":[51],"tags":[],"class_list":["post-123328","post","type-post","status-publish","format-standard","hentry","category-politica"],"jetpack_shortlink":"https:\/\/wp.me\/p2JWE0-w5a","jetpack-related-posts":[{"id":120776,"url":"https:\/\/www.24baires.com\/?p=120776","url_meta":{"origin":123328,"position":0},"title":"Se public\u00f3 en el bolet\u00edn oficial el mega decreto de Milei que desregula la econom\u00eda","author":"GB","date":"21\/12\/2023","format":false,"excerpt":"\"Decl\u00e1rase la emergencia p\u00fablica en materia econ\u00f3mica, financiera, fiscal, administrativa, previsional, tarifaria, sanitaria y social hasta el 31 de diciembre de 2025\", dice el art\u00edculo 1 de la norma que fue publicada en el Bolet\u00edn Oficial. El gobierno del presidente Javier Milei decret\u00f3 la \"emergencia p\u00fablica\" en materia econ\u00f3mica, financiera,\u2026","rel":"","context":"En \u00abEconom\u00eda\u00bb","block_context":{"text":"Econom\u00eda","link":"https:\/\/www.24baires.com\/?cat=45"},"img":{"alt_text":"","src":"https:\/\/i0.wp.com\/www.24baires.com\/wp-content\/uploads\/2023\/12\/javier_mieleijpg.webp?resize=350%2C200","width":350,"height":200,"srcset":"https:\/\/i0.wp.com\/www.24baires.com\/wp-content\/uploads\/2023\/12\/javier_mieleijpg.webp?resize=350%2C200 1x, https:\/\/i0.wp.com\/www.24baires.com\/wp-content\/uploads\/2023\/12\/javier_mieleijpg.webp?resize=525%2C300 1.5x, https:\/\/i0.wp.com\/www.24baires.com\/wp-content\/uploads\/2023\/12\/javier_mieleijpg.webp?resize=700%2C400 2x"},"classes":[]},{"id":121137,"url":"https:\/\/www.24baires.com\/?p=121137","url_meta":{"origin":123328,"position":1},"title":"La Justicia declar\u00f3 inconstitucional la derogaci\u00f3n de la Ley de Tierras","author":"GB","date":"21\/03\/2024","format":false,"excerpt":"La Justicia impuso un freno a la intenci\u00f3n del gobierno de Javier Milei de favorecer la extranjerizaci\u00f3n de tierras sin l\u00edmite. Aseguran que el DNU pone en crisis la integridad territorial y la soberan\u00eda nacional. La Sala III de la C\u00e1mara Federal de La Plata declar\u00f3 este jueves la inconstitucionalidad\u2026","rel":"","context":"En \u00abPol\u00edtica\u00bb","block_context":{"text":"Pol\u00edtica","link":"https:\/\/www.24baires.com\/?cat=51"},"img":{"alt_text":"","src":"https:\/\/i0.wp.com\/www.24baires.com\/wp-content\/uploads\/2024\/03\/milei-serio.webp?resize=350%2C200","width":350,"height":200,"srcset":"https:\/\/i0.wp.com\/www.24baires.com\/wp-content\/uploads\/2024\/03\/milei-serio.webp?resize=350%2C200 1x, https:\/\/i0.wp.com\/www.24baires.com\/wp-content\/uploads\/2024\/03\/milei-serio.webp?resize=525%2C300 1.5x, https:\/\/i0.wp.com\/www.24baires.com\/wp-content\/uploads\/2024\/03\/milei-serio.webp?resize=700%2C400 2x"},"classes":[]},{"id":106531,"url":"https:\/\/www.24baires.com\/?p=106531","url_meta":{"origin":123328,"position":2},"title":"Trump cerrar\u00e1 la embajada venezolana y los consulados en Estados Unidos","author":"AF","date":"24\/01\/2019","format":false,"excerpt":"Adem\u00e1s ratific\u00f3 la expulsi\u00f3n de los diplom\u00e1ticos estadounidenses: \"Hasta el domingo tienen las 72 horas para retirarse de Venezuela, para marcharse de Venezuela\", detall\u00f3. El jefe de Estado de Venezuela, Nicol\u00e1s Maduro, anunci\u00f3 este jueves que decidi\u00f3 cerrar la embajada y todos los consulados de su pa\u00eds en Estados Unidos,\u2026","rel":"","context":"En \u00abInternacionales\u00bb","block_context":{"text":"Internacionales","link":"https:\/\/www.24baires.com\/?cat=73"},"img":{"alt_text":"","src":"https:\/\/i0.wp.com\/www.24baires.com\/wp-content\/uploads\/2017\/09\/trump-onu.jpg?resize=350%2C200","width":350,"height":200,"srcset":"https:\/\/i0.wp.com\/www.24baires.com\/wp-content\/uploads\/2017\/09\/trump-onu.jpg?resize=350%2C200 1x, https:\/\/i0.wp.com\/www.24baires.com\/wp-content\/uploads\/2017\/09\/trump-onu.jpg?resize=525%2C300 1.5x"},"classes":[]},{"id":121901,"url":"https:\/\/www.24baires.com\/?p=121901","url_meta":{"origin":123328,"position":3},"title":"\u00abSuperamos la prueba de fuego, la recesi\u00f3n termin\u00f3\u00bb, celebr\u00f3 Milei en cadena nacional","author":"GB","date":"11\/12\/2024","format":false,"excerpt":"Javier Milei asegur\u00f3 que el peor momento ya pas\u00f3. Anunci\u00f3 que el a\u00f1o que viene se reducir\u00e1n los impuestos en un 90% y que el cepo \"desaparecer\u00e1 para siempre\". A pocos d\u00edas de cumplir su primer a\u00f1o de gesti\u00f3n, el presidente Javier Milei brindar\u00e1 un mensaje en cadena nacional. En\u2026","rel":"","context":"En \u00abPol\u00edtica\u00bb","block_context":{"text":"Pol\u00edtica","link":"https:\/\/www.24baires.com\/?cat=51"},"img":{"alt_text":"","src":"https:\/\/i0.wp.com\/www.24baires.com\/wp-content\/uploads\/2024\/12\/milei-cadena.webp?resize=350%2C200","width":350,"height":200,"srcset":"https:\/\/i0.wp.com\/www.24baires.com\/wp-content\/uploads\/2024\/12\/milei-cadena.webp?resize=350%2C200 1x, https:\/\/i0.wp.com\/www.24baires.com\/wp-content\/uploads\/2024\/12\/milei-cadena.webp?resize=525%2C300 1.5x, https:\/\/i0.wp.com\/www.24baires.com\/wp-content\/uploads\/2024\/12\/milei-cadena.webp?resize=700%2C400 2x"},"classes":[]},{"id":122479,"url":"https:\/\/www.24baires.com\/?p=122479","url_meta":{"origin":123328,"position":4},"title":"\u201cLe estamos afanando los choreos\u201d: la ins\u00f3lita frase de Milei en plena campa\u00f1a","author":"GB","date":"26\/08\/2025","format":false,"excerpt":"En un acto con incidentes en la previa, Milei pronunci\u00f3 la frase que reaviva las denuncias por coimas en ANDIS y sorprende a militantes y opositores. El presidente Javier Milei inaugur\u00f3 la campa\u00f1a nacional de La Libertad Avanza en el Teatro San Carlos de Jun\u00edn, en un acto marcado por\u2026","rel":"","context":"En \u00abPol\u00edtica\u00bb","block_context":{"text":"Pol\u00edtica","link":"https:\/\/www.24baires.com\/?cat=51"},"img":{"alt_text":"","src":"https:\/\/i0.wp.com\/www.24baires.com\/wp-content\/uploads\/2025\/08\/milei-campana.jpg?resize=350%2C200","width":350,"height":200,"srcset":"https:\/\/i0.wp.com\/www.24baires.com\/wp-content\/uploads\/2025\/08\/milei-campana.jpg?resize=350%2C200 1x, https:\/\/i0.wp.com\/www.24baires.com\/wp-content\/uploads\/2025\/08\/milei-campana.jpg?resize=525%2C300 1.5x, https:\/\/i0.wp.com\/www.24baires.com\/wp-content\/uploads\/2025\/08\/milei-campana.jpg?resize=700%2C400 2x"},"classes":[]},{"id":102214,"url":"https:\/\/www.24baires.com\/?p=102214","url_meta":{"origin":123328,"position":5},"title":"Trump elogi\u00f3 a Macri por su \u00abgran trabajo en Argentina\u00bb","author":"AF","date":"17\/05\/2018","format":false,"excerpt":"El presidente de los Estados Unidos elogi\u00f3 a su par argentino a trav\u00e9s de las redes sociales. El presidente de Estados Unidos, Donald Trump revel\u00f3 este jueves que mantuvo una comunicaci\u00f3n con Mauricio Macri y expres\u00f3 su apoyo a la pol\u00edtica econ\u00f3mica del mandatario argentino. \"Gran charla con mi amigo\u2026","rel":"","context":"En \u00abPol\u00edtica\u00bb","block_context":{"text":"Pol\u00edtica","link":"https:\/\/www.24baires.com\/?cat=51"},"img":{"alt_text":"","src":"https:\/\/i0.wp.com\/www.24baires.com\/wp-content\/uploads\/2017\/04\/trump-macri.jpg?resize=350%2C200","width":350,"height":200,"srcset":"https:\/\/i0.wp.com\/www.24baires.com\/wp-content\/uploads\/2017\/04\/trump-macri.jpg?resize=350%2C200 1x, https:\/\/i0.wp.com\/www.24baires.com\/wp-content\/uploads\/2017\/04\/trump-macri.jpg?resize=525%2C300 1.5x"},"classes":[]}],"jetpack_sharing_enabled":true,"jetpack_likes_enabled":true,"jetpack_featured_media_url":"","_links":{"self":[{"href":"https:\/\/www.24baires.com\/index.php?rest_route=\/wp\/v2\/posts\/123328","targetHints":{"allow":["GET"]}}],"collection":[{"href":"https:\/\/www.24baires.com\/index.php?rest_route=\/wp\/v2\/posts"}],"about":[{"href":"https:\/\/www.24baires.com\/index.php?rest_route=\/wp\/v2\/types\/post"}],"author":[{"embeddable":true,"href":"https:\/\/www.24baires.com\/index.php?rest_route=\/wp\/v2\/users\/8"}],"replies":[{"embeddable":true,"href":"https:\/\/www.24baires.com\/index.php?rest_route=%2Fwp%2Fv2%2Fcomments&post=123328"}],"version-history":[{"count":1,"href":"https:\/\/www.24baires.com\/index.php?rest_route=\/wp\/v2\/posts\/123328\/revisions"}],"predecessor-version":[{"id":123329,"href":"https:\/\/www.24baires.com\/index.php?rest_route=\/wp\/v2\/posts\/123328\/revisions\/123329"}],"wp:attachment":[{"href":"https:\/\/www.24baires.com\/index.php?rest_route=%2Fwp%2Fv2%2Fmedia&parent=123328"}],"wp:term":[{"taxonomy":"category","embeddable":true,"href":"https:\/\/www.24baires.com\/index.php?rest_route=%2Fwp%2Fv2%2Fcategories&post=123328"},{"taxonomy":"post_tag","embeddable":true,"href":"https:\/\/www.24baires.com\/index.php?rest_route=%2Fwp%2Fv2%2Ftags&post=123328"}],"curies":[{"name":"wp","href":"https:\/\/api.w.org\/{rel}","templated":true}]}}