{"id":123323,"date":"2026-08-31T06:34:28","date_gmt":"2026-08-31T09:34:28","guid":{"rendered":"http:\/\/www.24baires.com\/?p=123323"},"modified":"2026-08-31T06:34:28","modified_gmt":"2026-08-31T09:34:28","slug":"investigan-una-amenaza-contra-el-intendente-de-ramallo","status":"publish","type":"post","link":"https:\/\/www.24baires.com\/?p=123323","title":{"rendered":"Investigan una amenaza contra el intendente de Ramallo"},"content":{"rendered":"<p><img data-recalc-dims=\"1\" loading=\"lazy\" decoding=\"async\" class=\"aligncenter wp-image-123324\" src=\"https:\/\/i0.wp.com\/www.24baires.com\/wp-content\/uploads\/2026\/08\/int-ramallo.webp?resize=720%2C419\" alt=\"\" width=\"720\" height=\"419\" srcset=\"https:\/\/i0.wp.com\/www.24baires.com\/wp-content\/uploads\/2026\/08\/int-ramallo.webp?w=800&amp;ssl=1 800w, https:\/\/i0.wp.com\/www.24baires.com\/wp-content\/uploads\/2026\/08\/int-ramallo.webp?resize=300%2C174&amp;ssl=1 300w, https:\/\/i0.wp.com\/www.24baires.com\/wp-content\/uploads\/2026\/08\/int-ramallo.webp?resize=768%2C446&amp;ssl=1 768w\" sizes=\"auto, (max-width: 720px) 100vw, 720px\" \/>Mauro Poletti denunci\u00f3 haber recibido un audio intimidatorio en el que una voz masculina asegura conocer d\u00f3nde vive y sus movimientos.<!--more--><\/p>\n<p>Una amenaza dirigida al intendente de Ramallo, Mauro Poletti, qued\u00f3 bajo investigaci\u00f3n judicial luego de que el jefe comunal realizara una denuncia por un mensaje intimidatorio que recibi\u00f3 en las \u00faltimas horas.<\/p>\n<p>El contenido del audio fue considerado de gravedad por las autoridades. En la grabaci\u00f3n, una voz masculina le advierte al intendente: \u201cS\u00e9 d\u00f3nde viv\u00eds y los pasos que das\u201d.<\/p>\n<p>A partir de la denuncia, la Justicia inici\u00f3 las actuaciones correspondientes para establecer el origen del mensaje e identificar a la persona que lo envi\u00f3. Tambi\u00e9n se busca determinar si existieron otras circunstancias vinculadas al episodio.<\/p>\n<p>Poletti, dirigente de Fuerza Patria, inform\u00f3 lo ocurrido ante la sede judicial y qued\u00f3 a disposici\u00f3n de la investigaci\u00f3n para aportar los elementos necesarios para esclarecer el hecho.<\/p>\n<p>La situaci\u00f3n gener\u00f3 preocupaci\u00f3n en el municipio, desde donde cuestionaron la amenaza y se\u00f1alaron que hechos de este tipo no pueden quedar al margen del funcionamiento institucional.<\/p>\n<p>Por el momento, la investigaci\u00f3n se encuentra en una etapa inicial y apunta principalmente a establecer qui\u00e9n est\u00e1 detr\u00e1s del audio y cu\u00e1les fueron los motivos de la intimidaci\u00f3n.<\/p>\n<p>Desde la municipalidad publicaron un comunicado en donde repudiaron el hecho: \u00abEste tipo de hechos de intimidaci\u00f3n son absolutamente inadmisibles y nos remiten a los momentos m\u00e1s oscuros de nuestra historia reciente. La violencia, las amenazas y el amedrentamiento no pueden tener lugar en una sociedad democr\u00e1tica\u00bb, expresaron.<\/p>\n","protected":false},"excerpt":{"rendered":"<p>Mauro Poletti denunci\u00f3 haber recibido un audio intimidatorio en el que una voz masculina asegura conocer d\u00f3nde vive y sus movimientos.<\/p>\n","protected":false},"author":8,"featured_media":0,"comment_status":"closed","ping_status":"closed","sticky":false,"template":"","format":"standard","meta":{"_jetpack_newsletter_access":"","_jetpack_dont_email_post_to_subs":false,"_jetpack_newsletter_tier_id":0,"_jetpack_memberships_contains_paywalled_content":false,"_jetpack_memberships_contains_paid_content":false,"footnotes":""},"categories":[44],"tags":[],"class_list":["post-123323","post","type-post","status-publish","format-standard","hentry","category-municipios"],"jetpack_shortlink":"https:\/\/wp.me\/p2JWE0-w55","jetpack-related-posts":[{"id":120559,"url":"https:\/\/www.24baires.com\/?p=120559","url_meta":{"origin":123323,"position":0},"title":"El intendente de Escobar denunci\u00f3 amenazas e intento de extorsi\u00f3n","author":"GB","date":"17\/10\/2023","format":false,"excerpt":"El intendente de Escobar, Ariel Sujarchuk, radic\u00f3 una denuncia luego de ser amenazado por un an\u00f3nimo en los \u00faltimos d\u00edas. A d\u00edas de las elecciones generales, el intendente de Escobar, Ariel Sujarchuk, radic\u00f3 una denuncia penal tras haber recibido mensajes extorsivos en su casilla de mail. All\u00ed, se intent\u00f3 remarcar\u2026","rel":"","context":"En \u00abMunicipios\u00bb","block_context":{"text":"Municipios","link":"https:\/\/www.24baires.com\/?cat=44"},"img":{"alt_text":"","src":"https:\/\/i0.wp.com\/www.24baires.com\/wp-content\/uploads\/2023\/10\/escobar.jpg?resize=350%2C200","width":350,"height":200,"srcset":"https:\/\/i0.wp.com\/www.24baires.com\/wp-content\/uploads\/2023\/10\/escobar.jpg?resize=350%2C200 1x, https:\/\/i0.wp.com\/www.24baires.com\/wp-content\/uploads\/2023\/10\/escobar.jpg?resize=525%2C300 1.5x, https:\/\/i0.wp.com\/www.24baires.com\/wp-content\/uploads\/2023\/10\/escobar.jpg?resize=700%2C400 2x"},"classes":[]},{"id":62782,"url":"https:\/\/www.24baires.com\/?p=62782","url_meta":{"origin":123323,"position":1},"title":"Ramallo: Aprobaron la declaraci\u00f3n de emergencia sanitaria","author":"Grupo Sierra","date":"07\/03\/2015","format":false,"excerpt":"En una Sesi\u00f3n Extraordinaria del Honorable Concejo Deliberante dieron paso a la declaraci\u00f3n de la Emergencia en Salud del municipio. Es por la serie de irregularidades que se vivieron en el Hospital Jos\u00e9 M. Gomendio. Una ambulancia sin insumos, otra sin personal m\u00e9dico, y falencias en la guardia pedi\u00e1trica. La\u2026","rel":"","context":"En \u00abLocales\u00bb","block_context":{"text":"Locales","link":"https:\/\/www.24baires.com\/?cat=38"},"img":{"alt_text":"ramallo Hospital Jos\u00e9 M. Gomendio","src":"https:\/\/i0.wp.com\/www.24baires.com\/wp-content\/uploads\/2015\/03\/ramallo-Hospital-Jos%C3%A9-M.-Gomendio.jpg?resize=350%2C200","width":350,"height":200,"srcset":"https:\/\/i0.wp.com\/www.24baires.com\/wp-content\/uploads\/2015\/03\/ramallo-Hospital-Jos%C3%A9-M.-Gomendio.jpg?resize=350%2C200 1x, https:\/\/i0.wp.com\/www.24baires.com\/wp-content\/uploads\/2015\/03\/ramallo-Hospital-Jos%C3%A9-M.-Gomendio.jpg?resize=525%2C300 1.5x"},"classes":[]},{"id":94547,"url":"https:\/\/www.24baires.com\/?p=94547","url_meta":{"origin":123323,"position":2},"title":"Vidal present\u00f3 el Plan Vial: \u00abEsta vez las obras empiezan y terminan\u00bb","author":"GB","date":"16\/05\/2017","format":false,"excerpt":"Junto a intendentes, la mandataria lanz\u00f3 el plan que prev\u00e9 para 2017 unas 80 con una inversi\u00f3n de 16.800 millones de pesos. Cuestion\u00f3 a las gestiones anteriores por no haber avanzado en los trabajos. La gobernadora Mar\u00eda Eugenia Vidal present\u00f3 hoy en el municipio de Ramallo el \"Plan de Vialidad\",\u2026","rel":"","context":"En \u00abProvincia\u00bb","block_context":{"text":"Provincia","link":"https:\/\/www.24baires.com\/?cat=40"},"img":{"alt_text":"","src":"https:\/\/i0.wp.com\/www.24baires.com\/wp-content\/uploads\/2016\/12\/vidall.jpg?resize=350%2C200","width":350,"height":200,"srcset":"https:\/\/i0.wp.com\/www.24baires.com\/wp-content\/uploads\/2016\/12\/vidall.jpg?resize=350%2C200 1x, https:\/\/i0.wp.com\/www.24baires.com\/wp-content\/uploads\/2016\/12\/vidall.jpg?resize=525%2C300 1.5x"},"classes":[]},{"id":112760,"url":"https:\/\/www.24baires.com\/?p=112760","url_meta":{"origin":123323,"position":3},"title":"Cinco distritos esperar\u00e1n el escrutinio definitivo para conocer a sus futuros intendentes","author":"GB","date":"29\/10\/2019","format":false,"excerpt":"Se trata de Ramallo, Maip\u00fa, Patagones, Salliquel\u00f3 y Roque P\u00e9rez, donde la diferencia entre los contendientes es menor a 100 votos Finalizado el escrutinio provisorio en la provincia de Buenos Aires, muchos municipios saben qui\u00e9nes ser\u00e1n sus intendentes desde el 10 de diciembre, pero cinco todav\u00eda mantienen dudas por la\u2026","rel":"","context":"En \u00abMunicipios\u00bb","block_context":{"text":"Municipios","link":"https:\/\/www.24baires.com\/?cat=44"},"img":{"alt_text":"","src":"https:\/\/i0.wp.com\/www.24baires.com\/wp-content\/uploads\/2013\/06\/URNAS-VOTOS-300x200.jpg?resize=350%2C200","width":350,"height":200},"classes":[]},{"id":99195,"url":"https:\/\/www.24baires.com\/?p=99195","url_meta":{"origin":123323,"position":4},"title":"Por los tarifazos, los municipios bonaerenses pierden hasta el 30 % de su recaudaci\u00f3n","author":"GB","date":"05\/12\/2017","format":false,"excerpt":"Varios municipios registraron una ca\u00edda de la cobrabilidad de las tasas y sus intendentes no dudan en vincularlas a la suba de las tarifas de servicios p\u00fablicos. \"La situaci\u00f3n es dram\u00e1tica\", advierten. Los coletazos de los tarifazos en los servicios b\u00e1sicos tambi\u00e9n impactan de manera negativa en los municipios de\u2026","rel":"","context":"En \u00abMunicipios\u00bb","block_context":{"text":"Municipios","link":"https:\/\/www.24baires.com\/?cat=44"},"img":{"alt_text":"","src":"https:\/\/i0.wp.com\/www.24baires.com\/wp-content\/uploads\/2016\/09\/aranguren.jpg?resize=350%2C200","width":350,"height":200,"srcset":"https:\/\/i0.wp.com\/www.24baires.com\/wp-content\/uploads\/2016\/09\/aranguren.jpg?resize=350%2C200 1x, https:\/\/i0.wp.com\/www.24baires.com\/wp-content\/uploads\/2016\/09\/aranguren.jpg?resize=525%2C300 1.5x"},"classes":[]},{"id":103819,"url":"https:\/\/www.24baires.com\/?p=103819","url_meta":{"origin":123323,"position":5},"title":"Ramallo aprob\u00f3 una ordenanza que penaliza a las empresas que despidan personal sin justificaci\u00f3n","author":"GB","date":"11\/08\/2018","format":false,"excerpt":"La legislaci\u00f3n quintuplica la tasa de seguridad e higiene por cada trabajador despedido y establece un fondo de asistencia para los despidos. Hace dos semanas la aceitera Bunge despidi\u00f3 a 84 trabajadores. El intendente Mauro Pelloti decidi\u00f3 blindar al municipio de Ramallo contra los despidos. La iniciativa surgi\u00f3 como consecuencia\u2026","rel":"","context":"En \u00abMunicipios\u00bb","block_context":{"text":"Municipios","link":"https:\/\/www.24baires.com\/?cat=44"},"img":{"alt_text":"","src":"https:\/\/i0.wp.com\/www.24baires.com\/wp-content\/uploads\/2018\/08\/empresa.jpg?resize=350%2C200","width":350,"height":200,"srcset":"https:\/\/i0.wp.com\/www.24baires.com\/wp-content\/uploads\/2018\/08\/empresa.jpg?resize=350%2C200 1x, https:\/\/i0.wp.com\/www.24baires.com\/wp-content\/uploads\/2018\/08\/empresa.jpg?resize=525%2C300 1.5x"},"classes":[]}],"jetpack_sharing_enabled":true,"jetpack_likes_enabled":true,"jetpack_featured_media_url":"","_links":{"self":[{"href":"https:\/\/www.24baires.com\/index.php?rest_route=\/wp\/v2\/posts\/123323","targetHints":{"allow":["GET"]}}],"collection":[{"href":"https:\/\/www.24baires.com\/index.php?rest_route=\/wp\/v2\/posts"}],"about":[{"href":"https:\/\/www.24baires.com\/index.php?rest_route=\/wp\/v2\/types\/post"}],"author":[{"embeddable":true,"href":"https:\/\/www.24baires.com\/index.php?rest_route=\/wp\/v2\/users\/8"}],"replies":[{"embeddable":true,"href":"https:\/\/www.24baires.com\/index.php?rest_route=%2Fwp%2Fv2%2Fcomments&post=123323"}],"version-history":[{"count":2,"href":"https:\/\/www.24baires.com\/index.php?rest_route=\/wp\/v2\/posts\/123323\/revisions"}],"predecessor-version":[{"id":123326,"href":"https:\/\/www.24baires.com\/index.php?rest_route=\/wp\/v2\/posts\/123323\/revisions\/123326"}],"wp:attachment":[{"href":"https:\/\/www.24baires.com\/index.php?rest_route=%2Fwp%2Fv2%2Fmedia&parent=123323"}],"wp:term":[{"taxonomy":"category","embeddable":true,"href":"https:\/\/www.24baires.com\/index.php?rest_route=%2Fwp%2Fv2%2Fcategories&post=123323"},{"taxonomy":"post_tag","embeddable":true,"href":"https:\/\/www.24baires.com\/index.php?rest_route=%2Fwp%2Fv2%2Ftags&post=123323"}],"curies":[{"name":"wp","href":"https:\/\/api.w.org\/{rel}","templated":true}]}}