{"id":123031,"date":"2026-04-28T06:35:45","date_gmt":"2026-04-28T09:35:45","guid":{"rendered":"https:\/\/www.24baires.com\/?p=123031"},"modified":"2026-04-28T06:35:45","modified_gmt":"2026-04-28T09:35:45","slug":"la-provincia-suspende-por-90-dias-el-programa-mesa-para-reforzar-la-alimentacion-escolar","status":"publish","type":"post","link":"https:\/\/www.24baires.com\/?p=123031","title":{"rendered":"La Provincia suspende por 90 d\u00edas el programa MESA para reforzar la alimentaci\u00f3n escolar"},"content":{"rendered":"<p><img data-recalc-dims=\"1\" loading=\"lazy\" decoding=\"async\" class=\"aligncenter wp-image-123032\" src=\"https:\/\/i0.wp.com\/www.24baires.com\/wp-content\/uploads\/2026\/04\/mesa-bonaerense.webp?resize=720%2C540\" alt=\"\" width=\"720\" height=\"540\" srcset=\"https:\/\/i0.wp.com\/www.24baires.com\/wp-content\/uploads\/2026\/04\/mesa-bonaerense.webp?w=1068&amp;ssl=1 1068w, https:\/\/i0.wp.com\/www.24baires.com\/wp-content\/uploads\/2026\/04\/mesa-bonaerense.webp?resize=300%2C225&amp;ssl=1 300w, https:\/\/i0.wp.com\/www.24baires.com\/wp-content\/uploads\/2026\/04\/mesa-bonaerense.webp?resize=1024%2C768&amp;ssl=1 1024w, https:\/\/i0.wp.com\/www.24baires.com\/wp-content\/uploads\/2026\/04\/mesa-bonaerense.webp?resize=768%2C576&amp;ssl=1 768w\" sizes=\"auto, (max-width: 720px) 100vw, 720px\" \/>Fue oficializado a trav\u00e9s de una resoluci\u00f3n firmada por el ministro Andr\u00e9s Larroque. Apuntan a sostener el SAE ante la ca\u00edda de fondos nacionales<!--more--><\/p>\n<p>El Gobierno bonaerense suspendi\u00f3 por 90 d\u00edas el programa alimentario MESA desde el 1 de mayo para reforzar el Servicio Alimentario Escolar (SAE) en medio de la crisis fiscal y la ca\u00edda de transferencias nacionales.<\/p>\n<p>La decisi\u00f3n fue formalizada por el ministro de Desarrollo de la Comunidad, Andr\u00e9s Larroque, mediante una resoluci\u00f3n que establece una \u201creasignaci\u00f3n de partidas\u201d para garantizar el funcionamiento del sistema alimentario escolar considerado esencial.<\/p>\n<p>La medida se inscribe en el marco de la emergencia econ\u00f3mica provincial y, seg\u00fan el texto oficial, responde a la \u201cprofunda recesi\u00f3n\u201d y al \u201cincumplimiento de transferencias autom\u00e1ticas y no autom\u00e1ticas\u201d por parte del Estado nacional.<\/p>\n<p>En ese contexto, la administraci\u00f3n de Axel Kicillof resolvi\u00f3 priorizar las prestaciones que integran el \u201cn\u00facleo esencial\u201d de la pol\u00edtica alimentaria, con foco en el SAE, que brinda asistencia diaria en las escuelas.<\/p>\n","protected":false},"excerpt":{"rendered":"<p>Fue oficializado a trav\u00e9s de una resoluci\u00f3n firmada por el ministro Andr\u00e9s Larroque. Apuntan a sostener el SAE ante la ca\u00edda de fondos nacionales<\/p>\n","protected":false},"author":8,"featured_media":0,"comment_status":"closed","ping_status":"closed","sticky":false,"template":"","format":"standard","meta":{"_jetpack_newsletter_access":"","_jetpack_dont_email_post_to_subs":false,"_jetpack_newsletter_tier_id":0,"_jetpack_memberships_contains_paywalled_content":false,"_jetpack_memberships_contains_paid_content":false,"footnotes":""},"categories":[40],"tags":[],"class_list":["post-123031","post","type-post","status-publish","format-standard","hentry","category-provincia"],"jetpack_featured_media_url":"","jetpack_shortlink":"https:\/\/wp.me\/p2JWE0-w0n","jetpack-related-posts":[{"id":91612,"url":"https:\/\/www.24baires.com\/?p=91612","url_meta":{"origin":123031,"position":0},"title":"Los municipios administrar\u00e1n los fondos de los comedores escolares","author":"AF","date":"15\/01\/2017","format":false,"excerpt":"El ministro de Desarrollo Social bonaerense, Santiago L\u00f3pez Medrano, firm\u00f3 el acta acuerdo para dar inicio a la implementaci\u00f3n de mejoras en la administraci\u00f3n del Servicio Alimentario Escolar (SAE), que comprender\u00e1 a 12 municipios en una primera etapa. La firma se enmarca dentro del plan de mejoras para el Servicio\u2026","rel":"","context":"En \u00abProvincia\u00bb","block_context":{"text":"Provincia","link":"https:\/\/www.24baires.com\/?cat=40"},"img":{"alt_text":"","src":"https:\/\/i0.wp.com\/www.24baires.com\/wp-content\/uploads\/2014\/05\/comedor.jpg?resize=350%2C200","width":350,"height":200,"srcset":"https:\/\/i0.wp.com\/www.24baires.com\/wp-content\/uploads\/2014\/05\/comedor.jpg?resize=350%2C200 1x, https:\/\/i0.wp.com\/www.24baires.com\/wp-content\/uploads\/2014\/05\/comedor.jpg?resize=525%2C300 1.5x"},"classes":[]},{"id":117670,"url":"https:\/\/www.24baires.com\/?p=117670","url_meta":{"origin":123031,"position":1},"title":"Grave: denuncian que el Consejo Escolar de Azul almacen\u00f3 toneladas de alimentos sin entregar","author":"GB","date":"02\/06\/2021","format":false,"excerpt":"El hecho ocasion\u00f3 que una comisi\u00f3n investigadora del Ministerio de Desarrollo de la Comunidad arribe en la localidad para iniciar una auditor\u00eda. El representante por la minor\u00eda del Consejo Escolar de Azul, del Frente de Todos, Juan Ram\u00edrez, y la inspectora jefa distrital, Claudia Bustos, denunciaron irregularidades en el manejo\u2026","rel":"","context":"En \u00abMunicipios\u00bb","block_context":{"text":"Municipios","link":"https:\/\/www.24baires.com\/?cat=44"},"img":{"alt_text":"","src":"https:\/\/i0.wp.com\/www.24baires.com\/wp-content\/uploads\/2021\/06\/20210602115615_20210601103605-mercaderia3jpg.jpg?resize=350%2C200","width":350,"height":200,"srcset":"https:\/\/i0.wp.com\/www.24baires.com\/wp-content\/uploads\/2021\/06\/20210602115615_20210601103605-mercaderia3jpg.jpg?resize=350%2C200 1x, https:\/\/i0.wp.com\/www.24baires.com\/wp-content\/uploads\/2021\/06\/20210602115615_20210601103605-mercaderia3jpg.jpg?resize=525%2C300 1.5x"},"classes":[]},{"id":90138,"url":"https:\/\/www.24baires.com\/?p=90138","url_meta":{"origin":123031,"position":2},"title":"Provincia transfiere a Municipios la gesti\u00f3n de comedores","author":"AF","date":"23\/11\/2016","format":false,"excerpt":"El Gobierno bonaerense anunciar\u00e1 este mi\u00e9rcoles el traspaso de la gesti\u00f3n del Servicio Alimentario Escolar (SAE) a los municipios, y avanzar\u00e1 en el establecimiento de cupos nominales, una medida resistida por los gremios pero considerada \u201cnecesaria\u201d por el Ejecutivo para tener un mejor control del destino de los recursos. El\u2026","rel":"","context":"En \u00abProvincia\u00bb","block_context":{"text":"Provincia","link":"https:\/\/www.24baires.com\/?cat=40"},"img":{"alt_text":"comedors-escolares-610x360","src":"https:\/\/i0.wp.com\/www.24baires.com\/wp-content\/uploads\/2013\/05\/comedors-escolares-610x360.jpg?resize=350%2C200","width":350,"height":200,"srcset":"https:\/\/i0.wp.com\/www.24baires.com\/wp-content\/uploads\/2013\/05\/comedors-escolares-610x360.jpg?resize=350%2C200 1x, https:\/\/i0.wp.com\/www.24baires.com\/wp-content\/uploads\/2013\/05\/comedors-escolares-610x360.jpg?resize=525%2C300 1.5x"},"classes":[]},{"id":62417,"url":"https:\/\/www.24baires.com\/?p=62417","url_meta":{"origin":123031,"position":3},"title":"Habr\u00e1 comedores en las escuelas de la Provincia","author":"GB","date":"28\/02\/2015","format":false,"excerpt":"El ministro de Desarrollo Social, Eduardo Aparicio, asegur\u00f3 que \"est\u00e1 garantizado\" para el inicio de clases el Servicio Alimentario Escolar. El servicio beneficiar\u00e1 a 1,8 millones de alumnos, que tendr\u00e1 desayuno reforzado, con leche, un s\u00f3lido y variedad de frutas. \"Mejoramos sustancialmente el SAE con el acompa\u00f1amiento y trabajo de\u2026","rel":"","context":"En \u00abProvincia\u00bb","block_context":{"text":"Provincia","link":"https:\/\/www.24baires.com\/?cat=40"},"img":{"alt_text":"","src":"","width":0,"height":0},"classes":[]},{"id":104414,"url":"https:\/\/www.24baires.com\/?p=104414","url_meta":{"origin":123031,"position":4},"title":"Vidal presenta medidas de inversi\u00f3n social por 1.200 millones de pesos","author":"GB","date":"12\/09\/2018","format":false,"excerpt":"Las medidas incluyen aumentos del 15% en el Programa m\u00e1s Vida, el Servicio Alimentario Escolar, la Jubilaci\u00f3n M\u00ednima y las Asignaciones Familiares a partir de octubre. Durante la jornada de hoy, la gobernadora, Mar\u00eda Eugenia Vidal lanzar\u00e1 un nuevo paquete de medidas sociales para paliar el impacto de la crisis\u2026","rel":"","context":"En \u00abProvincia\u00bb","block_context":{"text":"Provincia","link":"https:\/\/www.24baires.com\/?cat=40"},"img":{"alt_text":"","src":"https:\/\/i0.wp.com\/www.24baires.com\/wp-content\/uploads\/2018\/01\/vidal-anuncios.jpg?resize=350%2C200","width":350,"height":200,"srcset":"https:\/\/i0.wp.com\/www.24baires.com\/wp-content\/uploads\/2018\/01\/vidal-anuncios.jpg?resize=350%2C200 1x, https:\/\/i0.wp.com\/www.24baires.com\/wp-content\/uploads\/2018\/01\/vidal-anuncios.jpg?resize=525%2C300 1.5x"},"classes":[]},{"id":49524,"url":"https:\/\/www.24baires.com\/?p=49524","url_meta":{"origin":123031,"position":5},"title":"Desde Provincia anuncian env\u00edo de fondos directos a escuelas","author":"Grupo Sierra","date":"08\/07\/2014","format":false,"excerpt":"El Jefe de Gabinete provincial, Alberto P\u00e9rez, mantuvo una reuni\u00f3n con la Directora General de Cultura y Educaci\u00f3n, Nora de Luc\u00eda y el ministro de Desarrollo Social, Eduardo Aparicio en la que analizaron la descentralizaci\u00f3n de recursos econ\u00f3micos a las escuelas y un nuevo aumento para los comedores escolares. Durante\u2026","rel":"","context":"En \u00abProvincia\u00bb","block_context":{"text":"Provincia","link":"https:\/\/www.24baires.com\/?cat=40"},"img":{"alt_text":"escuela03","src":"https:\/\/i0.wp.com\/www.24baires.com\/wp-content\/uploads\/2014\/05\/escuela03.jpg?resize=350%2C200","width":350,"height":200,"srcset":"https:\/\/i0.wp.com\/www.24baires.com\/wp-content\/uploads\/2014\/05\/escuela03.jpg?resize=350%2C200 1x, https:\/\/i0.wp.com\/www.24baires.com\/wp-content\/uploads\/2014\/05\/escuela03.jpg?resize=525%2C300 1.5x"},"classes":[]}],"jetpack_sharing_enabled":true,"jetpack_likes_enabled":true,"_links":{"self":[{"href":"https:\/\/www.24baires.com\/index.php?rest_route=\/wp\/v2\/posts\/123031","targetHints":{"allow":["GET"]}}],"collection":[{"href":"https:\/\/www.24baires.com\/index.php?rest_route=\/wp\/v2\/posts"}],"about":[{"href":"https:\/\/www.24baires.com\/index.php?rest_route=\/wp\/v2\/types\/post"}],"author":[{"embeddable":true,"href":"https:\/\/www.24baires.com\/index.php?rest_route=\/wp\/v2\/users\/8"}],"replies":[{"embeddable":true,"href":"https:\/\/www.24baires.com\/index.php?rest_route=%2Fwp%2Fv2%2Fcomments&post=123031"}],"version-history":[{"count":1,"href":"https:\/\/www.24baires.com\/index.php?rest_route=\/wp\/v2\/posts\/123031\/revisions"}],"predecessor-version":[{"id":123033,"href":"https:\/\/www.24baires.com\/index.php?rest_route=\/wp\/v2\/posts\/123031\/revisions\/123033"}],"wp:attachment":[{"href":"https:\/\/www.24baires.com\/index.php?rest_route=%2Fwp%2Fv2%2Fmedia&parent=123031"}],"wp:term":[{"taxonomy":"category","embeddable":true,"href":"https:\/\/www.24baires.com\/index.php?rest_route=%2Fwp%2Fv2%2Fcategories&post=123031"},{"taxonomy":"post_tag","embeddable":true,"href":"https:\/\/www.24baires.com\/index.php?rest_route=%2Fwp%2Fv2%2Ftags&post=123031"}],"curies":[{"name":"wp","href":"https:\/\/api.w.org\/{rel}","templated":true}]}}