{"id":122965,"date":"2026-04-07T08:05:02","date_gmt":"2026-04-07T11:05:02","guid":{"rendered":"https:\/\/www.24baires.com\/?p=122965"},"modified":"2026-04-07T08:05:02","modified_gmt":"2026-04-07T11:05:02","slug":"kicillof-el-respeto-es-fundamental-para-el-bienestar-y-el-futuro-de-nuestro-pueblo","status":"publish","type":"post","link":"https:\/\/www.24baires.com\/?p=122965","title":{"rendered":"Kicillof: \u00abEl respeto es fundamental para el bienestar y el futuro de nuestro pueblo\u00bb"},"content":{"rendered":"<p><img data-recalc-dims=\"1\" loading=\"lazy\" decoding=\"async\" class=\"aligncenter wp-image-122966\" src=\"https:\/\/i0.wp.com\/www.24baires.com\/wp-content\/uploads\/2026\/04\/kici-reunion.webp?resize=720%2C480\" alt=\"\" width=\"720\" height=\"480\" srcset=\"https:\/\/i0.wp.com\/www.24baires.com\/wp-content\/uploads\/2026\/04\/kici-reunion.webp?w=800&amp;ssl=1 800w, https:\/\/i0.wp.com\/www.24baires.com\/wp-content\/uploads\/2026\/04\/kici-reunion.webp?resize=300%2C200&amp;ssl=1 300w, https:\/\/i0.wp.com\/www.24baires.com\/wp-content\/uploads\/2026\/04\/kici-reunion.webp?resize=768%2C512&amp;ssl=1 768w\" sizes=\"auto, (max-width: 720px) 100vw, 720px\" \/>El mandatario recibi\u00f3 a representantes de distintos cultos y destac\u00f3 su trabajo social.<!--more--><\/p>\n<p>El gobernador Axel Kicillof recibi\u00f3 este lunes a autoridades de la Federaci\u00f3n de Consejos Pastorales Evang\u00e9licos de la Provincia de Buenos Aires (FECOPEBA), de la Alianza Cristiana de Iglesias Evang\u00e9licas de Argentina (ACIERA) y de la Federaci\u00f3n Argentina de Iglesias Evang\u00e9licas (FAIE).<\/p>\n<p>El convite se llev\u00f3 a cabo en el Sal\u00f3n de Acuerdos de la Gobernaci\u00f3n, junto a la jefa de Asesores, Cristina \u00c1lvarez Rodr\u00edguez; el director de Cultos, Juan Torreiro; y el diputado provincial Mariano Cascallares.<\/p>\n<p>En representaci\u00f3n de FECOPEBA, en tanto, estuvieron presente su vicepresidente, el pastor Diego Vega; y el secretario, pastor Oscar Mautisi. Adem\u00e1s, por parte de ACIERA participaron los pastores Rafael Pedace (vicepresidente de Relaciones Externas); Marcelo Vitrano y Alberto Rey (directivo nacional). Asimismo, en representaron a FAIE su presidente, el pastor Leonardo Schindler; el integrante de la Comisi\u00f3n Directiva Sabino Ayala; y la vocal nacional, pastora Gabriela Mulder.<\/p>\n<p>Durante el encuentro, coincidieron en la preocupaci\u00f3n por el crecimiento de la pobreza a nivel nacional y dialogaron sobre el trabajo social y espiritual que realizan las iglesias evang\u00e9licas. En ese sentido, subrayaron que las comunidades de culto representan un ejemplo de paz, respeto y convivencia ciudadana.<\/p>\n","protected":false},"excerpt":{"rendered":"<p>El mandatario recibi\u00f3 a representantes de distintos cultos y destac\u00f3 su trabajo social.<\/p>\n","protected":false},"author":8,"featured_media":0,"comment_status":"closed","ping_status":"closed","sticky":false,"template":"","format":"standard","meta":{"_jetpack_newsletter_access":"","_jetpack_dont_email_post_to_subs":false,"_jetpack_newsletter_tier_id":0,"_jetpack_memberships_contains_paywalled_content":false,"_jetpack_memberships_contains_paid_content":false,"footnotes":""},"categories":[40],"tags":[],"class_list":["post-122965","post","type-post","status-publish","format-standard","hentry","category-provincia"],"jetpack_featured_media_url":"","jetpack_shortlink":"https:\/\/wp.me\/p2JWE0-vZj","jetpack-related-posts":[{"id":70703,"url":"https:\/\/www.24baires.com\/?p=70703","url_meta":{"origin":122965,"position":0},"title":"Para el pastor acusado de abuso sexual, \u00abtodas est\u00e1n locas de amor\u00bb por \u00e9l","author":"GB","date":"17\/08\/2015","format":false,"excerpt":"El pastor se sent\u00f3 frente al fiscal de San Mart\u00edn Jorge Castagna y ensay\u00f3 una defensa en dos frentes: por un lado, negar los abusos. Por el otro, denunciar que todo es un invento de la madre de la denunciante porque \"est\u00e1 enamorada de \u00e9l, y \u00e9l no le corresponde\u2026","rel":"","context":"En \u00abPoliciales\u00bb","block_context":{"text":"Policiales","link":"https:\/\/www.24baires.com\/?cat=49"},"img":{"alt_text":"pastor abusador","src":"https:\/\/i0.wp.com\/www.24baires.com\/wp-content\/uploads\/2015\/08\/pastor-abusador.jpg?resize=350%2C200","width":350,"height":200,"srcset":"https:\/\/i0.wp.com\/www.24baires.com\/wp-content\/uploads\/2015\/08\/pastor-abusador.jpg?resize=350%2C200 1x, https:\/\/i0.wp.com\/www.24baires.com\/wp-content\/uploads\/2015\/08\/pastor-abusador.jpg?resize=525%2C300 1.5x"},"classes":[]},{"id":58013,"url":"https:\/\/www.24baires.com\/?p=58013","url_meta":{"origin":122965,"position":1},"title":"Grand Bourg: sali\u00f3 a encontrarse con un chico que conoci\u00f3 por Internet y no regres\u00f3","author":"GB","date":"02\/12\/2014","format":false,"excerpt":"Los vecinos de Grand Bourg buscan desde el lunes a Florencia L\u00f3pez, de 16 a\u00f1os. \"La mam\u00e1 va y viene desde la comisar\u00eda, estamos haciendo un rastrillaje con varios autos\", inform\u00f3 el pastor evangelista de la congregaci\u00f3n a la que pertenece la joven. Florencia L\u00f3pez, de 16 a\u00f1os, desapareci\u00f3 el\u2026","rel":"","context":"En \u00abSociedad\u00bb","block_context":{"text":"Sociedad","link":"https:\/\/www.24baires.com\/?cat=1"},"img":{"alt_text":"florencia lopez","src":"https:\/\/i0.wp.com\/www.24baires.com\/wp-content\/uploads\/2014\/12\/florencia-lopez.jpg?resize=350%2C200","width":350,"height":200,"srcset":"https:\/\/i0.wp.com\/www.24baires.com\/wp-content\/uploads\/2014\/12\/florencia-lopez.jpg?resize=350%2C200 1x, https:\/\/i0.wp.com\/www.24baires.com\/wp-content\/uploads\/2014\/12\/florencia-lopez.jpg?resize=525%2C300 1.5x"},"classes":[]},{"id":4670,"url":"https:\/\/www.24baires.com\/?p=4670","url_meta":{"origin":122965,"position":2},"title":"Espinoza recibi\u00f3 a evangelista que realizar\u00e1 jornadas de predicaci\u00f3n en La Matanza","author":"AF","date":"07\/11\/2012","format":false,"excerpt":"El Intendente de La Matanza, Fernando Espinoza, recibi\u00f3 en su despacho al Evangelista Carlos Annacondia y convers\u00f3 con el acerca de las diez jornadas de predicaci\u00f3n que dar\u00e1n en San Justo. Durante la reuni\u00f3n que se extendi\u00f3 por m\u00e1s de una hora el Intendente estuvo acompa\u00f1ado por la concejal Mar\u00eda\u2026","rel":"","context":"En \u00abLocales\u00bb","block_context":{"text":"Locales","link":"https:\/\/www.24baires.com\/?cat=38"},"img":{"alt_text":"","src":"","width":0,"height":0},"classes":[]},{"id":18204,"url":"https:\/\/www.24baires.com\/?p=18204","url_meta":{"origin":122965,"position":3},"title":"Elecciones en Venezuela: son seis los candidatos que se postularon","author":"AF","date":"12\/03\/2013","format":false,"excerpt":"Entre los seis postulantes, que se sumar\u00edan a las candidaturas ampliamene dominantes del presidente interino, Nicol\u00e1s Maduro, y el l\u00edder opositor Henrique Capriles, est\u00e1n Reina Sequera y Mar\u00eda Bol\u00edvar. Completan la lista el pastor evang\u00e9lico Eusebio M\u00e9ndez, el dirigente de juventudes Hermes Tabarquina y Gonzalo Contreras y Julio Mora. Otros\u2026","rel":"","context":"En \u00abPol\u00edtica\u00bb","block_context":{"text":"Pol\u00edtica","link":"https:\/\/www.24baires.com\/?cat=51"},"img":{"alt_text":"maduro2","src":"https:\/\/i0.wp.com\/www.24baires.com\/wp-content\/uploads\/2013\/03\/maduro2-300x190.jpg?resize=350%2C200","width":350,"height":200},"classes":[]},{"id":100772,"url":"https:\/\/www.24baires.com\/?p=100772","url_meta":{"origin":122965,"position":4},"title":"Un pastor evang\u00e9lico de Ostende abusaba de tres hermanas de 7, 8 y 16 a\u00f1os","author":"GB","date":"28\/02\/2018","format":false,"excerpt":"El hombre de 45 a\u00f1os alquilaba una habitaci\u00f3n en la casa de las menores y utiliz\u00f3 su funci\u00f3n en la Iglesia para acercarse a ellas. Las amenaz\u00f3 para que no revelaran los abusos, pero una hermana mayor lo denunci\u00f3 Un pastor de la iglesia evang\u00e9lica fue detenido en Ostende, partido\u2026","rel":"","context":"En \u00abPoliciales\u00bb","block_context":{"text":"Policiales","link":"https:\/\/www.24baires.com\/?cat=49"},"img":{"alt_text":"","src":"https:\/\/i0.wp.com\/www.24baires.com\/wp-content\/uploads\/2018\/02\/pastor-ostende.jpg?resize=350%2C200","width":350,"height":200,"srcset":"https:\/\/i0.wp.com\/www.24baires.com\/wp-content\/uploads\/2018\/02\/pastor-ostende.jpg?resize=350%2C200 1x, https:\/\/i0.wp.com\/www.24baires.com\/wp-content\/uploads\/2018\/02\/pastor-ostende.jpg?resize=525%2C300 1.5x"},"classes":[]},{"id":69494,"url":"https:\/\/www.24baires.com\/?p=69494","url_meta":{"origin":122965,"position":5},"title":"Sarand\u00ed: detuvieron al &#8216;Obispo Natalio&#8217; por abusar de una nena","author":"AF","date":"24\/07\/2015","format":false,"excerpt":"La v\u00edctima, una nena de 14 a\u00f1os, declar\u00f3 en C\u00e1mara Gesell. El acusado estuvo hasta el mi\u00e9rcoles en la comisar\u00eda cuarta, pero el jueves\u00a0fue trasladado \u201cpor seguridad\u201d. Durante la detenci\u00f3n, tambi\u00e9n se secuestr\u00f3 documentaci\u00f3n, computadoras, discos r\u00edgidos y otros artefactos tecnol\u00f3gicos. Natalio Bogdan estaba solo en el templo evang\u00e9lico \u201cCatedral\u2026","rel":"","context":"En \u00abSociedad\u00bb","block_context":{"text":"Sociedad","link":"https:\/\/www.24baires.com\/?cat=1"},"img":{"alt_text":"natalio bogdan","src":"https:\/\/i0.wp.com\/www.24baires.com\/wp-content\/uploads\/2015\/07\/natalio-bogdan.jpg?resize=350%2C200","width":350,"height":200,"srcset":"https:\/\/i0.wp.com\/www.24baires.com\/wp-content\/uploads\/2015\/07\/natalio-bogdan.jpg?resize=350%2C200 1x, https:\/\/i0.wp.com\/www.24baires.com\/wp-content\/uploads\/2015\/07\/natalio-bogdan.jpg?resize=525%2C300 1.5x"},"classes":[]}],"jetpack_sharing_enabled":true,"jetpack_likes_enabled":true,"_links":{"self":[{"href":"https:\/\/www.24baires.com\/index.php?rest_route=\/wp\/v2\/posts\/122965","targetHints":{"allow":["GET"]}}],"collection":[{"href":"https:\/\/www.24baires.com\/index.php?rest_route=\/wp\/v2\/posts"}],"about":[{"href":"https:\/\/www.24baires.com\/index.php?rest_route=\/wp\/v2\/types\/post"}],"author":[{"embeddable":true,"href":"https:\/\/www.24baires.com\/index.php?rest_route=\/wp\/v2\/users\/8"}],"replies":[{"embeddable":true,"href":"https:\/\/www.24baires.com\/index.php?rest_route=%2Fwp%2Fv2%2Fcomments&post=122965"}],"version-history":[{"count":1,"href":"https:\/\/www.24baires.com\/index.php?rest_route=\/wp\/v2\/posts\/122965\/revisions"}],"predecessor-version":[{"id":122967,"href":"https:\/\/www.24baires.com\/index.php?rest_route=\/wp\/v2\/posts\/122965\/revisions\/122967"}],"wp:attachment":[{"href":"https:\/\/www.24baires.com\/index.php?rest_route=%2Fwp%2Fv2%2Fmedia&parent=122965"}],"wp:term":[{"taxonomy":"category","embeddable":true,"href":"https:\/\/www.24baires.com\/index.php?rest_route=%2Fwp%2Fv2%2Fcategories&post=122965"},{"taxonomy":"post_tag","embeddable":true,"href":"https:\/\/www.24baires.com\/index.php?rest_route=%2Fwp%2Fv2%2Ftags&post=122965"}],"curies":[{"name":"wp","href":"https:\/\/api.w.org\/{rel}","templated":true}]}}