{"id":122960,"date":"2026-03-31T06:36:09","date_gmt":"2026-03-31T09:36:09","guid":{"rendered":"https:\/\/www.24baires.com\/?p=122960"},"modified":"2026-03-31T06:36:09","modified_gmt":"2026-03-31T09:36:09","slug":"grandes-expectativas-en-el-sector-turirtico-por-el-fin-de-semana-largo","status":"publish","type":"post","link":"https:\/\/www.24baires.com\/?p=122960","title":{"rendered":"Grandes expectativas en el sector tur\u00edrtico por el fin de semana largo"},"content":{"rendered":"<p><img data-recalc-dims=\"1\" loading=\"lazy\" decoding=\"async\" class=\"aligncenter wp-image-122961\" src=\"https:\/\/i0.wp.com\/www.24baires.com\/wp-content\/uploads\/2026\/03\/mar_del_plata.webp?resize=720%2C480\" alt=\"\" width=\"720\" height=\"480\" srcset=\"https:\/\/i0.wp.com\/www.24baires.com\/wp-content\/uploads\/2026\/03\/mar_del_plata.webp?w=1500&amp;ssl=1 1500w, https:\/\/i0.wp.com\/www.24baires.com\/wp-content\/uploads\/2026\/03\/mar_del_plata.webp?resize=300%2C200&amp;ssl=1 300w, https:\/\/i0.wp.com\/www.24baires.com\/wp-content\/uploads\/2026\/03\/mar_del_plata.webp?resize=1024%2C682&amp;ssl=1 1024w, https:\/\/i0.wp.com\/www.24baires.com\/wp-content\/uploads\/2026\/03\/mar_del_plata.webp?resize=768%2C511&amp;ssl=1 768w\" sizes=\"auto, (max-width: 720px) 100vw, 720px\" \/>Las consultas en hoteles y departamentos vienen a paso lento. No obstante, los operadores tur\u00edsticos conf\u00edan en mejorar las cifras del pasado fin de semana.<!--more--><\/p>\n<p>A d\u00edas del inicio del fin de semana largo de Semana Santa, en Mar del Plata el movimiento tur\u00edstico se desarrolla tranquilamente; si bien las reservas crecen, lo hacen a un ritmo lento.<\/p>\n<p>Hoy d\u00eda, los operadores manejan una cifra del orden del 40% en las reservas para el pr\u00f3ximo fin de semana. El n\u00famero es similar tanto en hoteler\u00eda como en el rubro inmobiliario. Sin embargo, tienen expectativa de que a \u00faltimo momento cobre v\u00e9rtigo el nivel de demanda.<\/p>\n<p>Vale remarcar que hace apenas una semana hubo otro fin de semana largo, el del 24 de marzo, por el D\u00eda de la Memoria, que dej\u00f3 una ocupaci\u00f3n promedio del 42%.<\/p>\n<p>En esa fecha, en todo el pa\u00eds, creci\u00f3 el movimiento tur\u00edstico, pero cayeron las ventas.<\/p>\n","protected":false},"excerpt":{"rendered":"<p>Las consultas en hoteles y departamentos vienen a paso lento. No obstante, los operadores tur\u00edsticos conf\u00edan en mejorar las cifras del pasado fin de semana.<\/p>\n","protected":false},"author":8,"featured_media":0,"comment_status":"closed","ping_status":"closed","sticky":false,"template":"","format":"standard","meta":{"_jetpack_newsletter_access":"","_jetpack_dont_email_post_to_subs":false,"_jetpack_newsletter_tier_id":0,"_jetpack_memberships_contains_paywalled_content":false,"_jetpack_memberships_contains_paid_content":false,"footnotes":""},"categories":[69],"tags":[],"class_list":["post-122960","post","type-post","status-publish","format-standard","hentry","category-turismo"],"jetpack_featured_media_url":"","jetpack_shortlink":"https:\/\/wp.me\/p2JWE0-vZe","jetpack-related-posts":[{"id":100714,"url":"https:\/\/www.24baires.com\/?p=100714","url_meta":{"origin":122960,"position":0},"title":"\u00daltimo fin de semana de febrero: hay m\u00e1s de un 70% de ocupaci\u00f3n hotelera","author":"GB","date":"24\/02\/2018","format":false,"excerpt":"As\u00ed lo afirmaron desde la Asociaci\u00f3n de Empresarios Hoteleros Gastron\u00f3micos de Mar del Plata. Hay buenas expectativas para el cierre del mes Los operadores tur\u00edsticos tienen buenas expectativas para el \u00faltimo fin de semana de febrero: la ocupaci\u00f3n hotelera supera el 70% aproximadamente, seg\u00fan revelaron a AHORA Mar del Platadesde\u2026","rel":"","context":"En \u00abTurismo\u00bb","block_context":{"text":"Turismo","link":"https:\/\/www.24baires.com\/?cat=69"},"img":{"alt_text":"","src":"https:\/\/i0.wp.com\/www.24baires.com\/wp-content\/uploads\/2017\/02\/mar-del-plata.jpg?resize=350%2C200","width":350,"height":200,"srcset":"https:\/\/i0.wp.com\/www.24baires.com\/wp-content\/uploads\/2017\/02\/mar-del-plata.jpg?resize=350%2C200 1x, https:\/\/i0.wp.com\/www.24baires.com\/wp-content\/uploads\/2017\/02\/mar-del-plata.jpg?resize=525%2C300 1.5x"},"classes":[]},{"id":116835,"url":"https:\/\/www.24baires.com\/?p=116835","url_meta":{"origin":122960,"position":1},"title":"M\u00e1s de medio mill\u00f3n de argentinos de vacaciones por el fin de semana XXL","author":"GB","date":"07\/12\/2020","format":false,"excerpt":"La cifra la inform\u00f3 el Ministerio de Turismo y Deportes de la Naci\u00f3n. Entre los destinos m\u00e1s elegidos se destacan los de la Costa Atl\u00e1ntica. M\u00e1s de medio mill\u00f3n de argentinos se trasladaron a distintos puntos tur\u00edsticos del pa\u00eds, en el marco del primer fin de semana largo habilitado para\u2026","rel":"","context":"En \u00abSociedad\u00bb","block_context":{"text":"Sociedad","link":"https:\/\/www.24baires.com\/?cat=1"},"img":{"alt_text":"","src":"https:\/\/i0.wp.com\/www.24baires.com\/wp-content\/uploads\/2020\/12\/20201207094458_los-protocolos-seran-aplicados-la-costa-atlantica-bonaerense-y-la-patagonica.jpg?resize=350%2C200","width":350,"height":200,"srcset":"https:\/\/i0.wp.com\/www.24baires.com\/wp-content\/uploads\/2020\/12\/20201207094458_los-protocolos-seran-aplicados-la-costa-atlantica-bonaerense-y-la-patagonica.jpg?resize=350%2C200 1x, https:\/\/i0.wp.com\/www.24baires.com\/wp-content\/uploads\/2020\/12\/20201207094458_los-protocolos-seran-aplicados-la-costa-atlantica-bonaerense-y-la-patagonica.jpg?resize=525%2C300 1.5x"},"classes":[]},{"id":112996,"url":"https:\/\/www.24baires.com\/?p=112996","url_meta":{"origin":122960,"position":2},"title":"Las reservas hoteleras alcanzan el 75% para el fin de semana largo en Mar del Plata","author":"GB","date":"14\/11\/2019","format":false,"excerpt":"Las cifras difundidas desde el Emtur. Buenas expectativas Las reservas hoteleras rondan el 75 por ciento en Mar del Plata para este fin de semana largo por el D\u00eda de la Soberan\u00eda Nacional, seg\u00fan cifras difundidas desde el Emtur (Ente Municipal de Turismo). \u201cEl relevamiento realizado por el ente y\u2026","rel":"","context":"En \u00abMunicipios\u00bb","block_context":{"text":"Municipios","link":"https:\/\/www.24baires.com\/?cat=44"},"img":{"alt_text":"","src":"https:\/\/i0.wp.com\/www.24baires.com\/wp-content\/uploads\/2017\/02\/mar-del-plata.jpg?resize=350%2C200","width":350,"height":200,"srcset":"https:\/\/i0.wp.com\/www.24baires.com\/wp-content\/uploads\/2017\/02\/mar-del-plata.jpg?resize=350%2C200 1x, https:\/\/i0.wp.com\/www.24baires.com\/wp-content\/uploads\/2017\/02\/mar-del-plata.jpg?resize=525%2C300 1.5x"},"classes":[]},{"id":122963,"url":"https:\/\/www.24baires.com\/?p=122963","url_meta":{"origin":122960,"position":3},"title":"Mar del Plata celebr\u00f3 el flujo de turistas por el fin de semana largo","author":"GB","date":"06\/04\/2026","format":false,"excerpt":"Este a\u00f1o, el calendario jug\u00f3 a favor del movimiento tur\u00edstico, ya que Semana Santa coincidi\u00f3 con el D\u00eda del Veterano y de los Ca\u00eddos en la Guerra de Malvinas, a diferencia de 2025, cuando ambas fechas estuvieron m\u00e1s alejadas. La ciudad de Mar del Plata volvi\u00f3 a posicionarse como uno\u2026","rel":"","context":"En \u00abSociedad\u00bb","block_context":{"text":"Sociedad","link":"https:\/\/www.24baires.com\/?cat=1"},"img":{"alt_text":"","src":"https:\/\/i0.wp.com\/www.24baires.com\/wp-content\/uploads\/2026\/03\/mar_del_plata.webp?resize=350%2C200","width":350,"height":200,"srcset":"https:\/\/i0.wp.com\/www.24baires.com\/wp-content\/uploads\/2026\/03\/mar_del_plata.webp?resize=350%2C200 1x, https:\/\/i0.wp.com\/www.24baires.com\/wp-content\/uploads\/2026\/03\/mar_del_plata.webp?resize=525%2C300 1.5x, https:\/\/i0.wp.com\/www.24baires.com\/wp-content\/uploads\/2026\/03\/mar_del_plata.webp?resize=700%2C400 2x"},"classes":[]},{"id":63811,"url":"https:\/\/www.24baires.com\/?p=63811","url_meta":{"origin":122960,"position":4},"title":"Fin de semana largo: Reservas hoteleras en Provincia llegan a 90%","author":"GB","date":"01\/04\/2015","format":false,"excerpt":"As\u00ed lo precis\u00f3 el secretario bonaerense de Turismo, Ignacio Crotto, quien manifest\u00f3 \u201cgrandes expectativas\u201d. Crotto precis\u00f3 en un comunicado que \u201ctodo indica que habr\u00e1 un muy buen movimiento tur\u00edstico en Semana Santa, un fin de semana clave para la provincia de Buenos Aires, debido a la gran diversidad de propuestas\u2026","rel":"","context":"En \u00abSociedad\u00bb","block_context":{"text":"Sociedad","link":"https:\/\/www.24baires.com\/?cat=1"},"img":{"alt_text":"mar del plata playa","src":"https:\/\/i0.wp.com\/www.24baires.com\/wp-content\/uploads\/2015\/01\/mar-del-plata-playa.jpg?resize=350%2C200","width":350,"height":200,"srcset":"https:\/\/i0.wp.com\/www.24baires.com\/wp-content\/uploads\/2015\/01\/mar-del-plata-playa.jpg?resize=350%2C200 1x, https:\/\/i0.wp.com\/www.24baires.com\/wp-content\/uploads\/2015\/01\/mar-del-plata-playa.jpg?resize=525%2C300 1.5x"},"classes":[]},{"id":104923,"url":"https:\/\/www.24baires.com\/?p=104923","url_meta":{"origin":122960,"position":5},"title":"La ocupaci\u00f3n hotelera en Mar del Plata es del 78% por el fin de semana largo","author":"GB","date":"14\/10\/2018","format":false,"excerpt":"Miles de turistas llegaron a la ciudad para disfrutar de distintas propuestas bajo un muy buen clima. \"Las tarifas est\u00e1n por debajo de la inflaci\u00f3n, con muchas promociones\", explicaron los operadores tur\u00edsticos La ocupaci\u00f3n hotelera en Mar del Plata por el fin de semana largo es de un 78%, lo\u2026","rel":"","context":"En \u00abTurismo\u00bb","block_context":{"text":"Turismo","link":"https:\/\/www.24baires.com\/?cat=69"},"img":{"alt_text":"","src":"https:\/\/i0.wp.com\/www.24baires.com\/wp-content\/uploads\/2018\/01\/casino-mar-del-plata-300x200.jpg?resize=350%2C200","width":350,"height":200},"classes":[]}],"jetpack_sharing_enabled":true,"jetpack_likes_enabled":true,"_links":{"self":[{"href":"https:\/\/www.24baires.com\/index.php?rest_route=\/wp\/v2\/posts\/122960","targetHints":{"allow":["GET"]}}],"collection":[{"href":"https:\/\/www.24baires.com\/index.php?rest_route=\/wp\/v2\/posts"}],"about":[{"href":"https:\/\/www.24baires.com\/index.php?rest_route=\/wp\/v2\/types\/post"}],"author":[{"embeddable":true,"href":"https:\/\/www.24baires.com\/index.php?rest_route=\/wp\/v2\/users\/8"}],"replies":[{"embeddable":true,"href":"https:\/\/www.24baires.com\/index.php?rest_route=%2Fwp%2Fv2%2Fcomments&post=122960"}],"version-history":[{"count":1,"href":"https:\/\/www.24baires.com\/index.php?rest_route=\/wp\/v2\/posts\/122960\/revisions"}],"predecessor-version":[{"id":122962,"href":"https:\/\/www.24baires.com\/index.php?rest_route=\/wp\/v2\/posts\/122960\/revisions\/122962"}],"wp:attachment":[{"href":"https:\/\/www.24baires.com\/index.php?rest_route=%2Fwp%2Fv2%2Fmedia&parent=122960"}],"wp:term":[{"taxonomy":"category","embeddable":true,"href":"https:\/\/www.24baires.com\/index.php?rest_route=%2Fwp%2Fv2%2Fcategories&post=122960"},{"taxonomy":"post_tag","embeddable":true,"href":"https:\/\/www.24baires.com\/index.php?rest_route=%2Fwp%2Fv2%2Ftags&post=122960"}],"curies":[{"name":"wp","href":"https:\/\/api.w.org\/{rel}","templated":true}]}}