{"id":122948,"date":"2026-03-18T06:29:31","date_gmt":"2026-03-18T09:29:31","guid":{"rendered":"https:\/\/www.24baires.com\/?p=122948"},"modified":"2026-03-18T06:29:31","modified_gmt":"2026-03-18T09:29:31","slug":"por-una-ley-de-milei-lazaro-baez-fue-sobreseido-en-una-causa-por-evasion","status":"publish","type":"post","link":"https:\/\/www.24baires.com\/?p=122948","title":{"rendered":"Por una Ley de Milei, L\u00e1zaro Baez fue sobrese\u00eddo en una causa por evasi\u00f3n"},"content":{"rendered":"<p><img data-recalc-dims=\"1\" loading=\"lazy\" decoding=\"async\" class=\"aligncenter wp-image-122949\" src=\"https:\/\/i0.wp.com\/www.24baires.com\/wp-content\/uploads\/2026\/03\/lazaro.jpg.webp?resize=720%2C369\" alt=\"\" width=\"720\" height=\"369\" srcset=\"https:\/\/i0.wp.com\/www.24baires.com\/wp-content\/uploads\/2026\/03\/lazaro.jpg.webp?w=800&amp;ssl=1 800w, https:\/\/i0.wp.com\/www.24baires.com\/wp-content\/uploads\/2026\/03\/lazaro.jpg.webp?resize=300%2C154&amp;ssl=1 300w, https:\/\/i0.wp.com\/www.24baires.com\/wp-content\/uploads\/2026\/03\/lazaro.jpg.webp?resize=768%2C394&amp;ssl=1 768w\" sizes=\"auto, (max-width: 720px) 100vw, 720px\" \/>Una interpretaci\u00f3n de la \u00abLey de Inocencia Fiscal\u00bb favoreci\u00f3 al empresario vinculado al kirchnerismo<!--more--><\/p>\n<p>El empresario L\u00e1zaro B\u00e1ez, hist\u00f3ricamente identificado con el kirchnerismo, logr\u00f3 el sobreseimiento en una causa por evasi\u00f3n fiscal gracias a una ley impulsada por el presidente Javier Milei. El dato, por s\u00ed solo, condensa una paradoja pol\u00edtica dif\u00edcil de ignorar.<\/p>\n<p>La resoluci\u00f3n del Tribunal Oral en lo Penal Econ\u00f3mico se apoy\u00f3 en la denominada \u201cLey de Inocencia Fiscal\u201d, que elev\u00f3 sustancialmente los montos a partir de los cuales la evasi\u00f3n se considera delito. Con ese cambio, parte de las maniobras atribuidas a B\u00e1ez y su entorno quedaron por debajo del umbral penal, habilitando el sobreseimiento mediante la aplicaci\u00f3n retroactiva de la ley m\u00e1s benigna.<\/p>\n<p>El resultado es concreto: un empresario se\u00f1alado durante a\u00f1os como s\u00edmbolo del entramado econ\u00f3mico del kirchnerismo termina beneficiado por una norma promovida por un gobierno que construy\u00f3 su identidad pol\u00edtica en las ant\u00edpodas de ese espacio.<\/p>\n<p>No se trata de un tecnicismo. El propio Milei sostuvo en reiteradas ocasiones que quienes logran eludir al Estado pueden ser considerados \u201ch\u00e9roes\u201d, en l\u00ednea con su visi\u00f3n de que la presi\u00f3n fiscal constituye una forma de avance indebido sobre la libertad individual. Esa concepci\u00f3n, trasladada al plano legislativo, es la que hoy impacta directamente en expedientes judiciales de alto perfil.<\/p>\n<p>El fallo no absuelve a B\u00e1ez por inexistencia de los hechos, sino que redefine su relevancia penal. Bajo los nuevos par\u00e1metros, conductas que antes pod\u00edan derivar en condenas ahora quedan fuera del alcance de la Justicia. En otras palabras, el cambio no es sobre lo ocurrido, sino sobre c\u00f3mo el Estado decide castigarlo.<\/p>\n<p>El caso adquiere mayor peso por el recorrido judicial del propio B\u00e1ez. Su nombre estuvo asociado a algunas de las causas m\u00e1s emblem\u00e1ticas de corrupci\u00f3n en la Argentina reciente, incluyendo condenas por lavado de dinero y m\u00faltiples investigaciones vinculadas a la obra p\u00fablica. En ese contexto, cualquier alivio judicial tiene una carga simb\u00f3lica que excede lo estrictamente t\u00e9cnico.<\/p>\n","protected":false},"excerpt":{"rendered":"<p>Una interpretaci\u00f3n de la \u00abLey de Inocencia Fiscal\u00bb favoreci\u00f3 al empresario vinculado al kirchnerismo<\/p>\n","protected":false},"author":8,"featured_media":0,"comment_status":"closed","ping_status":"closed","sticky":false,"template":"","format":"standard","meta":{"_jetpack_newsletter_access":"","_jetpack_dont_email_post_to_subs":false,"_jetpack_newsletter_tier_id":0,"_jetpack_memberships_contains_paywalled_content":false,"_jetpack_memberships_contains_paid_content":false,"footnotes":""},"categories":[51],"tags":[],"class_list":["post-122948","post","type-post","status-publish","format-standard","hentry","category-politica"],"jetpack_featured_media_url":"","jetpack_shortlink":"https:\/\/wp.me\/p2JWE0-vZ2","jetpack-related-posts":[{"id":87377,"url":"https:\/\/www.24baires.com\/?p=87377","url_meta":{"origin":122948,"position":0},"title":"Citan a una nueva indagatoria por evasi\u00f3n a L\u00e1zaro B\u00e1ez y a sus tres hijos","author":"AF","date":"09\/09\/2016","format":false,"excerpt":"El detenido empresario y sus hijos Mart\u00edn, Leandro y Luciana fueron citados a declaraci\u00f3n indagatoria por una supuesta evasi\u00f3n de aportes previsionales calculada en unos 33 millones de pesos a empleados de su grupo empresario. La decisi\u00f3n fue del juez en lo Penal Econ\u00f3mico Ezequiel Ber\u00f3n de Astrada, quien orden\u00f3\u2026","rel":"","context":"En \u00abJUDICIALES\u00bb","block_context":{"text":"JUDICIALES","link":"https:\/\/www.24baires.com\/?cat=68"},"img":{"alt_text":"baez","src":"https:\/\/i0.wp.com\/www.24baires.com\/wp-content\/uploads\/2016\/04\/baez.jpg?resize=350%2C200","width":350,"height":200,"srcset":"https:\/\/i0.wp.com\/www.24baires.com\/wp-content\/uploads\/2016\/04\/baez.jpg?resize=350%2C200 1x, https:\/\/i0.wp.com\/www.24baires.com\/wp-content\/uploads\/2016\/04\/baez.jpg?resize=525%2C300 1.5x"},"classes":[]},{"id":120158,"url":"https:\/\/www.24baires.com\/?p=120158","url_meta":{"origin":122948,"position":1},"title":"Sobreseyeron a Cristina en la causa por lavado de activos","author":"AF","date":"05\/06\/2023","format":false,"excerpt":"La absoluci\u00f3n de la vicepresidenta fue dispuesta por el juez federal Sebasti\u00e1n Casanello en el marco de la investigaci\u00f3n sobre presuntas maniobras del empresario L\u00e1zaro B\u00e1ez. El juez federal Sebasti\u00e1n Casanello sobresey\u00f3 este lunes a la vicepresidenta Cristina Fern\u00e1ndez de Kirchner en la causa donde se la investig\u00f3 por supuesto\u2026","rel":"","context":"En \u00abJUDICIALES\u00bb","block_context":{"text":"JUDICIALES","link":"https:\/\/www.24baires.com\/?cat=68"},"img":{"alt_text":"","src":"https:\/\/i0.wp.com\/www.24baires.com\/wp-content\/uploads\/2022\/09\/cristinakirchnerjpg.jpg?resize=350%2C200","width":350,"height":200,"srcset":"https:\/\/i0.wp.com\/www.24baires.com\/wp-content\/uploads\/2022\/09\/cristinakirchnerjpg.jpg?resize=350%2C200 1x, https:\/\/i0.wp.com\/www.24baires.com\/wp-content\/uploads\/2022\/09\/cristinakirchnerjpg.jpg?resize=525%2C300 1.5x, https:\/\/i0.wp.com\/www.24baires.com\/wp-content\/uploads\/2022\/09\/cristinakirchnerjpg.jpg?resize=700%2C400 2x"},"classes":[]},{"id":83183,"url":"https:\/\/www.24baires.com\/?p=83183","url_meta":{"origin":122948,"position":2},"title":"Marijuan le ofreci\u00f3 a Leandro B\u00e1ez declarar como \u00abcolaborador\u00bb","author":"AF","date":"27\/05\/2016","format":false,"excerpt":"Son las mismas condiciones bajo las cuales declar\u00f3 Leonardo Fari\u00f1a, quien, al aceptarlas, ingres\u00f3 al programa de Protecci\u00f3n de Testigos e Imputados y recuper\u00f3 as\u00ed su libertad tras estar detenido dos a\u00f1os en otra causa por evasi\u00f3n. Despu\u00e9s de que el juez Sebasti\u00e1n Casanello rechazara la recusaci\u00f3n que en su\u2026","rel":"","context":"En \u00abJUDICIALES\u00bb","block_context":{"text":"JUDICIALES","link":"https:\/\/www.24baires.com\/?cat=68"},"img":{"alt_text":"baez","src":"https:\/\/i0.wp.com\/www.24baires.com\/wp-content\/uploads\/2016\/04\/baez.jpg?resize=350%2C200","width":350,"height":200,"srcset":"https:\/\/i0.wp.com\/www.24baires.com\/wp-content\/uploads\/2016\/04\/baez.jpg?resize=350%2C200 1x, https:\/\/i0.wp.com\/www.24baires.com\/wp-content\/uploads\/2016\/04\/baez.jpg?resize=525%2C300 1.5x"},"classes":[]},{"id":81204,"url":"https:\/\/www.24baires.com\/?p=81204","url_meta":{"origin":122948,"position":3},"title":"Fari\u00f1a contin\u00faa detenido en Ezeiza en una celda con c\u00e1maras de seguridad","author":"AF","date":"09\/04\/2016","format":false,"excerpt":"Es bajo el programa Nacional de Protecci\u00f3n de Testigos e Imputados, tras haber testificado en la causa que investiga el presunto lavado de dinero. Leonardo Fari\u00f1a fue trasladado al penal de Ezeiza anoche donde se encuentra detenido bajo el Programa Nacional de Protecci\u00f3n de Testigos, en una celda que cuenta\u2026","rel":"","context":"En \u00abJUDICIALES\u00bb","block_context":{"text":"JUDICIALES","link":"https:\/\/www.24baires.com\/?cat=68"},"img":{"alt_text":"fari\u00f1a","src":"https:\/\/i0.wp.com\/www.24baires.com\/wp-content\/uploads\/2016\/04\/fari%C3%B1a.jpg?resize=350%2C200","width":350,"height":200,"srcset":"https:\/\/i0.wp.com\/www.24baires.com\/wp-content\/uploads\/2016\/04\/fari%C3%B1a.jpg?resize=350%2C200 1x, https:\/\/i0.wp.com\/www.24baires.com\/wp-content\/uploads\/2016\/04\/fari%C3%B1a.jpg?resize=525%2C300 1.5x"},"classes":[]},{"id":116715,"url":"https:\/\/www.24baires.com\/?p=116715","url_meta":{"origin":122948,"position":4},"title":"Piden la elevaci\u00f3n a juicio de la causa por el crimen de Fernando B\u00e1ez Sosa","author":"GB","date":"17\/11\/2020","format":false,"excerpt":"La fiscal que investiga el crimen de Fernando B\u00e1ez Sosa, el joven asesinado a golpes a la salida de un boliche de la ciudad de Villa Gesell en enero pasado, pidi\u00f3 hoy que sean sometidos a juicio los ocho rugbiers detenidos por el hecho, y que los otros dos imputados\u2026","rel":"","context":"En \u00abSociedad\u00bb","block_context":{"text":"Sociedad","link":"https:\/\/www.24baires.com\/?cat=1"},"img":{"alt_text":"","src":"https:\/\/i0.wp.com\/www.24baires.com\/wp-content\/uploads\/2020\/02\/fernando-justicia.jpg?resize=350%2C200","width":350,"height":200},"classes":[]},{"id":93583,"url":"https:\/\/www.24baires.com\/?p=93583","url_meta":{"origin":122948,"position":5},"title":"Bonadio proces\u00f3 a Cristina Kirchner por \u00abasociaci\u00f3n il\u00edcita\u00bb en Los Sauces","author":"GB","date":"04\/04\/2017","format":false,"excerpt":"El juez federal tambi\u00e9n dispuso el procesamiento de los hijos de la expresidenta, M\u00e1ximo y Florencia Kirchner, y de los empresarios Crist\u00f3bal L\u00f3pez y L\u00e1zaro B\u00e1ez, entre otros. Adem\u00e1s decret\u00f3 un embargo por $130 millones y les prohibi\u00f3 salir del pa\u00eds. Claudio Bonad\u00edo dicto el procesamiento de Cristina Fern\u00e1ndez de\u2026","rel":"","context":"En \u00abPol\u00edtica\u00bb","block_context":{"text":"Pol\u00edtica","link":"https:\/\/www.24baires.com\/?cat=51"},"img":{"alt_text":"","src":"https:\/\/i0.wp.com\/www.24baires.com\/wp-content\/uploads\/2015\/07\/bonadio.jpg?resize=350%2C200","width":350,"height":200,"srcset":"https:\/\/i0.wp.com\/www.24baires.com\/wp-content\/uploads\/2015\/07\/bonadio.jpg?resize=350%2C200 1x, https:\/\/i0.wp.com\/www.24baires.com\/wp-content\/uploads\/2015\/07\/bonadio.jpg?resize=525%2C300 1.5x"},"classes":[]}],"jetpack_sharing_enabled":true,"jetpack_likes_enabled":true,"_links":{"self":[{"href":"https:\/\/www.24baires.com\/index.php?rest_route=\/wp\/v2\/posts\/122948","targetHints":{"allow":["GET"]}}],"collection":[{"href":"https:\/\/www.24baires.com\/index.php?rest_route=\/wp\/v2\/posts"}],"about":[{"href":"https:\/\/www.24baires.com\/index.php?rest_route=\/wp\/v2\/types\/post"}],"author":[{"embeddable":true,"href":"https:\/\/www.24baires.com\/index.php?rest_route=\/wp\/v2\/users\/8"}],"replies":[{"embeddable":true,"href":"https:\/\/www.24baires.com\/index.php?rest_route=%2Fwp%2Fv2%2Fcomments&post=122948"}],"version-history":[{"count":1,"href":"https:\/\/www.24baires.com\/index.php?rest_route=\/wp\/v2\/posts\/122948\/revisions"}],"predecessor-version":[{"id":122950,"href":"https:\/\/www.24baires.com\/index.php?rest_route=\/wp\/v2\/posts\/122948\/revisions\/122950"}],"wp:attachment":[{"href":"https:\/\/www.24baires.com\/index.php?rest_route=%2Fwp%2Fv2%2Fmedia&parent=122948"}],"wp:term":[{"taxonomy":"category","embeddable":true,"href":"https:\/\/www.24baires.com\/index.php?rest_route=%2Fwp%2Fv2%2Fcategories&post=122948"},{"taxonomy":"post_tag","embeddable":true,"href":"https:\/\/www.24baires.com\/index.php?rest_route=%2Fwp%2Fv2%2Ftags&post=122948"}],"curies":[{"name":"wp","href":"https:\/\/api.w.org\/{rel}","templated":true}]}}