{"id":122932,"date":"2026-03-09T16:13:08","date_gmt":"2026-03-09T19:13:08","guid":{"rendered":"https:\/\/www.24baires.com\/?p=122932"},"modified":"2026-03-09T16:13:08","modified_gmt":"2026-03-09T19:13:08","slug":"britos-defendio-las-tasas-municipales-quieren-ponernos-como-los-malos-de-la-pelicula","status":"publish","type":"post","link":"https:\/\/www.24baires.com\/?p=122932","title":{"rendered":"Britos defendi\u00f3 las tasas municipales: \u201cQuieren ponernos como los malos de la pel\u00edcula\u201d"},"content":{"rendered":"<p><img data-recalc-dims=\"1\" loading=\"lazy\" decoding=\"async\" class=\"aligncenter wp-image-122933\" src=\"https:\/\/i0.wp.com\/www.24baires.com\/wp-content\/uploads\/2026\/03\/britos.webp?resize=720%2C419\" alt=\"\" width=\"720\" height=\"419\" srcset=\"https:\/\/i0.wp.com\/www.24baires.com\/wp-content\/uploads\/2026\/03\/britos.webp?w=800&amp;ssl=1 800w, https:\/\/i0.wp.com\/www.24baires.com\/wp-content\/uploads\/2026\/03\/britos.webp?resize=300%2C175&amp;ssl=1 300w, https:\/\/i0.wp.com\/www.24baires.com\/wp-content\/uploads\/2026\/03\/britos.webp?resize=768%2C447&amp;ssl=1 768w\" sizes=\"auto, (max-width: 720px) 100vw, 720px\" \/>El intendente de Chivilcoy cuestion\u00f3 las cr\u00edticas a los municipios y sostuvo que la presi\u00f3n fiscal \u201cpasa principalmente por la Naci\u00f3n\u201d, asegurando que \u00abel 93% de la presi\u00f3n fiscal es nacional\u201d.<!--more--><\/p>\n<p>El intendente de Chivilcoy, Guillermo Britos, cuestion\u00f3 con dureza la ofensiva libertaria para reducir o eliminar tasas municipales en distintos distritos bonaerenses y defendi\u00f3 el rol de los municipios en la prestaci\u00f3n de servicios. En ese marco, sostuvo que los gobiernos locales \u201cadministran miserias\u201d y que muchas de las cr\u00edticas parten de un diagn\u00f3stico equivocado sobre la presi\u00f3n fiscal.<\/p>\n<p>Britos remarc\u00f3 que la discusi\u00f3n p\u00fablica suele confundir tasas municipales con impuestos y explic\u00f3 que se trata de figuras diferentes. \u201cPor eso se llaman tasas y no impuestos. Yo estoy cansado de ver economistas de gran prestigio, entre comillas, que ocupan cargos important\u00edsimos a nivel nacional, diciendo que los impuestos municipales tienen que bajar. No, no van a bajar nunca porque no existen. O sea, no hay impuestos municipales, hay tasas con contraprestaci\u00f3n\u201d, afirm\u00f3.<\/p>\n<p>El jefe comunal, que lleva m\u00e1s de una d\u00e9cada al frente del municipio, sostuvo que los gobiernos locales deben afrontar numerosos gastos que no cuentan con una fuente espec\u00edfica de financiamiento. \u201cYo llevo diez a\u00f1os y tres meses de intendente. Me han tocado todas: la pandemia, pandemias pol\u00edticas, de todo. Ahora quieren poner como los malos de la pel\u00edcula a los que estamos administrando miserias y hacemos malabares para abonar incluso muchos de los servicios que brindamos que no tienen tasas\u201d, plante\u00f3 en di\u00e1logo con C\u00f3digo Baires.<\/p>\n<p>Para ilustrar esa situaci\u00f3n, mencion\u00f3 ejemplos concretos de gastos que afronta el municipio. \u201cAc\u00e1 por mes tenemos como m\u00ednimo cuatro accidentes que requieren cirug\u00edas de alto costo para chicos que van en moto y terminan chocando. Una pr\u00f3tesis maxilofacial sale cuatro millones de pesos y yo no tengo una tasa que cubra eso. Lo tengo que pagar con recursos municipales, con coparticipaci\u00f3n o con ingresos de otras tasas\u201d, explic\u00f3.<\/p>\n<p>Britos tambi\u00e9n mencion\u00f3 programas culturales y deportivos que requieren recursos significativos. \u201cTodos los gastos de cultura y de deporte en Chivilcoy son much\u00edsimos. Por ejemplo, los Juegos Bonaerenses. El municipio aporta cerca de 300 millones de pesos para que unos 300 chicos puedan ir a competir a Mar del Plata, pagar el hotel y el transporte. Eso no tiene una tasa que lo financie y no podemos decirles que no vayan\u201d, sostuvo.<\/p>\n<p>El intendente remarc\u00f3 adem\u00e1s que el peso de las tasas municipales dentro de la presi\u00f3n impositiva total es muy bajo. \u201cNo hay ninguna actividad econ\u00f3mica, industrial, comercial o agroindustrial que tenga m\u00e1s del 2% de injerencia de la tasa municipal en la tremenda presi\u00f3n impositiva que tenemos. Yo no digo que la presi\u00f3n tributaria sea baja, es alt\u00edsima, pero en el peor de los casos el municipio influye con el 2%\u201d, afirm\u00f3.<\/p>\n","protected":false},"excerpt":{"rendered":"<p>El intendente de Chivilcoy cuestion\u00f3 las cr\u00edticas a los municipios y sostuvo que la presi\u00f3n fiscal \u201cpasa principalmente por la Naci\u00f3n\u201d, asegurando que \u00abel 93% de la presi\u00f3n fiscal es nacional\u201d.<\/p>\n","protected":false},"author":8,"featured_media":0,"comment_status":"closed","ping_status":"closed","sticky":false,"template":"","format":"standard","meta":{"_jetpack_newsletter_access":"","_jetpack_dont_email_post_to_subs":false,"_jetpack_newsletter_tier_id":0,"_jetpack_memberships_contains_paywalled_content":false,"_jetpack_memberships_contains_paid_content":false,"footnotes":""},"categories":[44],"tags":[],"class_list":["post-122932","post","type-post","status-publish","format-standard","hentry","category-municipios"],"jetpack_featured_media_url":"","jetpack_shortlink":"https:\/\/wp.me\/p2JWE0-vYM","jetpack-related-posts":[{"id":100983,"url":"https:\/\/www.24baires.com\/?p=100983","url_meta":{"origin":122932,"position":0},"title":"Chivilcoy: Britos ratific\u00f3 oferta del 20%, pero reforzar\u00e1 control de horas extras","author":"GB","date":"12\/03\/2018","format":false,"excerpt":"El intendente de Chivilcoy, Guillermo Britos, ratific\u00f3 que otorgar\u00e1 una suba del 20% con cl\u00e1usula gatillo a los trabajadores municipales y adelant\u00f3 que se reunir\u00e1 con los representantes gremiales la pr\u00f3xima semana. No obstante, asegur\u00f3 que reforzar\u00e1 el control sobre las horas extras porque el Municipio \"no puede seguir derrochando\u2026","rel":"","context":"En \u00abLocales\u00bb","block_context":{"text":"Locales","link":"https:\/\/www.24baires.com\/?cat=38"},"img":{"alt_text":"","src":"https:\/\/i0.wp.com\/www.24baires.com\/wp-content\/uploads\/2014\/12\/GUILLERMO-BRITOS1-300x199.jpg?resize=350%2C200","width":350,"height":200},"classes":[]},{"id":113542,"url":"https:\/\/www.24baires.com\/?p=113542","url_meta":{"origin":122932,"position":1},"title":"Chivilcoy: el Jefe Comunal dispuso congelar su sueldo y el de sus funcionarios","author":"GB","date":"23\/12\/2019","format":false,"excerpt":"Ante la situaci\u00f3n econ\u00f3mica y con la responsabilidad de tener una \u201cobligaci\u00f3n moral\u201d, el intendente Guillermo Britos dispuso la medida que regir\u00e1 hasta el 30 de junio del a\u00f1o que viene. El intendente Guillermo Britos dispuso por decreto congelar su sueldo y el de todos los funcionarios-secretarios, directores y coordinadores-\u2026","rel":"","context":"En \u00abMunicipios\u00bb","block_context":{"text":"Municipios","link":"https:\/\/www.24baires.com\/?cat=44"},"img":{"alt_text":"","src":"https:\/\/i0.wp.com\/www.24baires.com\/wp-content\/uploads\/2019\/12\/intendente-chivilcoy.jpg?resize=350%2C200","width":350,"height":200,"srcset":"https:\/\/i0.wp.com\/www.24baires.com\/wp-content\/uploads\/2019\/12\/intendente-chivilcoy.jpg?resize=350%2C200 1x, https:\/\/i0.wp.com\/www.24baires.com\/wp-content\/uploads\/2019\/12\/intendente-chivilcoy.jpg?resize=525%2C300 1.5x"},"classes":[]},{"id":100494,"url":"https:\/\/www.24baires.com\/?p=100494","url_meta":{"origin":122932,"position":2},"title":"Intendentes massistas ofrecer\u00e1n un aumento entre el 15 y el 10% con cl\u00e1usula gatillo","author":"GB","date":"13\/02\/2018","format":false,"excerpt":"Los jefes comunales que responden al Frente Renovador que conduce Sergio Massa, anunciaron que ofrecer\u00e1n hasta un 20% en las paritarias municipales e incluir\u00e1n la \u201ccl\u00e1usula gatillo\u201d que el gobierno nacional y provincial quieren evitar. Tal como sucedi\u00f3 el a\u00f1o pasado con varios de los intendentes peronistas que enfrentaron las\u2026","rel":"","context":"En \u00abMunicipios\u00bb","block_context":{"text":"Municipios","link":"https:\/\/www.24baires.com\/?cat=44"},"img":{"alt_text":"","src":"https:\/\/i0.wp.com\/www.24baires.com\/wp-content\/uploads\/2018\/02\/intendentes-massistas.jpg?resize=350%2C200","width":350,"height":200,"srcset":"https:\/\/i0.wp.com\/www.24baires.com\/wp-content\/uploads\/2018\/02\/intendentes-massistas.jpg?resize=350%2C200 1x, https:\/\/i0.wp.com\/www.24baires.com\/wp-content\/uploads\/2018\/02\/intendentes-massistas.jpg?resize=525%2C300 1.5x"},"classes":[]},{"id":114301,"url":"https:\/\/www.24baires.com\/?p=114301","url_meta":{"origin":122932,"position":3},"title":"El Intendente de Chivilcoy quiere cobrar por usar hospitales p\u00fablicos","author":"AF","date":"04\/03\/2020","format":false,"excerpt":"El jefe comunal de esa ciudad bonaerense decidi\u00f3 esta medida y advirti\u00f3 que con suspender la atenci\u00f3n a los vecinos si los municipios no pagan. \u201cLa salud es una sola, no importa la jurisdicci\u00f3n\u201d, dijo ayer el ministro de Salud de la Naci\u00f3n, Gin\u00e9s Gonz\u00e1lez Garc\u00eda, durante la conferencia de\u2026","rel":"","context":"En \u00abLocales\u00bb","block_context":{"text":"Locales","link":"https:\/\/www.24baires.com\/?cat=38"},"img":{"alt_text":"","src":"https:\/\/i0.wp.com\/www.24baires.com\/wp-content\/uploads\/2019\/03\/hospital.png?resize=350%2C200","width":350,"height":200,"srcset":"https:\/\/i0.wp.com\/www.24baires.com\/wp-content\/uploads\/2019\/03\/hospital.png?resize=350%2C200 1x, https:\/\/i0.wp.com\/www.24baires.com\/wp-content\/uploads\/2019\/03\/hospital.png?resize=525%2C300 1.5x"},"classes":[]},{"id":102067,"url":"https:\/\/www.24baires.com\/?p=102067","url_meta":{"origin":122932,"position":4},"title":"Gay busca congelar una tasa municipal hasta diciembre de 2023","author":"GB","date":"10\/05\/2018","format":false,"excerpt":"Elev\u00f3 un proyecto al HCD de Bah\u00eda Blanca para suspender hasta ese a\u00f1o los aumentos en la Tasa de Seguridad e Higiene. En el marco del debate en la Legislatura sbre la reducci\u00f3n de impuestos municipales en las facturas de servicios p\u00fablicos, el intendente de Bah\u00eda Blanca, H\u00e9ctor Gay, anunci\u00f3\u2026","rel":"","context":"En \u00abMunicipios\u00bb","block_context":{"text":"Municipios","link":"https:\/\/www.24baires.com\/?cat=44"},"img":{"alt_text":"","src":"https:\/\/i0.wp.com\/www.24baires.com\/wp-content\/uploads\/2016\/06\/gay-bah%C3%ACa-blanca.jpg?resize=350%2C200","width":350,"height":200,"srcset":"https:\/\/i0.wp.com\/www.24baires.com\/wp-content\/uploads\/2016\/06\/gay-bah%C3%ACa-blanca.jpg?resize=350%2C200 1x, https:\/\/i0.wp.com\/www.24baires.com\/wp-content\/uploads\/2016\/06\/gay-bah%C3%ACa-blanca.jpg?resize=525%2C300 1.5x"},"classes":[]},{"id":102759,"url":"https:\/\/www.24baires.com\/?p=102759","url_meta":{"origin":122932,"position":5},"title":"Marcha atr\u00e1s de Vidal: suspende la prohibici\u00f3n de cobrar tasas con las facturas de luz","author":"Grupo Sierra","date":"15\/06\/2018","format":false,"excerpt":"La gobernadora Mar\u00eda Eugenia Vidal adelant\u00f3 hoy que postergar\u00e1 hasta fin de a\u00f1o la resoluci\u00f3n del Organismo de Control El\u00e9ctrico provincial (OCEBA) que imped\u00eda a las comunas cobrar tasas en las boletas del servicio el\u00e9ctrico que brindan las distribuidoras comerciales y las cooperativas. La medida hab\u00eda sido establecida en la\u2026","rel":"","context":"En \u00abProvincia\u00bb","block_context":{"text":"Provincia","link":"https:\/\/www.24baires.com\/?cat=40"},"img":{"alt_text":"","src":"https:\/\/i0.wp.com\/www.dib.com.ar\/gestion\/images\/blogmanagement\/noticias\/thumb\/5b22fccfbd41e1529019599.jpg?resize=350%2C200","width":350,"height":200,"srcset":"https:\/\/i0.wp.com\/www.dib.com.ar\/gestion\/images\/blogmanagement\/noticias\/thumb\/5b22fccfbd41e1529019599.jpg?resize=350%2C200 1x, https:\/\/i0.wp.com\/www.dib.com.ar\/gestion\/images\/blogmanagement\/noticias\/thumb\/5b22fccfbd41e1529019599.jpg?resize=525%2C300 1.5x"},"classes":[]}],"jetpack_sharing_enabled":true,"jetpack_likes_enabled":true,"_links":{"self":[{"href":"https:\/\/www.24baires.com\/index.php?rest_route=\/wp\/v2\/posts\/122932","targetHints":{"allow":["GET"]}}],"collection":[{"href":"https:\/\/www.24baires.com\/index.php?rest_route=\/wp\/v2\/posts"}],"about":[{"href":"https:\/\/www.24baires.com\/index.php?rest_route=\/wp\/v2\/types\/post"}],"author":[{"embeddable":true,"href":"https:\/\/www.24baires.com\/index.php?rest_route=\/wp\/v2\/users\/8"}],"replies":[{"embeddable":true,"href":"https:\/\/www.24baires.com\/index.php?rest_route=%2Fwp%2Fv2%2Fcomments&post=122932"}],"version-history":[{"count":2,"href":"https:\/\/www.24baires.com\/index.php?rest_route=\/wp\/v2\/posts\/122932\/revisions"}],"predecessor-version":[{"id":122935,"href":"https:\/\/www.24baires.com\/index.php?rest_route=\/wp\/v2\/posts\/122932\/revisions\/122935"}],"wp:attachment":[{"href":"https:\/\/www.24baires.com\/index.php?rest_route=%2Fwp%2Fv2%2Fmedia&parent=122932"}],"wp:term":[{"taxonomy":"category","embeddable":true,"href":"https:\/\/www.24baires.com\/index.php?rest_route=%2Fwp%2Fv2%2Fcategories&post=122932"},{"taxonomy":"post_tag","embeddable":true,"href":"https:\/\/www.24baires.com\/index.php?rest_route=%2Fwp%2Fv2%2Ftags&post=122932"}],"curies":[{"name":"wp","href":"https:\/\/api.w.org\/{rel}","templated":true}]}}