{"id":122929,"date":"2026-03-05T08:48:52","date_gmt":"2026-03-05T11:48:52","guid":{"rendered":"https:\/\/www.24baires.com\/?p=122929"},"modified":"2026-03-05T08:48:52","modified_gmt":"2026-03-05T11:48:52","slug":"suspensiones-extendidas-y-alerta-en-la-historica-fabrica-marplatense","status":"publish","type":"post","link":"https:\/\/www.24baires.com\/?p=122929","title":{"rendered":"Suspensiones extendidas y alerta en la hist\u00f3rica f\u00e1brica marplatense"},"content":{"rendered":"<p><img data-recalc-dims=\"1\" loading=\"lazy\" decoding=\"async\" class=\"aligncenter wp-image-122930\" src=\"https:\/\/i0.wp.com\/www.24baires.com\/wp-content\/uploads\/2026\/03\/mauro-sergio.jpg?resize=720%2C412\" alt=\"\" width=\"720\" height=\"412\" srcset=\"https:\/\/i0.wp.com\/www.24baires.com\/wp-content\/uploads\/2026\/03\/mauro-sergio.jpg?w=1079&amp;ssl=1 1079w, https:\/\/i0.wp.com\/www.24baires.com\/wp-content\/uploads\/2026\/03\/mauro-sergio.jpg?resize=300%2C172&amp;ssl=1 300w, https:\/\/i0.wp.com\/www.24baires.com\/wp-content\/uploads\/2026\/03\/mauro-sergio.jpg?resize=1024%2C586&amp;ssl=1 1024w, https:\/\/i0.wp.com\/www.24baires.com\/wp-content\/uploads\/2026\/03\/mauro-sergio.jpg?resize=768%2C440&amp;ssl=1 768w\" sizes=\"auto, (max-width: 720px) 100vw, 720px\" \/>La f\u00e1brica \u00abTextilana\u00bb extender\u00eda suspensiones a 175 trabajadores hasta junio. Ca\u00edda del consumo e importaciones presionan a una industria textil cada vez m\u00e1s debilitada. No se salvan ni los sweaters de Mar del Plata<!--more--><\/p>\n<p>La hist\u00f3rica f\u00e1brica marplatense que produce la conocida marca Mauro Sergio atraviesa uno de los momentos m\u00e1s delicados de su historia reciente. La empresa Textilana S.A., ubicada sobre la Ruta 88 en Mar del Plata, mantiene un esquema de suspensiones laborales que afecta a una parte importante de su plantel, en un contexto de fuerte retracci\u00f3n del mercado de la indumentaria.<\/p>\n<p>Seg\u00fan fuentes sindicales y reportes de medios locales, la empresa analiza extender hasta junio el esquema de suspensiones que alcanza a 175 trabajadores.<\/p>\n<p>La medida, que todav\u00eda forma parte de conversaciones entre la firma y el sindicato del sector, se vincula con la continuidad de la ca\u00edda del consumo y con un escenario que la industria textil describe como cada vez m\u00e1s complejo.<\/p>\n<p>Textilana es la firma detr\u00e1s de los tradicionales sweaters Mauro Sergio, una marca ampliamente reconocida en el mercado argentino, que hist\u00f3ricamente lig\u00f3 a la ciudad balnearia con la \u201clana\u201d, algo que ahora parece escasear en su acepci\u00f3n lunfarda.<\/p>\n<p>Durante d\u00e9cadas, la planta marplatense funcion\u00f3 como uno de los polos textiles m\u00e1s importantes de la regi\u00f3n, con producci\u00f3n constante y una estructura industrial que integraba buena parte del proceso de fabricaci\u00f3n de prendas. Mar del Plata supo ser sin\u00f3nimo de playa, alfajores y pulloveres.<\/p>\n","protected":false},"excerpt":{"rendered":"<p>La f\u00e1brica \u00abTextilana\u00bb extender\u00eda suspensiones a 175 trabajadores hasta junio. Ca\u00edda del consumo e importaciones presionan a una industria textil cada vez m\u00e1s debilitada. No se salvan ni los sweaters de Mar del Plata<\/p>\n","protected":false},"author":8,"featured_media":0,"comment_status":"closed","ping_status":"closed","sticky":false,"template":"","format":"standard","meta":{"_jetpack_newsletter_access":"","_jetpack_dont_email_post_to_subs":false,"_jetpack_newsletter_tier_id":0,"_jetpack_memberships_contains_paywalled_content":false,"_jetpack_memberships_contains_paid_content":false,"footnotes":""},"categories":[44],"tags":[],"class_list":["post-122929","post","type-post","status-publish","format-standard","hentry","category-municipios"],"jetpack_featured_media_url":"","jetpack_shortlink":"https:\/\/wp.me\/p2JWE0-vYJ","jetpack-related-posts":[{"id":122718,"url":"https:\/\/www.24baires.com\/?p=122718","url_meta":{"origin":122929,"position":0},"title":"Georgalos inicia un plan de suspensiones que alcanzar\u00e1 a 600 trabajadores","author":"GB","date":"03\/12\/2025","format":false,"excerpt":"La compa\u00f1\u00eda aplicar\u00e1 un esquema de suspensiones por grupos ante la ca\u00edda en el consumo y el avance de productos importados, lo que afectar\u00e1 a 600 operarios. La firma Georgalos, hist\u00f3rica productora del Mantecol, atraviesa una situaci\u00f3n cr\u00edtica en su establecimiento de Victoria, en el partido de San Fernando, y\u2026","rel":"","context":"En \u00abMunicipios\u00bb","block_context":{"text":"Municipios","link":"https:\/\/www.24baires.com\/?cat=44"},"img":{"alt_text":"","src":"https:\/\/i0.wp.com\/www.24baires.com\/wp-content\/uploads\/2025\/12\/fabrica-georgalos.webp?resize=350%2C200","width":350,"height":200,"srcset":"https:\/\/i0.wp.com\/www.24baires.com\/wp-content\/uploads\/2025\/12\/fabrica-georgalos.webp?resize=350%2C200 1x, https:\/\/i0.wp.com\/www.24baires.com\/wp-content\/uploads\/2025\/12\/fabrica-georgalos.webp?resize=525%2C300 1.5x, https:\/\/i0.wp.com\/www.24baires.com\/wp-content\/uploads\/2025\/12\/fabrica-georgalos.webp?resize=700%2C400 2x"},"classes":[]},{"id":111208,"url":"https:\/\/www.24baires.com\/?p=111208","url_meta":{"origin":122929,"position":1},"title":"General Motors extendi\u00f3 la suspensi\u00f3n de 2.500 operarios","author":"AF","date":"16\/07\/2019","format":false,"excerpt":"Por la crisis, General Motors extendi\u00f3 una semana la suspensi\u00f3n de 2.500 operarios. Estaba previsto que el parate de la planta de General Alvear terminara el esta semana pero se prolongar\u00e1 hasta tanto la empresa logre vender parte del stock que acumula en playas y galpones. La automotriz General Motors\u2026","rel":"","context":"En \u00abSociedad\u00bb","block_context":{"text":"Sociedad","link":"https:\/\/www.24baires.com\/?cat=1"},"img":{"alt_text":"","src":"https:\/\/i0.wp.com\/www.24baires.com\/wp-content\/uploads\/2015\/09\/industria.jpg?resize=350%2C200","width":350,"height":200,"srcset":"https:\/\/i0.wp.com\/www.24baires.com\/wp-content\/uploads\/2015\/09\/industria.jpg?resize=350%2C200 1x, https:\/\/i0.wp.com\/www.24baires.com\/wp-content\/uploads\/2015\/09\/industria.jpg?resize=525%2C300 1.5x"},"classes":[]},{"id":103988,"url":"https:\/\/www.24baires.com\/?p=103988","url_meta":{"origin":122929,"position":2},"title":"Tensi\u00f3n en Chivilcoy por la suspensi\u00f3n de la producci\u00f3n en la mayor f\u00e1brica de la zona","author":"AF","date":"20\/08\/2018","format":false,"excerpt":"Se trata de Paquet\u00e1, que trabaja para Adidas, y les dar\u00e1 vacaciones a sus 600 operarios en tres tramos, de modo que estar\u00e1 un mes sin producir, tiempo en el que se intentar\u00e1 colocar el stock acumulado. La empresa de calzados Paquet\u00e1 de Chivilcoy, que fabrica para Adidas, suspender\u00e1 el\u2026","rel":"","context":"En \u00abLocales\u00bb","block_context":{"text":"Locales","link":"https:\/\/www.24baires.com\/?cat=38"},"img":{"alt_text":"","src":"https:\/\/i0.wp.com\/www.24baires.com\/wp-content\/uploads\/2018\/08\/paqueta-chivilcoy.jpg?resize=350%2C200","width":350,"height":200,"srcset":"https:\/\/i0.wp.com\/www.24baires.com\/wp-content\/uploads\/2018\/08\/paqueta-chivilcoy.jpg?resize=350%2C200 1x, https:\/\/i0.wp.com\/www.24baires.com\/wp-content\/uploads\/2018\/08\/paqueta-chivilcoy.jpg?resize=525%2C300 1.5x"},"classes":[]},{"id":103688,"url":"https:\/\/www.24baires.com\/?p=103688","url_meta":{"origin":122929,"position":3},"title":"Avellaneda: trabajadores de Siam denuncian despidos masivos y suspensiones","author":"GB","date":"06\/08\/2018","format":false,"excerpt":"Operarios y operarias de la firma que tiene su planta en el conurbano bonaerense dieron a conocer que la compa\u00f1\u00eda lleva a cabo un ajuste en el cual tambi\u00e9n reduce los salarios. Tambi\u00e9n se\u00f1alaron que las autoridades \u201cno quieren mujeres\u201d dentro de sus filas. Trabajadores y trabajadores de la f\u00e1brica\u2026","rel":"","context":"En \u00abMunicipios\u00bb","block_context":{"text":"Municipios","link":"https:\/\/www.24baires.com\/?cat=44"},"img":{"alt_text":"","src":"https:\/\/i0.wp.com\/www.24baires.com\/wp-content\/uploads\/2018\/08\/siam.jpg?resize=350%2C200","width":350,"height":200,"srcset":"https:\/\/i0.wp.com\/www.24baires.com\/wp-content\/uploads\/2018\/08\/siam.jpg?resize=350%2C200 1x, https:\/\/i0.wp.com\/www.24baires.com\/wp-content\/uploads\/2018\/08\/siam.jpg?resize=525%2C300 1.5x"},"classes":[]},{"id":107166,"url":"https:\/\/www.24baires.com\/?p=107166","url_meta":{"origin":122929,"position":4},"title":"Iveco suspendi\u00f3 a 900 trabajadores","author":"AF","date":"11\/03\/2019","format":false,"excerpt":"El titular de Smata advirti\u00f3 que la situaci\u00f3n en el sector automotriz, lejos de mejorar, seguir\u00e1 empeorando y se\u00f1al\u00f3 que lleg\u00f3 el momento de adoptar medidas de fuerza con continuidad. La f\u00e1brica de camiones Iveco confirm\u00f3 este lunes la suspensi\u00f3n de 900 trabajadores en su planta de la localidad cordobesa\u2026","rel":"","context":"En \u00abSociedad\u00bb","block_context":{"text":"Sociedad","link":"https:\/\/www.24baires.com\/?cat=1"},"img":{"alt_text":"","src":"https:\/\/i0.wp.com\/www.24baires.com\/wp-content\/uploads\/2019\/03\/iveco.jpg?resize=350%2C200","width":350,"height":200,"srcset":"https:\/\/i0.wp.com\/www.24baires.com\/wp-content\/uploads\/2019\/03\/iveco.jpg?resize=350%2C200 1x, https:\/\/i0.wp.com\/www.24baires.com\/wp-content\/uploads\/2019\/03\/iveco.jpg?resize=525%2C300 1.5x"},"classes":[]},{"id":44090,"url":"https:\/\/www.24baires.com\/?p=44090","url_meta":{"origin":122929,"position":5},"title":"Una empresa de Mar del Plata exportar\u00e1 tecnolog\u00eda a \u00c1frica","author":"GB","date":"17\/04\/2014","format":false,"excerpt":"Se trata de Unitek, primera firma argentina fabricante de esta clase de equipos. El 100 % del recurso humano de la empresa proviene de escuelas t\u00e9cnicas y la Universidad Nacional de Mar del Plata. Con la presencia del Secretario de Desarrollo Productivo de la comuna Mariano P\u00e9rez Rojas, este mi\u00e9rcoles\u2026","rel":"","context":"En \u00abMunicipios\u00bb","block_context":{"text":"Municipios","link":"https:\/\/www.24baires.com\/?cat=44"},"img":{"alt_text":"fabrica argentina","src":"https:\/\/i0.wp.com\/www.24baires.com\/wp-content\/uploads\/2014\/04\/fabrica-argentina-300x225.jpg?resize=350%2C200","width":350,"height":200},"classes":[]}],"jetpack_sharing_enabled":true,"jetpack_likes_enabled":true,"_links":{"self":[{"href":"https:\/\/www.24baires.com\/index.php?rest_route=\/wp\/v2\/posts\/122929","targetHints":{"allow":["GET"]}}],"collection":[{"href":"https:\/\/www.24baires.com\/index.php?rest_route=\/wp\/v2\/posts"}],"about":[{"href":"https:\/\/www.24baires.com\/index.php?rest_route=\/wp\/v2\/types\/post"}],"author":[{"embeddable":true,"href":"https:\/\/www.24baires.com\/index.php?rest_route=\/wp\/v2\/users\/8"}],"replies":[{"embeddable":true,"href":"https:\/\/www.24baires.com\/index.php?rest_route=%2Fwp%2Fv2%2Fcomments&post=122929"}],"version-history":[{"count":1,"href":"https:\/\/www.24baires.com\/index.php?rest_route=\/wp\/v2\/posts\/122929\/revisions"}],"predecessor-version":[{"id":122931,"href":"https:\/\/www.24baires.com\/index.php?rest_route=\/wp\/v2\/posts\/122929\/revisions\/122931"}],"wp:attachment":[{"href":"https:\/\/www.24baires.com\/index.php?rest_route=%2Fwp%2Fv2%2Fmedia&parent=122929"}],"wp:term":[{"taxonomy":"category","embeddable":true,"href":"https:\/\/www.24baires.com\/index.php?rest_route=%2Fwp%2Fv2%2Fcategories&post=122929"},{"taxonomy":"post_tag","embeddable":true,"href":"https:\/\/www.24baires.com\/index.php?rest_route=%2Fwp%2Fv2%2Ftags&post=122929"}],"curies":[{"name":"wp","href":"https:\/\/api.w.org\/{rel}","templated":true}]}}