{"id":122927,"date":"2026-03-04T19:35:15","date_gmt":"2026-03-04T22:35:15","guid":{"rendered":"https:\/\/www.24baires.com\/?p=122927"},"modified":"2026-03-04T19:35:15","modified_gmt":"2026-03-04T22:35:15","slug":"los-estatales-aceptaron-la-suba-del-9-que-ofrecio-el-gobierno-bonaerense","status":"publish","type":"post","link":"https:\/\/www.24baires.com\/?p=122927","title":{"rendered":"Los estatales aceptaron la suba del 9% que ofreci\u00f3 el gobierno bonaerense"},"content":{"rendered":"<p><img data-recalc-dims=\"1\" loading=\"lazy\" decoding=\"async\" class=\"aligncenter wp-image-121095\" src=\"https:\/\/i0.wp.com\/www.24baires.com\/wp-content\/uploads\/2024\/03\/paritarias-estatales.webp?resize=720%2C403\" alt=\"\" width=\"720\" height=\"403\" srcset=\"https:\/\/i0.wp.com\/www.24baires.com\/wp-content\/uploads\/2024\/03\/paritarias-estatales.webp?w=887&amp;ssl=1 887w, https:\/\/i0.wp.com\/www.24baires.com\/wp-content\/uploads\/2024\/03\/paritarias-estatales.webp?resize=300%2C168&amp;ssl=1 300w, https:\/\/i0.wp.com\/www.24baires.com\/wp-content\/uploads\/2024\/03\/paritarias-estatales.webp?resize=768%2C430&amp;ssl=1 768w\" sizes=\"auto, (max-width: 720px) 100vw, 720px\" \/>La propuesta del Gobierno bonaerense incluy\u00f3 incrementos en tres tramos hasta abril, una bonificaci\u00f3n de $20.000, monitoreo en mayo y reapertura en junio. UPCN inform\u00f3 adem\u00e1s recategorizaciones y titularizaciones.<!--more--><\/p>\n<p>Los trabajadores estatales de la Provincia comprendidos en la Ley 10.430 aceptaron la propuesta salarial presentada por la gesti\u00f3n de Axel Kicillof, que establece un aumento del 9% hasta abril; as\u00ed como lo hicieron los docentes en la ma\u00f1ana de este mi\u00e9rcoles.<\/p>\n<p>El esquema contempla el 1,5% ya liquidado, un 5% correspondiente a marzo \u2014a cobrarse en el cuarto mes del a\u00f1o\u2014 y un 2,5% que se percibir\u00e1 en mayo, todos calculados sobre la base salarial de enero.<\/p>\n<p>Seg\u00fan inform\u00f3 Uni\u00f3n del Personal Civil de la Naci\u00f3n (UPCN) Buenos Aires, el acuerdo incluye un monitoreo ese mes y la reapertura de la paritaria en junio.<\/p>\n<p>Pero adem\u00e1s, la administraci\u00f3n provincial y los sindicatos lograron ponerse de acuerdo en un tema muy sensible para los trabajadores. Es que habr\u00e1 \u201crecategorizaci\u00f3n a partir del 1 de Julio de 1 categor\u00eda por agente\u201d, remarc\u00f3 el gremio que conduce Fabiola Mosquera. En ese sentido, precisaron que \u00aben el caso de los agentes que ya estuvieran al tope del escalaf\u00f3n pasar\u00e1n a percibir la bonificaci\u00f3n por tope de agrupamiento\u201d.<\/p>\n","protected":false},"excerpt":{"rendered":"<p>La propuesta del Gobierno bonaerense incluy\u00f3 incrementos en tres tramos hasta abril, una bonificaci\u00f3n de $20.000, monitoreo en mayo y reapertura en junio. UPCN inform\u00f3 adem\u00e1s recategorizaciones y titularizaciones.<\/p>\n","protected":false},"author":8,"featured_media":0,"comment_status":"closed","ping_status":"closed","sticky":false,"template":"","format":"standard","meta":{"_jetpack_newsletter_access":"","_jetpack_dont_email_post_to_subs":false,"_jetpack_newsletter_tier_id":0,"_jetpack_memberships_contains_paywalled_content":false,"_jetpack_memberships_contains_paid_content":false,"footnotes":""},"categories":[40],"tags":[],"class_list":["post-122927","post","type-post","status-publish","format-standard","hentry","category-provincia"],"jetpack_featured_media_url":"","jetpack_shortlink":"https:\/\/wp.me\/p2JWE0-vYH","jetpack-related-posts":[{"id":122459,"url":"https:\/\/www.24baires.com\/?p=122459","url_meta":{"origin":122927,"position":0},"title":"Los gremios estatales aceptaron la oferta salarial de la Provincia","author":"GB","date":"13\/08\/2025","format":false,"excerpt":"ATE y UPCN mostraron conformidad con el aumento del 5% en dos tramos realizado por la gesti\u00f3n de Axel Kicillof. Los gremios estatales bonaerenses nucleados en la Ley 10.430 aceptaron el aumento escalonado de 5% ofertado este martes por la Provincia en el marco de las paritarias. Se trata de\u2026","rel":"","context":"En \u00abProvincia\u00bb","block_context":{"text":"Provincia","link":"https:\/\/www.24baires.com\/?cat=40"},"img":{"alt_text":"","src":"https:\/\/i0.wp.com\/www.24baires.com\/wp-content\/uploads\/2023\/10\/paritariasjpg.webp?resize=350%2C200","width":350,"height":200,"srcset":"https:\/\/i0.wp.com\/www.24baires.com\/wp-content\/uploads\/2023\/10\/paritariasjpg.webp?resize=350%2C200 1x, https:\/\/i0.wp.com\/www.24baires.com\/wp-content\/uploads\/2023\/10\/paritariasjpg.webp?resize=525%2C300 1.5x, https:\/\/i0.wp.com\/www.24baires.com\/wp-content\/uploads\/2023\/10\/paritariasjpg.webp?resize=700%2C400 2x"},"classes":[]},{"id":120970,"url":"https:\/\/www.24baires.com\/?p=120970","url_meta":{"origin":122927,"position":1},"title":"Provincia acord\u00f3 con los gremios estatales y docentes un 20% de aumento","author":"GB","date":"16\/02\/2024","format":false,"excerpt":"Los gremios estatales y docentes de la provincia de Buenos Aires aceptaron este jueves la oferta de aumento salarial del 20% en el marco de la apertura de las paritarias 2024. En el caso de los docentes, en el aumento no se contempla las sumas del Fondo Nacional de Incentivo\u2026","rel":"","context":"En \u00abProvincia\u00bb","block_context":{"text":"Provincia","link":"https:\/\/www.24baires.com\/?cat=40"},"img":{"alt_text":"","src":"https:\/\/i0.wp.com\/www.24baires.com\/wp-content\/uploads\/2023\/10\/paritariasjpg.webp?resize=350%2C200","width":350,"height":200,"srcset":"https:\/\/i0.wp.com\/www.24baires.com\/wp-content\/uploads\/2023\/10\/paritariasjpg.webp?resize=350%2C200 1x, https:\/\/i0.wp.com\/www.24baires.com\/wp-content\/uploads\/2023\/10\/paritariasjpg.webp?resize=525%2C300 1.5x, https:\/\/i0.wp.com\/www.24baires.com\/wp-content\/uploads\/2023\/10\/paritariasjpg.webp?resize=700%2C400 2x"},"classes":[]},{"id":102277,"url":"https:\/\/www.24baires.com\/?p=102277","url_meta":{"origin":122927,"position":2},"title":"Tras la crecida del d\u00f3lar, los estatales ya piensan en la revisi\u00f3n","author":"GB","date":"22\/05\/2018","format":false,"excerpt":"La crecida del d\u00f3lar de las \u00faltimas semanas y la inflaci\u00f3n que contin\u00faa en alza pone en jaque el acuerdo paritario que logr\u00f3 en abril el Gobierno de Mar\u00eda Eugenia Vidal con los trabajadores estales bonaerenses. Tal es as\u00ed que desde el sector gremial ya piensan en alternativas para emparejar\u2026","rel":"","context":"En \u00abProvincia\u00bb","block_context":{"text":"Provincia","link":"https:\/\/www.24baires.com\/?cat=40"},"img":{"alt_text":"","src":"https:\/\/i0.wp.com\/www.24baires.com\/wp-content\/uploads\/2013\/03\/estatales_udocba_marcha.jpg?resize=350%2C200","width":350,"height":200,"srcset":"https:\/\/i0.wp.com\/www.24baires.com\/wp-content\/uploads\/2013\/03\/estatales_udocba_marcha.jpg?resize=350%2C200 1x, https:\/\/i0.wp.com\/www.24baires.com\/wp-content\/uploads\/2013\/03\/estatales_udocba_marcha.jpg?resize=525%2C300 1.5x"},"classes":[]},{"id":120056,"url":"https:\/\/www.24baires.com\/?p=120056","url_meta":{"origin":122927,"position":3},"title":"Provincia arranca la semana con reuniones paritarias","author":"GB","date":"02\/05\/2023","format":false,"excerpt":"Tras el pedido de los gremios, el gobierno de Axel Kicillof acept\u00f3 adelantar la negociaci\u00f3n para volver a discutir salarios. Los docentes y los gremios estatales bonaerenses volver\u00e1n a sentarse con las autoridades provinciales para discutir los aumentos salariales. El gobierno de Axel Kicillof acept\u00f3 el pedido de los sindicatos\u2026","rel":"","context":"En \u00abProvincia\u00bb","block_context":{"text":"Provincia","link":"https:\/\/www.24baires.com\/?cat=40"},"img":{"alt_text":"","src":"https:\/\/i0.wp.com\/www.24baires.com\/wp-content\/uploads\/2023\/02\/paritariasjpg.jpg?resize=350%2C200","width":350,"height":200,"srcset":"https:\/\/i0.wp.com\/www.24baires.com\/wp-content\/uploads\/2023\/02\/paritariasjpg.jpg?resize=350%2C200 1x, https:\/\/i0.wp.com\/www.24baires.com\/wp-content\/uploads\/2023\/02\/paritariasjpg.jpg?resize=525%2C300 1.5x, https:\/\/i0.wp.com\/www.24baires.com\/wp-content\/uploads\/2023\/02\/paritariasjpg.jpg?resize=700%2C400 2x"},"classes":[]},{"id":119218,"url":"https:\/\/www.24baires.com\/?p=119218","url_meta":{"origin":122927,"position":4},"title":"Provincia convoc\u00f3 a rediscutir paritarias","author":"GB","date":"16\/08\/2022","format":false,"excerpt":"Luego de tener sobre la mesa los datos de la inflaci\u00f3n de julio, el Gobierno de la Provincia convoc\u00f3 a los gremios para el monitoreo de paritarias. La de hoy ser\u00e1 una jornada clave para las y los trabajadores estatales bonaerenses ya que luego de la presi\u00f3n de los gremios\u2026","rel":"","context":"En \u00abProvincia\u00bb","block_context":{"text":"Provincia","link":"https:\/\/www.24baires.com\/?cat=40"},"img":{"alt_text":"","src":"https:\/\/i0.wp.com\/www.24baires.com\/wp-content\/uploads\/2022\/08\/estatales-paritariasjpeg.jpeg?resize=350%2C200","width":350,"height":200,"srcset":"https:\/\/i0.wp.com\/www.24baires.com\/wp-content\/uploads\/2022\/08\/estatales-paritariasjpeg.jpeg?resize=350%2C200 1x, https:\/\/i0.wp.com\/www.24baires.com\/wp-content\/uploads\/2022\/08\/estatales-paritariasjpeg.jpeg?resize=525%2C300 1.5x, https:\/\/i0.wp.com\/www.24baires.com\/wp-content\/uploads\/2022\/08\/estatales-paritariasjpeg.jpeg?resize=700%2C400 2x"},"classes":[]},{"id":119997,"url":"https:\/\/www.24baires.com\/?p=119997","url_meta":{"origin":122927,"position":5},"title":"Paritaria: un gremio le reclama a Kicillof volver a discutir los sueldos","author":"GB","date":"13\/04\/2023","format":false,"excerpt":"Frente a la inflaci\u00f3n, un gremio de estatales le envi\u00f3 una carta al gobierno bonaerense para activar la cl\u00e1usula de revisi\u00f3n y monitoreo de la paritaria. En el marco del alza inflacionaria que no da descanso a los bolsillos, desde la Federaci\u00f3n de Gremios Estatales y Particulares de la provincia\u2026","rel":"","context":"En \u00abProvincia\u00bb","block_context":{"text":"Provincia","link":"https:\/\/www.24baires.com\/?cat=40"},"img":{"alt_text":"","src":"https:\/\/i0.wp.com\/www.24baires.com\/wp-content\/uploads\/2023\/04\/paritaria.jpg?resize=350%2C200","width":350,"height":200,"srcset":"https:\/\/i0.wp.com\/www.24baires.com\/wp-content\/uploads\/2023\/04\/paritaria.jpg?resize=350%2C200 1x, https:\/\/i0.wp.com\/www.24baires.com\/wp-content\/uploads\/2023\/04\/paritaria.jpg?resize=525%2C300 1.5x, https:\/\/i0.wp.com\/www.24baires.com\/wp-content\/uploads\/2023\/04\/paritaria.jpg?resize=700%2C400 2x"},"classes":[]}],"jetpack_sharing_enabled":true,"jetpack_likes_enabled":true,"_links":{"self":[{"href":"https:\/\/www.24baires.com\/index.php?rest_route=\/wp\/v2\/posts\/122927","targetHints":{"allow":["GET"]}}],"collection":[{"href":"https:\/\/www.24baires.com\/index.php?rest_route=\/wp\/v2\/posts"}],"about":[{"href":"https:\/\/www.24baires.com\/index.php?rest_route=\/wp\/v2\/types\/post"}],"author":[{"embeddable":true,"href":"https:\/\/www.24baires.com\/index.php?rest_route=\/wp\/v2\/users\/8"}],"replies":[{"embeddable":true,"href":"https:\/\/www.24baires.com\/index.php?rest_route=%2Fwp%2Fv2%2Fcomments&post=122927"}],"version-history":[{"count":1,"href":"https:\/\/www.24baires.com\/index.php?rest_route=\/wp\/v2\/posts\/122927\/revisions"}],"predecessor-version":[{"id":122928,"href":"https:\/\/www.24baires.com\/index.php?rest_route=\/wp\/v2\/posts\/122927\/revisions\/122928"}],"wp:attachment":[{"href":"https:\/\/www.24baires.com\/index.php?rest_route=%2Fwp%2Fv2%2Fmedia&parent=122927"}],"wp:term":[{"taxonomy":"category","embeddable":true,"href":"https:\/\/www.24baires.com\/index.php?rest_route=%2Fwp%2Fv2%2Fcategories&post=122927"},{"taxonomy":"post_tag","embeddable":true,"href":"https:\/\/www.24baires.com\/index.php?rest_route=%2Fwp%2Fv2%2Ftags&post=122927"}],"curies":[{"name":"wp","href":"https:\/\/api.w.org\/{rel}","templated":true}]}}