{"id":122784,"date":"2026-01-02T10:59:13","date_gmt":"2026-01-02T13:59:13","guid":{"rendered":"https:\/\/www.24baires.com\/?p=122784"},"modified":"2026-01-02T10:59:13","modified_gmt":"2026-01-02T13:59:13","slug":"kicillof-arranca-el-ano-con-cambios-de-gabinete","status":"publish","type":"post","link":"https:\/\/www.24baires.com\/?p=122784","title":{"rendered":"Kicillof arranca el a\u00f1o con cambios de gabinete"},"content":{"rendered":"<p><img data-recalc-dims=\"1\" loading=\"lazy\" decoding=\"async\" class=\"aligncenter wp-image-122785\" src=\"https:\/\/i0.wp.com\/www.24baires.com\/wp-content\/uploads\/2026\/01\/gabinete-kici.jpg?resize=720%2C540\" alt=\"\" width=\"720\" height=\"540\" srcset=\"https:\/\/i0.wp.com\/www.24baires.com\/wp-content\/uploads\/2026\/01\/gabinete-kici.jpg?w=1080&amp;ssl=1 1080w, https:\/\/i0.wp.com\/www.24baires.com\/wp-content\/uploads\/2026\/01\/gabinete-kici.jpg?resize=300%2C225&amp;ssl=1 300w, https:\/\/i0.wp.com\/www.24baires.com\/wp-content\/uploads\/2026\/01\/gabinete-kici.jpg?resize=1024%2C768&amp;ssl=1 1024w, https:\/\/i0.wp.com\/www.24baires.com\/wp-content\/uploads\/2026\/01\/gabinete-kici.jpg?resize=768%2C576&amp;ssl=1 768w\" sizes=\"auto, (max-width: 720px) 100vw, 720px\" \/>El gobernador bonaerense, Axel Kicillof, firm\u00f3 los decretos necesarios para oficializar cambios en su gabinete. Qui\u00e9n entra y qui\u00e9n sale.<!--more--><\/p>\n<p>El gobierno de la provincia de Buenos Aires empieza el a\u00f1o con algunos cambios en el gabinete de Axel Kicillof. Se trata de una renuncia y una designaci\u00f3n que, en realidad, ya se ven\u00edan venir porque son derivados de otras modificaciones. Afecta a Educaci\u00f3n y Transporte.<\/p>\n<p>En primer lugar, con el Decreto 3149\/25, el gobernador Kicillof le acept\u00f3 la renuncia a Mar\u00eda Valeria Arata en el cargo de Subsecretaria de Articulaci\u00f3n Interjurisdiccional del Transporte. La ya exfuncionaria formaba parte del Ministerio de Transporte bonaerense desde agosto de 2024, pero en 2025 result\u00f3 electa senadora provincial por la Cuarta Secci\u00f3n Electoral.<\/p>\n<p>La dirigente oriunda de Jun\u00edn, que pertenece al Frente Renovador, present\u00f3 su dimisi\u00f3n el 8 de diciembre, el mismo d\u00eda que asumi\u00f3 como legisladora. En su reemplazo fue designada Marcela Passo, otra dirigente de las filas massistas que ya tiene experiencia en el \u00e1rea porque, entre otras cosas, fue Secretaria de Articulaci\u00f3n Interjurisdiccional del Ministerio de Transporte de la Naci\u00f3n.<\/p>\n<p>Por otro lado, con el Decreto 3160\/25, Kicillof design\u00f3 a Claudia Bracchi como subsecretaria de Educaci\u00f3n. El cargo estaba vacante desde el 1\u00b0 de diciembre cuando Pablo Urquiza present\u00f3 su renuncia motivado por la salida de Alberto Sileoni de la Direcci\u00f3n General de Cultura y Educaci\u00f3n (DGCyE).<\/p>\n<p>Hasta ahora Bracchi trabajaba en la Subsecretar\u00eda de Planeamiento de la DGCyE y tiene una larga trayectoria en el \u00e1rea. Tal es as\u00ed que la docente e investigadora ya hab\u00eda sido subsecretaria de Educaci\u00f3n entre 2019 y 2023, es decir, desde el inicio de la gesti\u00f3n Kicillof.<\/p>\n","protected":false},"excerpt":{"rendered":"<p>El gobernador bonaerense, Axel Kicillof, firm\u00f3 los decretos necesarios para oficializar cambios en su gabinete. Qui\u00e9n entra y qui\u00e9n sale.<\/p>\n","protected":false},"author":8,"featured_media":0,"comment_status":"closed","ping_status":"closed","sticky":false,"template":"","format":"standard","meta":{"_jetpack_newsletter_access":"","_jetpack_dont_email_post_to_subs":false,"_jetpack_newsletter_tier_id":0,"_jetpack_memberships_contains_paywalled_content":false,"_jetpack_memberships_contains_paid_content":false,"footnotes":""},"categories":[40],"tags":[],"class_list":["post-122784","post","type-post","status-publish","format-standard","hentry","category-provincia"],"jetpack_featured_media_url":"","jetpack_shortlink":"https:\/\/wp.me\/p2JWE0-vWo","jetpack-related-posts":[{"id":118304,"url":"https:\/\/www.24baires.com\/?p=118304","url_meta":{"origin":122784,"position":0},"title":"Kicillof crea dos ministerios y tiene nuevas ministras","author":"GB","date":"07\/12\/2021","format":false,"excerpt":"Florencia Saintout y Daniela Vilar ser\u00e1n las ministras de cultura y de ambiente, respectivamente, de los nuevos ministerios de Axel Kicillof. A poco m\u00e1s de tres semanas y seis d\u00edas para que termine el a\u00f1o en curso, el gobernador de la Provincia de Buenos Aires, Axel Kicillof, reconocerle m\u00e1s grado\u2026","rel":"","context":"En \u00abProvincia\u00bb","block_context":{"text":"Provincia","link":"https:\/\/www.24baires.com\/?cat=40"},"img":{"alt_text":"","src":"https:\/\/i0.wp.com\/www.24baires.com\/wp-content\/uploads\/2021\/12\/axel-kicillof-1jpg-300x200.jpg?resize=350%2C200","width":350,"height":200},"classes":[]},{"id":114684,"url":"https:\/\/www.24baires.com\/?p=114684","url_meta":{"origin":122784,"position":1},"title":"Provincia eval\u00faa \u00abalgunas modificaciones\u00bb para la cuarentena en los 58 municipios sin coronavirus","author":"AF","date":"13\/04\/2020","format":false,"excerpt":"As\u00ed lo inform\u00f3 el Jefe de Gabinete, Carlos Bianco. \"La idea no es flexibilizar la cuarentena sino mantener un aislamiento s\u00f3lido\", asegur\u00f3. El jefe de los ministros de Axel Kicillof, Carlos Bianco, adelant\u00f3 podr\u00edan haber cambios en la cuarentena en determinados distritos de la provincia de Buenos Aires, particularmente en\u2026","rel":"","context":"En \u00abProvincia\u00bb","block_context":{"text":"Provincia","link":"https:\/\/www.24baires.com\/?cat=40"},"img":{"alt_text":"","src":"https:\/\/i0.wp.com\/www.24baires.com\/wp-content\/uploads\/2020\/04\/bianco-kicillof.jpg?resize=350%2C200","width":350,"height":200,"srcset":"https:\/\/i0.wp.com\/www.24baires.com\/wp-content\/uploads\/2020\/04\/bianco-kicillof.jpg?resize=350%2C200 1x, https:\/\/i0.wp.com\/www.24baires.com\/wp-content\/uploads\/2020\/04\/bianco-kicillof.jpg?resize=525%2C300 1.5x"},"classes":[]},{"id":112846,"url":"https:\/\/www.24baires.com\/?p=112846","url_meta":{"origin":122784,"position":2},"title":"Salvai y Bianco se reunir\u00e1n para avanzar en la agenda de cambio de Gobierno","author":"AF","date":"04\/11\/2019","format":false,"excerpt":"El Jefe de Gabinete bonaerense se encontrar\u00e1 ma\u00f1ana con Bianco, uno de los hombres de confianza de Kicillof para avanzar en la sucesi\u00f3n. El jefe de Gabinete de la Provincia de Buenos Aires, Federico Salvai se encontrar\u00e1 este martes con Carlos Bianco, uno de los hombres m\u00e1s cercanos del gobernador\u2026","rel":"","context":"En \u00abProvincia\u00bb","block_context":{"text":"Provincia","link":"https:\/\/www.24baires.com\/?cat=40"},"img":{"alt_text":"","src":"https:\/\/i0.wp.com\/www.24baires.com\/wp-content\/uploads\/2019\/11\/salvai-bianco.jpg?resize=350%2C200","width":350,"height":200,"srcset":"https:\/\/i0.wp.com\/www.24baires.com\/wp-content\/uploads\/2019\/11\/salvai-bianco.jpg?resize=350%2C200 1x, https:\/\/i0.wp.com\/www.24baires.com\/wp-content\/uploads\/2019\/11\/salvai-bianco.jpg?resize=525%2C300 1.5x"},"classes":[]},{"id":115634,"url":"https:\/\/www.24baires.com\/?p=115634","url_meta":{"origin":122784,"position":3},"title":"Kicillof analiz\u00f3 la situaci\u00f3n sanitaria con intendentes del AMBA","author":"GB","date":"15\/07\/2020","format":false,"excerpt":"Durante el encuentro virtual el mandatario asegur\u00f3 que hubo una reducci\u00f3n importante de la movilidad entre los distritos del \u00e1rea metropolitana y se mostr\u00f3 confiado en achatar la curva de la enfermedad. El gobernador de la provincia de Buenos Aires, Axel Kicillof, mantuvo este martes un encuentro mediante videoconferencia con\u2026","rel":"","context":"En \u00abProvincia\u00bb","block_context":{"text":"Provincia","link":"https:\/\/www.24baires.com\/?cat=40"},"img":{"alt_text":"","src":"https:\/\/i0.wp.com\/www.24baires.com\/wp-content\/uploads\/2020\/07\/kici-intendentes.jpg?resize=350%2C200","width":350,"height":200,"srcset":"https:\/\/i0.wp.com\/www.24baires.com\/wp-content\/uploads\/2020\/07\/kici-intendentes.jpg?resize=350%2C200 1x, https:\/\/i0.wp.com\/www.24baires.com\/wp-content\/uploads\/2020\/07\/kici-intendentes.jpg?resize=525%2C300 1.5x"},"classes":[]},{"id":120714,"url":"https:\/\/www.24baires.com\/?p=120714","url_meta":{"origin":122784,"position":4},"title":"Kicillof dar\u00e1 a conocer su nuevo gabinete la semana pr\u00f3xima","author":"GB","date":"01\/12\/2023","format":false,"excerpt":"Mientras las miradas contin\u00faan puestas sobre el Presidente electo Javier Milei y sus posibles funcionarios, el Gobernador bonaerense se prepara para anunciar su nuevo Gabinete entre el lunes y martes de la semana que viene. En la Provincia, Axel Kicillof a\u00fan no dio ning\u00fan nombre con respecto a sus pr\u00f3ximos\u2026","rel":"","context":"En \u00abProvincia\u00bb","block_context":{"text":"Provincia","link":"https:\/\/www.24baires.com\/?cat=40"},"img":{"alt_text":"","src":"https:\/\/i0.wp.com\/www.24baires.com\/wp-content\/uploads\/2023\/09\/kicillof.webp?resize=350%2C200","width":350,"height":200,"srcset":"https:\/\/i0.wp.com\/www.24baires.com\/wp-content\/uploads\/2023\/09\/kicillof.webp?resize=350%2C200 1x, https:\/\/i0.wp.com\/www.24baires.com\/wp-content\/uploads\/2023\/09\/kicillof.webp?resize=525%2C300 1.5x, https:\/\/i0.wp.com\/www.24baires.com\/wp-content\/uploads\/2023\/09\/kicillof.webp?resize=700%2C400 2x"},"classes":[]},{"id":113556,"url":"https:\/\/www.24baires.com\/?p=113556","url_meta":{"origin":122784,"position":5},"title":"Kicillof convoc\u00f3 a los sindicatos docentes para enero","author":"AF","date":"23\/12\/2019","format":false,"excerpt":"Lo confirm\u00f3 el jefe de Gabinete bonaerense, luego de que el FUDB pidiera una reuni\u00f3n. Luego de que los sindicatos nucleados en el Frente de Unidad Docente bonaerense plantearan la necesidad de reunirse a la brevedad con el gobernador bonaerense Axel Kicillof, su jefe de gabinete Carlos Bianco confirm\u00f3 que\u2026","rel":"","context":"En \u00abSociedad\u00bb","block_context":{"text":"Sociedad","link":"https:\/\/www.24baires.com\/?cat=1"},"img":{"alt_text":"","src":"https:\/\/i0.wp.com\/www.24baires.com\/wp-content\/uploads\/2019\/11\/kicillof.jpg?resize=350%2C200","width":350,"height":200,"srcset":"https:\/\/i0.wp.com\/www.24baires.com\/wp-content\/uploads\/2019\/11\/kicillof.jpg?resize=350%2C200 1x, https:\/\/i0.wp.com\/www.24baires.com\/wp-content\/uploads\/2019\/11\/kicillof.jpg?resize=525%2C300 1.5x"},"classes":[]}],"jetpack_sharing_enabled":true,"jetpack_likes_enabled":true,"_links":{"self":[{"href":"https:\/\/www.24baires.com\/index.php?rest_route=\/wp\/v2\/posts\/122784","targetHints":{"allow":["GET"]}}],"collection":[{"href":"https:\/\/www.24baires.com\/index.php?rest_route=\/wp\/v2\/posts"}],"about":[{"href":"https:\/\/www.24baires.com\/index.php?rest_route=\/wp\/v2\/types\/post"}],"author":[{"embeddable":true,"href":"https:\/\/www.24baires.com\/index.php?rest_route=\/wp\/v2\/users\/8"}],"replies":[{"embeddable":true,"href":"https:\/\/www.24baires.com\/index.php?rest_route=%2Fwp%2Fv2%2Fcomments&post=122784"}],"version-history":[{"count":1,"href":"https:\/\/www.24baires.com\/index.php?rest_route=\/wp\/v2\/posts\/122784\/revisions"}],"predecessor-version":[{"id":122786,"href":"https:\/\/www.24baires.com\/index.php?rest_route=\/wp\/v2\/posts\/122784\/revisions\/122786"}],"wp:attachment":[{"href":"https:\/\/www.24baires.com\/index.php?rest_route=%2Fwp%2Fv2%2Fmedia&parent=122784"}],"wp:term":[{"taxonomy":"category","embeddable":true,"href":"https:\/\/www.24baires.com\/index.php?rest_route=%2Fwp%2Fv2%2Fcategories&post=122784"},{"taxonomy":"post_tag","embeddable":true,"href":"https:\/\/www.24baires.com\/index.php?rest_route=%2Fwp%2Fv2%2Ftags&post=122784"}],"curies":[{"name":"wp","href":"https:\/\/api.w.org\/{rel}","templated":true}]}}