{"id":122778,"date":"2025-12-29T10:04:43","date_gmt":"2025-12-29T13:04:43","guid":{"rendered":"https:\/\/www.24baires.com\/?p=122778"},"modified":"2025-12-29T10:04:43","modified_gmt":"2025-12-29T13:04:43","slug":"provincia-le-transfirio-fondos-a-su-empresa-de-gas-y-busca-llevar-el-servicio-a-pueblos-del-interior","status":"publish","type":"post","link":"https:\/\/www.24baires.com\/?p=122778","title":{"rendered":"Provincia le transfiri\u00f3 fondos a su empresa de gas y busca llevar el servicio a pueblos del interior"},"content":{"rendered":"<p><img data-recalc-dims=\"1\" loading=\"lazy\" decoding=\"async\" class=\"aligncenter wp-image-122779\" src=\"https:\/\/i0.wp.com\/www.24baires.com\/wp-content\/uploads\/2025\/12\/gas-pba.jpg?resize=720%2C480\" alt=\"\" width=\"720\" height=\"480\" srcset=\"https:\/\/i0.wp.com\/www.24baires.com\/wp-content\/uploads\/2025\/12\/gas-pba.jpg?w=1536&amp;ssl=1 1536w, https:\/\/i0.wp.com\/www.24baires.com\/wp-content\/uploads\/2025\/12\/gas-pba.jpg?resize=300%2C200&amp;ssl=1 300w, https:\/\/i0.wp.com\/www.24baires.com\/wp-content\/uploads\/2025\/12\/gas-pba.jpg?resize=1024%2C683&amp;ssl=1 1024w, https:\/\/i0.wp.com\/www.24baires.com\/wp-content\/uploads\/2025\/12\/gas-pba.jpg?resize=768%2C512&amp;ssl=1 768w\" sizes=\"auto, (max-width: 720px) 100vw, 720px\" \/>El gobierno bonaerense autoriz\u00f3 una transferencia de fondos en favor de Buenos Aires Gas para que pueda cumplir con su plan de obras.<!--more--><\/p>\n<p>A trav\u00e9s del Decreto 3074\/25, el gobernador de la provincia de Buenos Aires, Axel Kicillof, aprob\u00f3 una transferencia de fondos para Buenos Aires Gas S.A. (BAGSA). La empresa p\u00fablica encargada de distribuir gas natural los necesitaba para cumplir con su plan de obras aprobado en octubre de este a\u00f1o. Los proyectos que se vienen.<\/p>\n<p>Seg\u00fan la norma publicada en el Bolet\u00edn Oficial de este lunes, la Provincia autoriz\u00f3 una transferencia de fondos por hasta 10.213 millones de pesos para BAGSA. El decreto tambi\u00e9n establece que la Direcci\u00f3n Provincial de Energ\u00eda va a supervisar y a seguir de cerca \u201cla adecuada aplicaci\u00f3n del Fondo Especial para obras de gas\u201d.<\/p>\n<p>Estos recursos hab\u00edan sido solicitados por las autoridades de la empresa en una nota dirigida al subsecretario de Energ\u00eda bonaerense fechada en octubre. En la solicitud se mencionan los $10.213 millones y prev\u00e9 las primeras erogaciones para diciembre. Con el decreto de hoy, el gobierno de Kicillof cumple con las expectativas de BAGSA.<\/p>\n<p>La empresa tiene 5 obras en carpeta (algunas empezadas y otras en etapas iniciales). Los proyectos buscan \u201campliar la cobertura, mejorar la confiabilidad del sistema y favorecer la conversi\u00f3n de localidades abastecidas con GLP a gas natural\u201d, se indica en la nota que solicita los fondos.<\/p>\n<p>Se trata de trabajos de gran envergadura con plazos de ejecuci\u00f3n mayores a un a\u00f1o por lo que se van a hacer con fondos del presupuesto 2025 y tambi\u00e9n con asignaciones previstas en el presupuesto 2026. Por ejemplo, el gasoducto Moquehu\u00e1-Pedernales-Norberto de la Riestra va a empezar a construirse en enero y va a demorar 24 meses. La idea es que todos los hogares de las localidades mencionadas (pertenecientes a 25 de Mayo) tengan accedan a gas natural de red.<\/p>\n","protected":false},"excerpt":{"rendered":"<p>El gobierno bonaerense autoriz\u00f3 una transferencia de fondos en favor de Buenos Aires Gas para que pueda cumplir con su plan de obras.<\/p>\n","protected":false},"author":8,"featured_media":0,"comment_status":"closed","ping_status":"closed","sticky":false,"template":"","format":"standard","meta":{"_jetpack_newsletter_access":"","_jetpack_dont_email_post_to_subs":false,"_jetpack_newsletter_tier_id":0,"_jetpack_memberships_contains_paywalled_content":false,"_jetpack_memberships_contains_paid_content":false,"footnotes":""},"categories":[40],"tags":[],"class_list":["post-122778","post","type-post","status-publish","format-standard","hentry","category-provincia"],"jetpack_featured_media_url":"","jetpack_shortlink":"https:\/\/wp.me\/p2JWE0-vWi","jetpack-related-posts":[{"id":61642,"url":"https:\/\/www.24baires.com\/?p=61642","url_meta":{"origin":122778,"position":0},"title":"Avanzan obras de gas en la costa bonaerense","author":"AF","date":"12\/02\/2015","format":false,"excerpt":"El Gobierno de la provincia de Buenos Aires avanza con obras para brindar el servicio de gas natural a las localidades de Mar de las Pampas, Mar Azul y Las Gaviotas, en el partido de Villa Gesell. All\u00ed, la empresa estatal Bagsa construye un gasoducto sobre la Ruta 11, y\u2026","rel":"","context":"En \u00abLocales\u00bb","block_context":{"text":"Locales","link":"https:\/\/www.24baires.com\/?cat=38"},"img":{"alt_text":"","src":"","width":0,"height":0},"classes":[]},{"id":29119,"url":"https:\/\/www.24baires.com\/?p=29119","url_meta":{"origin":122778,"position":1},"title":"Ya est\u00e1 a punto de concluir la obra de gas en el Hospital de Salazar","author":"AF","date":"29\/07\/2013","format":false,"excerpt":"DAIREAUX - Para que se ponga en funcionamiento el gas en el nosocomio, solo falta la aprobaci\u00f3n de BAGSA (Buenos Aires Gas Sociedad An\u00f3nima) por el consumo de calor\u00edas, ya que se trata de una instalaci\u00f3n que supera los valores est\u00e1ndares. El intendente municipal y colaboradores recorrieron otras obras que\u2026","rel":"","context":"En \u00abLocales\u00bb","block_context":{"text":"Locales","link":"https:\/\/www.24baires.com\/?cat=38"},"img":{"alt_text":"","src":"","width":0,"height":0},"classes":[]},{"id":42860,"url":"https:\/\/www.24baires.com\/?p=42860","url_meta":{"origin":122778,"position":2},"title":"Comienzan las obras de gas \u00abCasey-Laguna Alsina\u00bb en Guamin\u00ed","author":"Grupo Sierra","date":"27\/03\/2014","format":false,"excerpt":"El Secretario de Servicios P\u00fablicos firm\u00f3 el acta de inicio de la obra del gasoducto Casey-Laguna Alsina-Guamin\u00ed. Permitir\u00e1 mejorar sustancialmente la calidad del servicio en esa regi\u00f3n de la Provincia a partir de la transformaci\u00f3n de la red de propano a gas natural. Durante el acto de lanzamiento de la\u2026","rel":"","context":"En \u00abLocales\u00bb","block_context":{"text":"Locales","link":"https:\/\/www.24baires.com\/?cat=38"},"img":{"alt_text":"guamin\u00ed","src":"https:\/\/i0.wp.com\/www.24baires.com\/wp-content\/uploads\/2013\/07\/guamin%C3%AD.jpg?resize=350%2C200","width":350,"height":200,"srcset":"https:\/\/i0.wp.com\/www.24baires.com\/wp-content\/uploads\/2013\/07\/guamin%C3%AD.jpg?resize=350%2C200 1x, https:\/\/i0.wp.com\/www.24baires.com\/wp-content\/uploads\/2013\/07\/guamin%C3%AD.jpg?resize=525%2C300 1.5x"},"classes":[]},{"id":57566,"url":"https:\/\/www.24baires.com\/?p=57566","url_meta":{"origin":122778,"position":3},"title":"Licitaron obras de gas para Brandsen y La Plata","author":"AF","date":"23\/11\/2014","format":false,"excerpt":"El secretario bonaerense de Servicios P\u00fablicos, Franco La Porta, y el presidente de BAGSA, Jos\u00e9 Gonz\u00e1lez, participaron este s\u00e1bado junto al ministro provincial de Infraestructura, Alejandro Arl\u00eda y los intendentes Gast\u00f3n Arias y Pablo Bruera, del acto de apertura de los sobres de licitaci\u00f3n para realizar obras de gas \u2013\u2026","rel":"","context":"En \u00abLocales\u00bb","block_context":{"text":"Locales","link":"https:\/\/www.24baires.com\/?cat=38"},"img":{"alt_text":"","src":"","width":0,"height":0},"classes":[]},{"id":120529,"url":"https:\/\/www.24baires.com\/?p=120529","url_meta":{"origin":122778,"position":4},"title":"Once localidades del interior bonaerense tendr\u00e1n su tarifa de gas subsidiada","author":"GB","date":"03\/10\/2023","format":false,"excerpt":"Las autoridades bonaerenses decidieron ampliar a 11 localidades el sistema compensador de la tarifa de gas. El Ministerio de Infraestructura y Servicios P\u00fablicos de la provincia de Buenos Aires decidi\u00f3 incorporar a una decena de pueblos bonaerenses al Sistema Provincial Compensador de la Tarifa de Gas. Los habitantes de esas\u2026","rel":"","context":"En \u00abProvincia\u00bb","block_context":{"text":"Provincia","link":"https:\/\/www.24baires.com\/?cat=40"},"img":{"alt_text":"","src":"https:\/\/i0.wp.com\/www.24baires.com\/wp-content\/uploads\/2016\/08\/gas.jpg?resize=350%2C200","width":350,"height":200,"srcset":"https:\/\/i0.wp.com\/www.24baires.com\/wp-content\/uploads\/2016\/08\/gas.jpg?resize=350%2C200 1x, https:\/\/i0.wp.com\/www.24baires.com\/wp-content\/uploads\/2016\/08\/gas.jpg?resize=525%2C300 1.5x, https:\/\/i0.wp.com\/www.24baires.com\/wp-content\/uploads\/2016\/08\/gas.jpg?resize=700%2C400 2x"},"classes":[]},{"id":35707,"url":"https:\/\/www.24baires.com\/?p=35707","url_meta":{"origin":122778,"position":5},"title":"Scioli trabaja en la creaci\u00f3n de una s\u00faper secretar\u00eda de servicios p\u00fablicos","author":"AF","date":"25\/11\/2013","format":false,"excerpt":"El gobernador Daniel Scioli tendr\u00eda decidida una reforma estructural en la provincia de Buenos Aires con un virtual desdoblamiento del ministerio de Infraestructura, hoy en manos de Alejandro Arl\u00eda, que incluye dos grandes \u00e1reas, obras y servicios p\u00fablicos. Seg\u00fan public\u00f3 este domingo el matutino platense \u201cEl D\u00eda\u201d, Scioli habr\u00eda sellado\u2026","rel":"","context":"En \u00abProvincia\u00bb","block_context":{"text":"Provincia","link":"https:\/\/www.24baires.com\/?cat=40"},"img":{"alt_text":"scioli presupuesto","src":"https:\/\/i0.wp.com\/www.24baires.com\/wp-content\/uploads\/2013\/11\/scioli-presupuesto-300x190.jpg?resize=350%2C200","width":350,"height":200},"classes":[]}],"jetpack_sharing_enabled":true,"jetpack_likes_enabled":true,"_links":{"self":[{"href":"https:\/\/www.24baires.com\/index.php?rest_route=\/wp\/v2\/posts\/122778","targetHints":{"allow":["GET"]}}],"collection":[{"href":"https:\/\/www.24baires.com\/index.php?rest_route=\/wp\/v2\/posts"}],"about":[{"href":"https:\/\/www.24baires.com\/index.php?rest_route=\/wp\/v2\/types\/post"}],"author":[{"embeddable":true,"href":"https:\/\/www.24baires.com\/index.php?rest_route=\/wp\/v2\/users\/8"}],"replies":[{"embeddable":true,"href":"https:\/\/www.24baires.com\/index.php?rest_route=%2Fwp%2Fv2%2Fcomments&post=122778"}],"version-history":[{"count":1,"href":"https:\/\/www.24baires.com\/index.php?rest_route=\/wp\/v2\/posts\/122778\/revisions"}],"predecessor-version":[{"id":122780,"href":"https:\/\/www.24baires.com\/index.php?rest_route=\/wp\/v2\/posts\/122778\/revisions\/122780"}],"wp:attachment":[{"href":"https:\/\/www.24baires.com\/index.php?rest_route=%2Fwp%2Fv2%2Fmedia&parent=122778"}],"wp:term":[{"taxonomy":"category","embeddable":true,"href":"https:\/\/www.24baires.com\/index.php?rest_route=%2Fwp%2Fv2%2Fcategories&post=122778"},{"taxonomy":"post_tag","embeddable":true,"href":"https:\/\/www.24baires.com\/index.php?rest_route=%2Fwp%2Fv2%2Ftags&post=122778"}],"curies":[{"name":"wp","href":"https:\/\/api.w.org\/{rel}","templated":true}]}}